{"id":408305,"date":"2025-09-22T00:25:29","date_gmt":"2025-09-22T00:25:29","guid":{"rendered":"https:\/\/www.europesays.com\/fr\/408305\/"},"modified":"2025-09-22T00:25:29","modified_gmt":"2025-09-22T00:25:29","slug":"laver-cup-2025-le-direct-et-les-resultats-leurope-se-relance-sports-infos-ski","status":"publish","type":"post","link":"https:\/\/www.europesays.com\/fr\/408305\/","title":{"rendered":"Laver Cup 2025 &#8211; Le direct et les r\u00e9sultats &#8211; L&rsquo;Europe se relance &#8211; Sports Infos &#8211; Ski"},"content":{"rendered":"<p>Le r\u00e8glement<\/p>\n<p>Le tournoi se d\u00e9roule sur trois jours, avec un syst\u00e8me de points croissants : une victoire vaut 1 point le vendredi, 2 points le samedi et 3 points le dimanche.<\/p>\n<p>La premi\u00e8re \u00e9quipe \u00e0 atteindre 13 points l\u2019emporte.<\/p>\n<p>En cas d\u2019\u00e9galit\u00e9 12-12, un double d\u00e9cisif vient d\u00e9partager les deux formations.<\/p>\n<p>Les \u00e9quipes<\/p>\n<p>&#13;<br \/>\n\t&#13;<\/p>\n<tr>&#13;<br \/>\n\t\t\tTeam Europe \ud83c\udf0d&#13;<br \/>\n\t\t\tTeam World \ud83c\udf0e&#13;<br \/>\n\t\t<\/tr>\n<p>&#13;<br \/>\n\t&#13;<br \/>\n\t&#13;<\/p>\n<tr>&#13;<\/p>\n<td>Carlos Alcaraz \ud83c\uddea\ud83c\uddf8<\/td>\n<p>&#13;<\/p>\n<td>Taylor Fritz \ud83c\uddfa\ud83c\uddf8<\/td>\n<p>&#13;<br \/>\n\t\t<\/tr>\n<p>&#13;<\/p>\n<tr>&#13;<\/p>\n<td>Alexander Zverev \ud83c\udde9\ud83c\uddea<\/td>\n<p>&#13;<\/p>\n<td>Alex de Minaur \ud83c\udde6\ud83c\uddfa<\/td>\n<p>&#13;<br \/>\n\t\t<\/tr>\n<p>&#13;<\/p>\n<tr>&#13;<\/p>\n<td>Holger Rune \ud83c\udde9\ud83c\uddf0<\/td>\n<p>&#13;<\/p>\n<td>Francisco Cerundolo \ud83c\udde6\ud83c\uddf7<\/td>\n<p>&#13;<br \/>\n\t\t<\/tr>\n<p>&#13;<\/p>\n<tr>&#13;<\/p>\n<td>Casper Ruud \ud83c\uddf3\ud83c\uddf4<\/td>\n<p>&#13;<\/p>\n<td>Alex Michelsen \ud83c\uddfa\ud83c\uddf8<\/td>\n<p>&#13;<br \/>\n\t\t<\/tr>\n<p>&#13;<\/p>\n<tr>&#13;<\/p>\n<td>Jakub Mensik \ud83c\udde8\ud83c\uddff<\/td>\n<p>&#13;<\/p>\n<td>Jo\u00e3o Fonseca \ud83c\udde7\ud83c\uddf7<\/td>\n<p>&#13;<br \/>\n\t\t<\/tr>\n<p>&#13;<\/p>\n<tr>&#13;<\/p>\n<td>Flavio Cobolli \ud83c\uddee\ud83c\uddf9<\/td>\n<p>&#13;<\/p>\n<td>Reilly Opelka \ud83c\uddfa\ud83c\uddf8<\/td>\n<p>&#13;<br \/>\n\t\t<\/tr>\n<p>&#13;<\/p>\n<tr>&#13;<\/p>\n<td>Tom\u00e1\u0161 Mach\u00e1\u010d \ud83c\udde8\ud83c\uddff (rempla\u00e7ant)<\/td>\n<p>&#13;<\/p>\n<td>Jenson Brooksby \ud83c\uddfa\ud83c\uddf8 (rempla\u00e7ant)<\/td>\n<p>&#13;<br \/>\n\t\t<\/tr>\n<p>&#13;<\/p>\n<tr>&#13;<\/p>\n<td>Yannick Noah \ud83c\uddeb\ud83c\uddf7 (capitaine)<\/td>\n<p>&#13;<\/p>\n<td>Andre Agassi \ud83c\uddfa\ud83c\uddf8 (capitaine)<\/td>\n<p>&#13;<br \/>\n\t\t<\/tr>\n<p>&#13;<\/p>\n<tr>&#13;<\/p>\n<td>Tim Henman \ud83c\uddec\ud83c\udde7 (vice-capitaine)<\/td>\n<p>&#13;<\/p>\n<td>Pat Rafter \ud83c\udde6\ud83c\uddfa (vice-capitaine)<\/td>\n<p>&#13;<br \/>\n\t\t<\/tr>\n<p>&#13;<br \/>\n\t&#13;<\/p>\n<p>\u00a0<\/p>\n<p>\u00a0<\/p>\n<p><strong>Le score actuel (21\/09 \u00e0 23h)\u00a0: Europe vs Team World : 6\/9<\/strong><\/p>\n<p>\u00a0<\/p>\n<p><strong>Vendredi 19\/09<\/strong><\/p>\n<p><strong>Casper Ruud \ud83c\uddf3\ud83c\uddf4<\/strong> vs Reilly Opelka \ud83c\uddfa\ud83c\uddf8 : 6\/4 7\/6 (4)<\/p>\n<p><strong>Jakub Mensik \ud83c\udde8\ud83c\uddff <\/strong>vs Alex Michelsen \ud83c\uddfa\ud83c\uddf8 : 6\/1 6\/7 (3) 10\/8<\/p>\n<p>Flavio Cobolli \ud83c\uddee\ud83c\uddf9 vs<strong> Joao Fonseca \ud83c\udde7\ud83c\uddf7 :<\/strong> 4\/6 3\/6<\/p>\n<p><strong>Carlos Alcaraz \ud83c\uddea\ud83c\uddf8 \/ Jakub Mensik \ud83c\udde8\ud83c\uddff <\/strong>vs Taylor Fritz \ud83c\uddfa\ud83c\uddf8 \/ Alex Michelsen \ud83c\uddfa\ud83c\uddf8 : 7\/6 (7) 6\/4<\/p>\n<p>\u00a0<\/p>\n<p><strong>Samedi 20\/09<\/strong><\/p>\n<p>Alexander Zverev \ud83c\udde9\ud83c\uddea vs <strong>Alex de Minaur \ud83c\udde6\ud83c\uddfa <\/strong>:\u00a0\u00a01-6, 4-6<\/p>\n<p>Holger Rune \ud83c\udde9\ud83c\uddf0 vs<strong> Francisco Cer\u00fandolo \ud83c\udde6\ud83c\uddf7 <\/strong>: 3\/6 6\/7 (5)<\/p>\n<p>Carlos Alcaraz \ud83c\uddea\ud83c\uddf8 vs <strong>Taylor Fritz \ud83c\uddfa\ud83c\uddf8 :<\/strong>\u00a03\/6 2\/6<\/p>\n<p>Casper Ruud \ud83c\uddf3\ud83c\uddf4 \/ Holger Rune \ud83c\udde9\ud83c\uddf0 vs <strong>Alex de Minaur \ud83c\udde6\ud83c\uddfa \/ Alex Michelsen \ud83c\uddfa\ud83c\uddf8 <\/strong>: 3\/6 4\/6<\/p>\n<p>\u00a0<\/p>\n<p><strong>Dimanche 21\/09<\/strong><\/p>\n<p><strong>Carlos Alcaraz \/ Casper Ruud<\/strong> vs Alex Michelsen \/ Reilly Opelka : 7\/6 (4) 6\/1<\/p>\n<p>Match 10 \u2013 Jakub Mensik (Team Europe) vs Alex De Minaur (Team World)<\/p>\n<p>Match 11 \u2013 Carlos Alcaraz (Team Europe) vs Francisco Cerundolo (Team World)<\/p>\n<p>Match 12 \u2013 Alexander Zverev (Team Europe) vs Taylor Fritz (Team World)<\/p>\n<p>\u00a0<\/p>\n<p>\u00c0 suivre\u2026<br \/>\n<img decoding=\"async\" alt=\"Laver Cup 2025\" src=\"https:\/\/www.europesays.com\/fr\/wp-content\/uploads\/2025\/09\/LAVER.jpg\"\/><\/p>\n<p>\u00a0<\/p>\n","protected":false},"excerpt":{"rendered":"Le r\u00e8glement Le tournoi se d\u00e9roule sur trois jours, avec un syst\u00e8me de points croissants : une victoire&hellip;\n","protected":false},"author":2,"featured_media":408306,"comment_status":"","ping_status":"","sticky":false,"template":"","format":"standard","meta":{"footnotes":""},"categories":[1586],"tags":[11,3477,1777,674,1011,27,53994,1114,53993,820,12,8975,16884,25,1980,8974,395,9620,1467,3387,2955],"class_list":{"0":"post-408305","1":"post","2":"type-post","3":"status-publish","4":"format-standard","5":"has-post-thumbnail","7":"category-europe","8":"tag-actualites","9":"tag-cette","10":"tag-eu","11":"tag-europe","12":"tag-fr","13":"tag-france","14":"tag-francisco","15":"tag-infos","16":"tag-laver","17":"tag-live","18":"tag-news","19":"tag-page","20":"tag-prevue","21":"tag-republique-francaise","22":"tag-resultats","23":"tag-retrouvez","24":"tag-septembre","25":"tag-suivi","26":"tag-tennis","27":"tag-tous","28":"tag-videos"},"share_on_mastodon":{"url":"https:\/\/pubeurope.com\/@fr\/115245110462107338","error":""},"_links":{"self":[{"href":"https:\/\/www.europesays.com\/fr\/wp-json\/wp\/v2\/posts\/408305","targetHints":{"allow":["GET"]}}],"collection":[{"href":"https:\/\/www.europesays.com\/fr\/wp-json\/wp\/v2\/posts"}],"about":[{"href":"https:\/\/www.europesays.com\/fr\/wp-json\/wp\/v2\/types\/post"}],"author":[{"embeddable":true,"href":"https:\/\/www.europesays.com\/fr\/wp-json\/wp\/v2\/users\/2"}],"replies":[{"embeddable":true,"href":"https:\/\/www.europesays.com\/fr\/wp-json\/wp\/v2\/comments?post=408305"}],"version-history":[{"count":0,"href":"https:\/\/www.europesays.com\/fr\/wp-json\/wp\/v2\/posts\/408305\/revisions"}],"wp:featuredmedia":[{"embeddable":true,"href":"https:\/\/www.europesays.com\/fr\/wp-json\/wp\/v2\/media\/408306"}],"wp:attachment":[{"href":"https:\/\/www.europesays.com\/fr\/wp-json\/wp\/v2\/media?parent=408305"}],"wp:term":[{"taxonomy":"category","embeddable":true,"href":"https:\/\/www.europesays.com\/fr\/wp-json\/wp\/v2\/categories?post=408305"},{"taxonomy":"post_tag","embeddable":true,"href":"https:\/\/www.europesays.com\/fr\/wp-json\/wp\/v2\/tags?post=408305"}],"curies":[{"name":"wp","href":"https:\/\/api.w.org\/{rel}","templated":true}]}}