{"id":408309,"date":"2025-09-22T00:27:15","date_gmt":"2025-09-22T00:27:15","guid":{"rendered":"https:\/\/www.europesays.com\/fr\/408309\/"},"modified":"2025-09-22T00:27:15","modified_gmt":"2025-09-22T00:27:15","slug":"le-pakistan-etend-son-parapluie-nucleaire-a-larabie-saoudite","status":"publish","type":"post","link":"https:\/\/www.europesays.com\/fr\/408309\/","title":{"rendered":"Le Pakistan \u00e9tend son parapluie nucl\u00e9aire \u00e0 l&rsquo;Arabie saoudite"},"content":{"rendered":"<p>Un accord de d\u00e9fense entre Ryad et Islamabad a \u00e9t\u00e9 sign\u00e9 quelques jours apr\u00e8s une frappe isra\u00e9lienne contre des dirigeants du Hamas au Qatar voisin, qui a provoqu\u00e9 une onde de choc dans les riches monarchies du Golfe.<\/p>\n<p class=\"fig-paragraph\">Le\u00a0<a href=\"http:\/\/www.lefigaro.fr\/international\/exercices-communs-deploiement-d-armes-patrouilles-a-quoi-pourrait-ressembler-un-parapluie-nucleaire-francais-en-europe-20250304\" data-fig-type=\"Article\" data-gtm-custom-categorie=\"navigation\" data-gtm-custom-action=\"crossclick\" data-gtm-custom-label=\"Contextuel\" data-gtm-event=\"customEventSPE\" data-fig-domain=\"LEFIGARO\" target=\"_blank\" rel=\"noopener\">parapluie nucl\u00e9aire<\/a>\u00a0du Pakistan couvrira d\u00e9sormais l&rsquo;Arabie saoudite, a affirm\u00e9 dimanche \u00e0 l&rsquo;AFP un analyste proche du gouvernement saoudien, quelques jours apr\u00e8s la signature surprise d&rsquo;un trait\u00e9 de d\u00e9fense mutuelle entre les deux pays alli\u00e9s.<\/p>\n<p class=\"fig-paragraph\">Cet analyste, Ali Shihabi, r\u00e9put\u00e9 proche de la cour royale, a pr\u00e9cis\u00e9 que l&rsquo;accord \u00e9tait en pr\u00e9paration depuis des ann\u00e9es, et que Ryad s&rsquo;attendait \u00e0 ce que l&rsquo;Inde, le grand rival du Pakistan, comprenne les besoins s\u00e9curitaires du royaume.<\/p>\n<p>                                    <a class=\"fig-a11y-skip a11y-hidden\" href=\"#fig-a11y-skip-main-inarticle\"><br \/>\n        Passer la publicit\u00e9<br \/>\n    <\/a><\/p>\n<p>\u00abL\u2019Inde comprendra\u00bb<\/p>\n<p class=\"fig-paragraph\">Interrog\u00e9 par l&rsquo;AFP sur la possibilit\u00e9 que les armes nucl\u00e9aires pakistanaises puissent \u00eatre utilis\u00e9es pour d\u00e9fendre l&rsquo;Arabie saoudite, M. Shihabi a r\u00e9pondu: \u00abOui, c&rsquo;est le cas\u00bb. \u00abLe nucl\u00e9aire fait partie int\u00e9grante de cet accord, et le Pakistan se souvient que le royaume a largement financ\u00e9 son programme nucl\u00e9aire et l&rsquo;a soutenu lorsqu&rsquo;il \u00e9tait sous sanctions\u00bb, a-t-il ajout\u00e9. \u00abL&rsquo;Inde comprendra les besoins s\u00e9curitaires de l&rsquo;Arabie saoudite. Le royaume entretient d&rsquo;excellentes relations avec l&rsquo;Inde\u00bb, a-t-il poursuivi. Le ministre pakistanais de la D\u00e9fense, Khawaja Asif, a r\u00e9cemment affirm\u00e9 \u00e0 une cha\u00eene locale que le programme nucl\u00e9aire de son pays serait mis \u00e0 disposition de l&rsquo;Arabie saoudite en cas de besoin, apr\u00e8s la signature de l&rsquo;accord.<\/p>\n<p class=\"fig-body-link\">\n            \u00c0 lire aussi<br \/>\n        <a class=\"fig-body-link__link fig-premium-mark\" href=\"http:\/\/www.lefigaro.fr\/international\/ukraine-gaza-inde-pakistan-trump-est-il-le-faiseur-de-paix-qu-il-reve-d-etre-ou-un-pompier-pyromane-20250517\" target=\"_blank\" data-fig-type=\"Article\" rel=\"noopener\" data-gtm-custom-categorie=\"navigation\" data-gtm-custom-action=\"crossclick\" data-gtm-custom-label=\"Contextuel\" data-gtm-event=\"customEventSPE\" data-fig-domain=\"LEFIGARO\">Ukraine, Gaza, Inde-Pakistan\u00a0: Donald Trump, \u00ab\u00a0faiseur de paix\u00a0\u00bb ou \u00ab\u00a0pompier pyromane\u00a0\u00bb\u00a0?<br \/>\n    <\/a>\n<\/p>\n<p class=\"fig-paragraph\">L&rsquo;accord de d\u00e9fense mutuelle a \u00e9t\u00e9 sign\u00e9 \u00e0 Ryad quelques jours apr\u00e8s une frappe isra\u00e9lienne contre des dirigeants du Hamas au Qatar voisin, qui a provoqu\u00e9 une onde de choc dans les riches monarchies du Golfe, longtemps d\u00e9pendantes des \u00c9tats-Unis pour leur s\u00e9curit\u00e9. Ce nouveau pacte intervient \u00e9galement quelques mois apr\u00e8s un c<a href=\"http:\/\/www.lefigaro.fr\/international\/inde-pakistan-malgre-un-cessez-le-feu-le-spectre-d-une-guerre-de-l-eau-20250511\" data-fig-type=\"Article\" data-gtm-custom-categorie=\"navigation\" data-gtm-custom-action=\"crossclick\" data-gtm-custom-label=\"Contextuel\" data-gtm-event=\"customEventSPE\" data-fig-domain=\"LEFIGARO\" target=\"_blank\" rel=\"noopener\">onflit de quatre jours en mai entre le Pakistan et l&rsquo;Inde<\/a>, qui a fait plus de 70 morts des deux c\u00f4t\u00e9s. Le Premier ministre indien,\u00a0<a href=\"http:\/\/www.lefigaro.fr\/international\/armements-et-droits-de-douane-apres-sa-rencontre-avec-trump-les-dilemmes-de-narendra-modi-20250219\" data-fig-type=\"Article\" data-gtm-custom-categorie=\"navigation\" data-gtm-custom-action=\"crossclick\" data-gtm-custom-label=\"Contextuel\" data-gtm-event=\"customEventSPE\" data-fig-domain=\"LEFIGARO\" target=\"_blank\" rel=\"noopener\">Narendra Modi,<\/a>\u00a0\u00e9tait en visite en Arabie saoudite en avril lorsqu&rsquo;il a \u00e9court\u00e9 son d\u00e9placement \u00e0 la suite d&rsquo;une attaque meurtri\u00e8re contre des touristes en Inde qui a d\u00e9clench\u00e9 ce conflit.<\/p>\n<p class=\"fig-paragraph\">L&rsquo;Inde et le Pakistan s&rsquo;accusent depuis longtemps de soutenir des groupes arm\u00e9s pour se d\u00e9stabiliser mutuellement. L&rsquo;Arabie saoudite est consid\u00e9r\u00e9e comme ayant jou\u00e9 un r\u00f4le central dans la d\u00e9sescalade de ce conflit. Le royaume est depuis des ann\u00e9es un fournisseur majeur de p\u00e9trole \u00e0 l&rsquo;Inde, le pays le plus peupl\u00e9 du monde. L&rsquo;\u00e9conomie indienne, en forte croissance, d\u00e9pend largement des importations de p\u00e9trole, l&rsquo;Arabie saoudite \u00e9tant son troisi\u00e8me fournisseur, selon le minist\u00e8re indien des Affaires \u00e9trang\u00e8res. Islamabad entretient aussi depuis des d\u00e9cennies des liens \u00e9troits avec Ryad, o\u00f9 vivent et travaillent plus de 2,5 millions de Pakistanais. L&rsquo;Arabie saoudite a longtemps \u00e9t\u00e9 un soutien essentiel \u00e0 l&rsquo;\u00e9conomie fragile du Pakistan.<\/p>\n","protected":false},"excerpt":{"rendered":"Un accord de d\u00e9fense entre Ryad et Islamabad a \u00e9t\u00e9 sign\u00e9 quelques jours apr\u00e8s une frappe isra\u00e9lienne contre&hellip;\n","protected":false},"author":2,"featured_media":408310,"comment_status":"","ping_status":"","sticky":false,"template":"","format":"standard","meta":{"footnotes":""},"categories":[2],"tags":[11,1011,27,12,5654,14488,25],"class_list":{"0":"post-408309","1":"post","2":"type-post","3":"status-publish","4":"format-standard","5":"has-post-thumbnail","7":"category-actualites","8":"tag-actualites","9":"tag-fr","10":"tag-france","11":"tag-news","12":"tag-nucleaire","13":"tag-pakistan","14":"tag-republique-francaise"},"share_on_mastodon":{"url":"https:\/\/pubeurope.com\/@fr\/115245117900350108","error":""},"_links":{"self":[{"href":"https:\/\/www.europesays.com\/fr\/wp-json\/wp\/v2\/posts\/408309","targetHints":{"allow":["GET"]}}],"collection":[{"href":"https:\/\/www.europesays.com\/fr\/wp-json\/wp\/v2\/posts"}],"about":[{"href":"https:\/\/www.europesays.com\/fr\/wp-json\/wp\/v2\/types\/post"}],"author":[{"embeddable":true,"href":"https:\/\/www.europesays.com\/fr\/wp-json\/wp\/v2\/users\/2"}],"replies":[{"embeddable":true,"href":"https:\/\/www.europesays.com\/fr\/wp-json\/wp\/v2\/comments?post=408309"}],"version-history":[{"count":0,"href":"https:\/\/www.europesays.com\/fr\/wp-json\/wp\/v2\/posts\/408309\/revisions"}],"wp:featuredmedia":[{"embeddable":true,"href":"https:\/\/www.europesays.com\/fr\/wp-json\/wp\/v2\/media\/408310"}],"wp:attachment":[{"href":"https:\/\/www.europesays.com\/fr\/wp-json\/wp\/v2\/media?parent=408309"}],"wp:term":[{"taxonomy":"category","embeddable":true,"href":"https:\/\/www.europesays.com\/fr\/wp-json\/wp\/v2\/categories?post=408309"},{"taxonomy":"post_tag","embeddable":true,"href":"https:\/\/www.europesays.com\/fr\/wp-json\/wp\/v2\/tags?post=408309"}],"curies":[{"name":"wp","href":"https:\/\/api.w.org\/{rel}","templated":true}]}}