{"id":408311,"date":"2025-09-22T00:28:15","date_gmt":"2025-09-22T00:28:15","guid":{"rendered":"https:\/\/www.europesays.com\/fr\/408311\/"},"modified":"2025-09-22T00:28:15","modified_gmt":"2025-09-22T00:28:15","slug":"a-brest-pres-de-1-500-personnes-manifestent-suite-aux-attaques-place-guerin","status":"publish","type":"post","link":"https:\/\/www.europesays.com\/fr\/408311\/","title":{"rendered":"\u00c0 Brest, pr\u00e8s de 1\u00a0500 personnes manifestent suite aux attaques place Gu\u00e9rin"},"content":{"rendered":"<p>Ce dimanche, \u00e0 19\u00a0h, d\u00e9j\u00e0 500 personnes \u00e9taient rassembl\u00e9es pr\u00e8s du bar, malgr\u00e9 la pluie, pour protester contre ces violences. \u00ab\u00a0C\u2019\u00e9tait vos enfants aux terrasses, pas l\u2019extr\u00eame gauche qu\u2019ils ont frapp\u00e9s\u00a0\u00bb, t\u00e9moigne l\u2019un des manifestants.<\/p>\n<p><img decoding=\"async\" src=\"https:\/\/www.europesays.com\/fr\/wp-content\/uploads\/2025\/09\/68d040e9fa9c74d8e70a0904.1.jpeg\" width=\"480\" height=\"300\" class=\"web_golden_m\" loading=\"lazy\" alt=\"Les militants antifa ont d\u00e9fil\u00e9 vers la place de la Libert\u00e9 puis la rue de Siam ce dimanche soir.\"\/>Les militants antifa ont d\u00e9fil\u00e9 vers la place de la Libert\u00e9 puis la rue de Siam ce dimanche soir. (Photo Le T\u00e9l\u00e9gramme)<\/p>\n<p>Vers 19\u00a0h\u00a030, un cort\u00e8ge de 1\u00a0400 personnes s\u2019est \u00e9lanc\u00e9, au son de \u00ab\u00a0Siamo tutti antifascisti\u00a0\u00bb et \u00ab\u00a0Brest antifa\u00a0\u00bb, dans la rue Jean-Jaur\u00e8s, vers la place de la Libert\u00e9 puis la rue de Siam. Parmi eux, \u00c9milie Kuchel, adjointe de l\u2019enseignement sup\u00e9rieur de Brest, Sandrine Perhirin, vice-pr\u00e9sidente de Brest m\u00e9tropole charg\u00e9e de l\u2019enseignement sup\u00e9rieur et de la recherche, et le d\u00e9put\u00e9 LFI de Brest Centre Pierre-Yves Cadalen.<\/p>\n<p>Vers 20\u00a0h\u00a010, le cort\u00e8ge, qui compte d\u00e9sormais environ 700 personnes, est pass\u00e9 devant les forces de l\u2019ordre anti-\u00e9meutes, au niveau de la rue Colbert.<\/p>\n","protected":false},"excerpt":{"rendered":"Ce dimanche, \u00e0 19\u00a0h, d\u00e9j\u00e0 500 personnes \u00e9taient rassembl\u00e9es pr\u00e8s du bar, malgr\u00e9 la pluie, pour protester contre&hellip;\n","protected":false},"author":2,"featured_media":408312,"comment_status":"","ping_status":"","sticky":false,"template":"","format":"standard","meta":{"footnotes":""},"categories":[2],"tags":[11,3450,765,1076,1011,27,2088,12,25,801],"class_list":{"0":"post-408311","1":"post","2":"type-post","3":"status-publish","4":"format-standard","5":"has-post-thumbnail","7":"category-actualites","8":"tag-actualites","9":"tag-brest","10":"tag-en-continu","11":"tag-extreme-droite","12":"tag-fr","13":"tag-france","14":"tag-manifestation","15":"tag-news","16":"tag-republique-francaise","17":"tag-social"},"share_on_mastodon":{"url":"https:\/\/pubeurope.com\/@fr\/115245122460659799","error":""},"_links":{"self":[{"href":"https:\/\/www.europesays.com\/fr\/wp-json\/wp\/v2\/posts\/408311","targetHints":{"allow":["GET"]}}],"collection":[{"href":"https:\/\/www.europesays.com\/fr\/wp-json\/wp\/v2\/posts"}],"about":[{"href":"https:\/\/www.europesays.com\/fr\/wp-json\/wp\/v2\/types\/post"}],"author":[{"embeddable":true,"href":"https:\/\/www.europesays.com\/fr\/wp-json\/wp\/v2\/users\/2"}],"replies":[{"embeddable":true,"href":"https:\/\/www.europesays.com\/fr\/wp-json\/wp\/v2\/comments?post=408311"}],"version-history":[{"count":0,"href":"https:\/\/www.europesays.com\/fr\/wp-json\/wp\/v2\/posts\/408311\/revisions"}],"wp:featuredmedia":[{"embeddable":true,"href":"https:\/\/www.europesays.com\/fr\/wp-json\/wp\/v2\/media\/408312"}],"wp:attachment":[{"href":"https:\/\/www.europesays.com\/fr\/wp-json\/wp\/v2\/media?parent=408311"}],"wp:term":[{"taxonomy":"category","embeddable":true,"href":"https:\/\/www.europesays.com\/fr\/wp-json\/wp\/v2\/categories?post=408311"},{"taxonomy":"post_tag","embeddable":true,"href":"https:\/\/www.europesays.com\/fr\/wp-json\/wp\/v2\/tags?post=408311"}],"curies":[{"name":"wp","href":"https:\/\/api.w.org\/{rel}","templated":true}]}}