{"id":408319,"date":"2025-09-22T00:35:52","date_gmt":"2025-09-22T00:35:52","guid":{"rendered":"https:\/\/www.europesays.com\/fr\/408319\/"},"modified":"2025-09-22T00:35:52","modified_gmt":"2025-09-22T00:35:52","slug":"motogp-la-decision-tombe-ducati-officialise-ce-changement-radical-concernant-la-3e-moto-dusine","status":"publish","type":"post","link":"https:\/\/www.europesays.com\/fr\/408319\/","title":{"rendered":"MotoGP La d\u00e9cision tombe, Ducati officialise ce changement radical concernant la 3e moto d&rsquo;usine"},"content":{"rendered":"<p>Nous avions d\u00e9j\u00e0 \u00e9voqu\u00e9 la chose, alors divulgu\u00e9e par nos confr\u00e8res en amont de l\u2019officialisation, en d\u00e9but de semaine.Mais cette-fois, Ducati a confirm\u00e9 l\u2019information, en MotoGP. A savoir qu\u2019il y aura bien, toujours trois motos d\u2019usine et \u00e0 jour sur le plateau, en 2026. Mettant ainsi fin aux rumeurs annon\u00e7ant quatre machines. En outre, le VR46 va bel et bien perdre ce privil\u00e8ge puisque Fabio di Giannantonio devra composer avec la Ducati 2025 (celle qu\u2019il pilote en ce moment, en somme).<\/p>\n<p>MotoGP : Alex Marquez, un cadeau empoisonn\u00e9 ?<\/p>\n<p>A l\u2019inverse, Alex Marquez va avoir la chance de ne pas avoir \u00e0 se faire \u00e0 cette version 2025, si r\u00e9tive, puisque <a href=\"https:\/\/lemagsportauto.ouest-france.fr\/tag\/gresini\" target=\"_blank\" rel=\"noopener\">Gresini<\/a> jouira de la convoit\u00e9e troisi\u00e8me Ducati d\u2019usine, la saison prochaine. Une aubaine pour l\u2019Espagnol mais aussi, une pioche \u00e0 double-tranchant. Car, si cette ann\u00e9e, il avait tir\u00e9 parti d\u2019une machine 2024 clairement beaucoup plus facile \u00e0 exploiter, l\u2019an prochain, il disposera strictement de la m\u00eame moto que son fr\u00e8re. Ce qui signifie qu\u2019une comparaison directe pourra \u00eatre r\u00e9alis\u00e9e. Adition potentiellement douloureuse, pour le plus jeune de la fratrie.<\/p>\n<blockquote class=\"twitter-tweet\">\n<p dir=\"ltr\" lang=\"en\">-,, \u2014- ( )<br \/>In 2026 Alex will race aboard a Desmosedici GP Factory bike, while continuing to wear the BK8 Gresini Racing MotoGP colours. <a href=\"https:\/\/twitter.com\/hashtag\/GresiniRecords2026?src=hash&amp;ref_src=twsrc%5Etfw\" target=\"_blank\" rel=\"noopener\">#GresiniRecords2026<\/a> <a href=\"https:\/\/t.co\/Jcxw2J1mly\">pic.twitter.com\/Jcxw2J1mly<\/a><\/p>\n<p>\u2014 Gresini Racing (@GresiniRacing) <a href=\"https:\/\/twitter.com\/GresiniRacing\/status\/1968945035778326826?ref_src=twsrc%5Etfw\" target=\"_blank\" rel=\"noopener\">September 19, 2025<\/a><\/p>\n<\/blockquote>\n<p>Par ailleurs, dans le cas o\u00f9 cette nouvelle moto serait \u00e0 nouveau difficile \u00e0 domestiquer, le pilote ib\u00e9rique pourrait alors traverser une situation similaire \u00e0 celle de Francesco Bagnaia en 2025. Toutefois, pour l\u2019heure, l\u2019int\u00e9ress\u00e9 ne retient logiquement que le positif. La prochaine \u00e9tape, dans le cas o\u00f9 il r\u00e9it\u00e9rerait pareilles performances en 2026, \u00e9tant probablement de passer au sein du Team factory.<\/p>\n<p>Alex M\u00e1rquez : \u00ab C\u2019est un honneur de rouler sur une moto d\u2019usine avec le team Gresini. L\u2019\u00e9quipe travaille de mani\u00e8re irr\u00e9prochable depuis plusieurs saisons maintenant, et je pense que c\u2019est une r\u00e9compense pour tout le monde, pour moi-m\u00eame et pour tout le team. C\u2019est un pas de plus vers la r\u00e9alisation de nos r\u00eaves et vers des r\u00e9sultats encore meilleurs en 2026. Je tiens \u00e0 remercier Nadia, l\u2019\u00e9quipe et, bien s\u00fbr, Gigi et Ducati, qui m\u2019ont toujours fait sentir important \u00bb.<\/p>\n<p>Nadia Padovani, propri\u00e9taire du team Gresini : \u00ab C\u2019est une nouvelle tr\u00e8s importante pour Gresini Racing. Je tiens \u00e0 remercier Ducati et Dall\u2019Igna pour la confiance qu\u2019ils accordent \u00e0 Alex et \u00e0 notre \u00e9quipe. Les r\u00e9sultats obtenus cette ann\u00e9e et lors des saisons pr\u00e9c\u00e9dentes nous ont permis d\u2019atteindre cette \u00e9tape importante. Nous sommes heureux qu\u2019\u00e0 partir de l\u2019ann\u00e9e prochaine, Alex pilote une moto d\u2019usine. En tant qu\u2019\u00e9quipe, nous sommes pr\u00eats \u00e0 franchir une nouvelle \u00e9tape vers l\u2019excellence. 2025 sera une ann\u00e9e inoubliable, et nous aimons d\u00e9j\u00e0 beaucoup 2026 \u00bb.<\/p>\n<p>Luigi Dall\u2019Igna, directeur g\u00e9n\u00e9ral de Ducati Corse : \u00ab La saison d\u2019Alex M\u00e1rquez est impressionnante. Apr\u00e8s une s\u00e9rie d\u2019\u00e9valuations, Ducati Corse a d\u00e9cid\u00e9 d\u2019accro\u00eetre encore son soutien afin que le pilote et son \u00e9quipe puissent continuer \u00e0 progresser. Alex exploite au maximum le potentiel de la Desmosedici GP, et nous sommes convaincus qu\u2019avec les nouvelles \u00e9volutions, nous continuerons \u00e0 nous am\u00e9liorer ensemble l\u2019ann\u00e9e prochaine. Ce sera une valeur ajout\u00e9e pour toute la famille Ducati \u00bb.<\/p>\n<p>Article publi\u00e9 le 21\/09\/2025 \u00e0 9h01<\/p>\n<p>                                                            <script async src=\"https:\/\/platform.twitter.com\/widgets.js\" charset=\"utf-8\"><\/script><\/p>\n","protected":false},"excerpt":{"rendered":"Nous avions d\u00e9j\u00e0 \u00e9voqu\u00e9 la chose, alors divulgu\u00e9e par nos confr\u00e8res en amont de l\u2019officialisation, en d\u00e9but de&hellip;\n","protected":false},"author":2,"featured_media":408320,"comment_status":"","ping_status":"","sticky":false,"template":"","format":"standard","meta":{"footnotes":""},"categories":[1413],"tags":[4266,1011,27,1457,1456,1458,60],"class_list":{"0":"post-408319","1":"post","2":"type-post","3":"status-publish","4":"format-standard","5":"has-post-thumbnail","7":"category-moto","8":"tag-ducati","9":"tag-fr","10":"tag-france","11":"tag-moto","12":"tag-motocycle","13":"tag-motogp","14":"tag-sports"},"share_on_mastodon":{"url":"https:\/\/pubeurope.com\/@fr\/115245153189640349","error":""},"_links":{"self":[{"href":"https:\/\/www.europesays.com\/fr\/wp-json\/wp\/v2\/posts\/408319","targetHints":{"allow":["GET"]}}],"collection":[{"href":"https:\/\/www.europesays.com\/fr\/wp-json\/wp\/v2\/posts"}],"about":[{"href":"https:\/\/www.europesays.com\/fr\/wp-json\/wp\/v2\/types\/post"}],"author":[{"embeddable":true,"href":"https:\/\/www.europesays.com\/fr\/wp-json\/wp\/v2\/users\/2"}],"replies":[{"embeddable":true,"href":"https:\/\/www.europesays.com\/fr\/wp-json\/wp\/v2\/comments?post=408319"}],"version-history":[{"count":0,"href":"https:\/\/www.europesays.com\/fr\/wp-json\/wp\/v2\/posts\/408319\/revisions"}],"wp:featuredmedia":[{"embeddable":true,"href":"https:\/\/www.europesays.com\/fr\/wp-json\/wp\/v2\/media\/408320"}],"wp:attachment":[{"href":"https:\/\/www.europesays.com\/fr\/wp-json\/wp\/v2\/media?parent=408319"}],"wp:term":[{"taxonomy":"category","embeddable":true,"href":"https:\/\/www.europesays.com\/fr\/wp-json\/wp\/v2\/categories?post=408319"},{"taxonomy":"post_tag","embeddable":true,"href":"https:\/\/www.europesays.com\/fr\/wp-json\/wp\/v2\/tags?post=408319"}],"curies":[{"name":"wp","href":"https:\/\/api.w.org\/{rel}","templated":true}]}}