{"id":408321,"date":"2025-09-22T00:37:33","date_gmt":"2025-09-22T00:37:33","guid":{"rendered":"https:\/\/www.europesays.com\/fr\/408321\/"},"modified":"2025-09-22T00:37:33","modified_gmt":"2025-09-22T00:37:33","slug":"gp-dazerbaidjan-f1-piastri-perd-pied-a-bakou-le-championnat-relance","status":"publish","type":"post","link":"https:\/\/www.europesays.com\/fr\/408321\/","title":{"rendered":"GP d&rsquo;Azerba\u00efdjan &#8211; F1: Piastri perd pied \u00e0 Bakou, le championnat relanc\u00e9?"},"content":{"rendered":"<p class=\"mb-4 text-lg md:leading-8 break-words\"><strong>McLaren<\/strong> aurait pu \u00eatre <strong>titr\u00e9e<\/strong> ce dimanche, pour la <strong>seconde ann\u00e9e cons\u00e9cutive<\/strong>. \u00c0 l&rsquo;inverse, les Papaya ont <strong>peut-\u00eatre<\/strong> <strong>relanc\u00e9 le championnat<\/strong>\u2026<\/p>\n<p>GP d&rsquo;Azerba\u00efdjan: McLaren peu \u00e0 l&rsquo;aise autour du circuit de Bakou<\/p>\n<p class=\"mb-4 text-lg md:leading-8 break-words\">D\u00e8s les <strong>premiers tours<\/strong> en piste vendredi, les McLaren semblaient <strong>nerveuses<\/strong>. Dans les seconds essais libres, <strong>Lando Norris<\/strong> et <strong>Oscar Piastri<\/strong> ont <strong>touch\u00e9 les murs \u00e0 plusieurs reprises<\/strong>. Les deux pilotes ont d\u00fb rentrer aux stands pour <strong>faire \u00e9tat des d\u00e9g\u00e2ts<\/strong>. Si Norris avait des <strong>r\u00e9parations<\/strong> \u00e0 faire dans ces essais et non Piastri, la tendance s&rsquo;est <strong>invers\u00e9e<\/strong> lors des <strong>qualifications<\/strong>. En effet, lors des qualifications, qui ont <a href=\"https:\/\/www.formula1.com\/en\/latest\/article\/you-just-have-to-send-it-verstappen-reflects-on-magical-baku-pole-lap-after.ESNL0k7M7fKS45wau4rpI\" rel=\"nofollow noopener\" target=\"_blank\" data-ylk=\"slk:dur\u00e9 deux heures, six drapeaux rouges sont apparus;elm:context_link;itc:0;sec:content-canvas\" class=\"link \">dur\u00e9 <strong>deux heures<\/strong>, <strong>six drapeaux rouges<\/strong> sont apparus<\/a>, dont <strong>l&rsquo;un caus\u00e9 par le leader du championnat<\/strong>.<\/p>\n<p class=\"mb-4 text-lg md:leading-8 break-words\">Une s\u00e9ance de qualification qui n&rsquo;a donc <strong>pas souri aux McLaren<\/strong> puisque, suite \u00e0 son accident, Oscar Piastri s&rsquo;est qualifi\u00e9 <strong>9\u00e8me<\/strong> et son co\u00e9quipier, lui <strong>sans incident<\/strong>, n&rsquo;a pas pu se hisser plus haut qu&rsquo;\u00e0 la <strong>7\u00e8me<\/strong> place. Une <strong>entame<\/strong> de week-end <strong>peu convaincante<\/strong> par l&rsquo;\u00e9curie<strong> en qu\u00eate d&rsquo;un second titre constructeur cons\u00e9cutif<\/strong>, qui ne s&rsquo;est pas oubli\u00e9e le lendemain\u2026<\/p>\n<p>Grand Prix d&rsquo;Azerba\u00efdjan: Piastri perd pied<\/p>\n<p class=\"mb-4 text-lg md:leading-8 break-words\">Le week-end <strong>gris\u00e2tre<\/strong> d&rsquo;<a href=\"https:\/\/www.sportauto.fr\/actu\/sport-actu\/formule-1\/oscar-piastri-mclaren-f1-2025-carriere-ascension-436547.html\" rel=\"nofollow noopener\" target=\"_blank\" data-ylk=\"slk:Lire la suite sur Sport Auto;elm:context_link;itc:0;sec:content-canvas\" class=\"link \">Lire la suite sur Sport Auto<\/a><\/p>\n","protected":false},"excerpt":{"rendered":"McLaren aurait pu \u00eatre titr\u00e9e ce dimanche, pour la seconde ann\u00e9e cons\u00e9cutive. \u00c0 l&rsquo;inverse, les Papaya ont peut-\u00eatre&hellip;\n","protected":false},"author":2,"featured_media":408322,"comment_status":"","ping_status":"","sticky":false,"template":"","format":"standard","meta":{"footnotes":""},"categories":[1412],"tags":[1451,1452,1453,1454,1455,1011,27,2243,17306,4475,2241,60],"class_list":{"0":"post-408321","1":"post","2":"type-post","3":"status-publish","4":"format-standard","5":"has-post-thumbnail","7":"category-f1","8":"tag-f1","9":"tag-formula-1","10":"tag-formula1","11":"tag-formule-1","12":"tag-formule1","13":"tag-fr","14":"tag-france","15":"tag-lando-norris","16":"tag-les-deux","17":"tag-mclaren","18":"tag-oscar-piastri","19":"tag-sports"},"share_on_mastodon":{"url":"https:\/\/pubeurope.com\/@fr\/115245157226984861","error":""},"_links":{"self":[{"href":"https:\/\/www.europesays.com\/fr\/wp-json\/wp\/v2\/posts\/408321","targetHints":{"allow":["GET"]}}],"collection":[{"href":"https:\/\/www.europesays.com\/fr\/wp-json\/wp\/v2\/posts"}],"about":[{"href":"https:\/\/www.europesays.com\/fr\/wp-json\/wp\/v2\/types\/post"}],"author":[{"embeddable":true,"href":"https:\/\/www.europesays.com\/fr\/wp-json\/wp\/v2\/users\/2"}],"replies":[{"embeddable":true,"href":"https:\/\/www.europesays.com\/fr\/wp-json\/wp\/v2\/comments?post=408321"}],"version-history":[{"count":0,"href":"https:\/\/www.europesays.com\/fr\/wp-json\/wp\/v2\/posts\/408321\/revisions"}],"wp:featuredmedia":[{"embeddable":true,"href":"https:\/\/www.europesays.com\/fr\/wp-json\/wp\/v2\/media\/408322"}],"wp:attachment":[{"href":"https:\/\/www.europesays.com\/fr\/wp-json\/wp\/v2\/media?parent=408321"}],"wp:term":[{"taxonomy":"category","embeddable":true,"href":"https:\/\/www.europesays.com\/fr\/wp-json\/wp\/v2\/categories?post=408321"},{"taxonomy":"post_tag","embeddable":true,"href":"https:\/\/www.europesays.com\/fr\/wp-json\/wp\/v2\/tags?post=408321"}],"curies":[{"name":"wp","href":"https:\/\/api.w.org\/{rel}","templated":true}]}}