{"id":408325,"date":"2025-09-22T00:39:13","date_gmt":"2025-09-22T00:39:13","guid":{"rendered":"https:\/\/www.europesays.com\/fr\/408325\/"},"modified":"2025-09-22T00:39:13","modified_gmt":"2025-09-22T00:39:13","slug":"revue-de-presse-psg-classico-hernandez-pavard-weah","status":"publish","type":"post","link":"https:\/\/www.europesays.com\/fr\/408325\/","title":{"rendered":"Revue de presse PSG : Classico, Hernandez-Pavard, Weah\u2026 &#8211;"},"content":{"rendered":"<p>Vu et lu au sujet du PSG dans la\u00a0<a href=\"https:\/\/canal-supporters.com\/category\/revue-de-presse\/\" target=\"_blank\" rel=\"noopener\">presse<br \/>\nhexagonale<\/a>\u00a0ce dimanche 21 septembre 2025. Le premier<br \/>\nClassico de la saison, l\u2019amiti\u00e9 Hernandez-Pavard, les ann\u00e9es PSG de<br \/>\nTimothy Weah\u2026<\/p>\n<p> <img loading=\"lazy\" decoding=\"async\" width=\"780\" height=\"1024\" src=\"https:\/\/www.europesays.com\/fr\/wp-content\/uploads\/2025\/09\/Une-LEquipe-21-09-2025-780x1024.jpg\" alt=\"Une l'equipe 21 09 2025\" class=\"wp-image-580767\"  \/> <img loading=\"lazy\" decoding=\"async\" width=\"818\" height=\"93\" src=\"https:\/\/www.europesays.com\/fr\/wp-content\/uploads\/2025\/09\/LEquipe-21-09-2025-1.jpg\" alt=\"L'equipe 21 09 2025 (1)\" class=\"wp-image-580768\"  \/><\/p>\n<p>Dans son \u00e9dition du jour, <a href=\"https:\/\/www.lequipe.fr\/Football\/Article\/Demarrer-pied-au-plancher-pour-se-faciliter-la-tache-la-recette-gagnante-du-psg\/1594934\" target=\"_blank\" rel=\"noopener\" title=\"\">L\u2019Equipe<\/a> fait sa<br \/>\nUne sur le premier <strong>Classico<\/strong> de la saison. Le<br \/>\nquotidien sportif \u00e9voque la propension du <strong>PSG<\/strong> \u00e0<br \/>\nd\u00e9marrer tr\u00e8s fort ses rencontres. La constante, avec <strong>Luis<br \/>\nEnrique<\/strong>, concerne sa volont\u00e9 d\u2019imposer une domination tr\u00e8s<br \/>\nvite \u00e0 travers un pressing tout-terrain et une possession \u00e0<br \/>\noutrance. L\u2019Asturien insiste r\u00e9guli\u00e8rement l\u00e0-dessus dans ses<br \/>\ncauseries\u00a0: prendre l\u2019adversaire \u00e0 la gorge pour envoyer un<br \/>\nmessage et se mettre dans des conditions favorables, lance<br \/>\nL\u2019Equipe. \u00ab\u00a0Au-del\u00e0 de la gestion des temps de<br \/>\njeu, d\u2019une condition physique \u00e0 parfaire apr\u00e8s un dernier exercice<br \/>\n\u00e0 rallonge, des bless\u00e9s, et d\u2019un degr\u00e9 de motivation fluctuant en<br \/>\nfonction des comp\u00e9titions et du pedigree des challengers, l\u2019une des<br \/>\nvariables se situe chez ses adversaires.\u00a0\u00bb Face aux blocs<br \/>\nbas de <strong>Nantes<\/strong> et <strong>Angers<\/strong> (1-0 \u00e0<br \/>\nchaque fois), le <strong>PSG<\/strong> a confisqu\u00e9 le ballon<br \/>\nd\u2019entr\u00e9e\u00a0: respectivement 81\u00a0% et 86\u00a0% de possession<br \/>\nau bout d\u2019un quart d\u2019heure, pour terminer \u00e0 71\u00a0% et 83\u00a0%.<br \/>\nSans parvenir \u00e0 faire tr\u00e8s mal car les joueurs n\u2019\u00e9taient pas encore<br \/>\npr\u00eats. Comme <strong>Toulouse<\/strong> et <strong>Lens<\/strong><br \/>\navant elle, l\u2019<strong>Atalanta<\/strong> a opt\u00e9 pour une autre<br \/>\noption, souligne le quotidien sportif. Poussif sur le plan<br \/>\nathl\u00e9tique dans ses premi\u00e8res sorties, <strong>Paris<\/strong> monte<br \/>\nen puissance et maintient son cap initial. Contre<br \/>\n<strong>Lens<\/strong> (2-0, dimanche dernier), sa possession \u00e9tait<br \/>\nde 76\u00a0% apr\u00e8s un quart d\u2019heure pour finir \u00e0 68\u00a0%\u00a0;<br \/>\nface \u00e0 <strong>Bergame<\/strong>, il a montr\u00e9 les dents, 80\u00a0%<br \/>\napr\u00e8s quinze minutes et 67\u00a0% au final. Pour le staff, c\u2019est<br \/>\naussi une approche strat\u00e9gique\u00a0: dans le contexte pr\u00e9caire et<br \/>\nde blessures, l\u2019id\u00e9e est de ne pas courir apr\u00e8s un score, s\u2019offrir<br \/>\nla possibilit\u00e9 de g\u00e9rer sans se mettre dans le rouge. Avant de<br \/>\nc\u00e9der au quart d\u2019heure de jeu sur une inspiration de Bradley<br \/>\nBarcola, seul Lens a pos\u00e9 des probl\u00e8mes \u00e0 ce <strong>PSG<\/strong>,<br \/>\navec une occasion (rat\u00e9e) de mener d\u00e8s la 10e minute. Mais c\u2019\u00e9tait<br \/>\nun apr\u00e8s-midi o\u00f9 beaucoup de forces vives \u00e9taient pr\u00e9serv\u00e9es. Les<br \/>\nabsences <strong>d\u2019Ousmane Demb\u00e9l\u00e9<\/strong>, de <strong>D\u00e9sir\u00e9<br \/>\nDou\u00e9<\/strong> et de <strong><a href=\"https:\/\/canal-supporters.com\/le-verdict-est-tombe-pour-joao-neves-sorti-sur-blessure-contre-latalanta\/\" title=\"\" target=\"_blank\" rel=\"noopener\">Joao Neves<\/a><\/strong>, ce dimanche, pourraient \u00eatre,<br \/>\npour <strong>l\u2019OM<\/strong>, une source d\u2019inspiration, conclut<br \/>\nL\u2019Equipe.\u00a0<\/p>\n<p> <img loading=\"lazy\" decoding=\"async\" width=\"613\" height=\"103\" src=\"https:\/\/www.europesays.com\/fr\/wp-content\/uploads\/2025\/09\/LEquipe-21-09-2025.jpg\" alt=\"L'equipe 21 09 2025\" class=\"wp-image-580769\"  \/><\/p>\n<p>Le <a href=\"https:\/\/www.lequipe.fr\/Football\/Article\/-il-repetait-qu-il-ne-voulait-pas-salir-le-nom-de-son-pere-les-annees-psg-sous-pression-de-timothy-weah\/1595264\" target=\"_blank\" rel=\"noopener\" title=\"\">quotidien sportif<\/a><br \/>\n\u00e9voque aussi les ann\u00e9es de <strong>Timothy Weah<\/strong> au<br \/>\n<strong>PSG<\/strong>, lui qui a sign\u00e9 cet \u00e9t\u00e9 \u00e0<br \/>\n<strong>Marseille<\/strong>. <strong>Beno\u00eet Souvelain<\/strong>, ami<br \/>\nproche de la famille <strong>Weah<\/strong>, \u00e9voque son arriv\u00e9e en<br \/>\n<strong>France<\/strong> alors qu\u2019il avait 13 ans.<br \/>\n\u00ab\u00a0<strong>Timo<\/strong> \u00e9tait venu faire un essai en<br \/>\n<strong>France<\/strong>.\u00a0Il disputait alors un<br \/>\ntournoi avec <strong>Toulouse<\/strong> \u00e0 <strong>Sens<\/strong>, et<br \/>\nc\u2019est l\u00e0 que \u00e7a s\u2019est acc\u00e9l\u00e9r\u00e9 avec le <strong>PSG<\/strong>. On<br \/>\ndiscutait d\u00e9j\u00e0 avec <strong>Pierre<br \/>\nReynaud<\/strong>\u00a0(recruteur historique pour le centre de<br \/>\nformation et pr\u00e9formation)\u00a0et ils ont conclu le dossier<br \/>\navec la maman \u00e0 ce moment-l\u00e0.\u00a0\u00bb Dans la foul\u00e9e, l\u2019ailier<br \/>\nest invit\u00e9 \u00e0 faire un match au <strong>Paris<br \/>\nSaint-Germain<\/strong>, sous la houlette de <strong>C\u00e9dric<br \/>\nCattenoy<\/strong>, alors entra\u00eeneur des U15, avance<br \/>\nL\u2019Equipe. \u00ab\u00a0On jouait alors une rencontre amicale<br \/>\ncontre <strong>\u00c9vreux<\/strong>. Il a \u00e9clabouss\u00e9 le match de son<br \/>\ntalent et j\u2019ai tout de suite voulu qu\u2019il nous rejoigne\u00ab\u00a0,<br \/>\nindique l\u2019actuel directeur du centre de formation de<br \/>\n<strong>Samsunspor<\/strong>. Le d\u00e9but d\u2019une aventure de cinq ans,<br \/>\nentre 2014 et 2019.\u00a0\u00ab\u00a0Il y avait beaucoup de clubs<br \/>\nfran\u00e7ais et <strong>Chelsea<\/strong> aussi,\u00a0poursuit<br \/>\nSouvelain.\u00a0Mais <strong>Paris<\/strong> a \u00e9t\u00e9 le choix id\u00e9al<br \/>\npour son p\u00e8re et sa m\u00e8re, dont il est tr\u00e8s proche, car c\u2019\u00e9tait plus<br \/>\nfacile pour venir le voir puisqu\u2019ils voyagent<br \/>\n\u00e9norm\u00e9ment.\u00a0\u00bb <strong>Timothy Weah<\/strong> a fini par<br \/>\ngravir les \u00e9chelons de la formation parisienne, sans histoire, avec<br \/>\nun p\u00e8re discret et une maman tr\u00e8s appr\u00e9ci\u00e9e. L\u2019histoire avec les<br \/>\nprofessionnels est moins idyllique. <strong>Unai Emery<\/strong> le<br \/>\nfait d\u00e9buter en fin de saison 2017-2018, avant l\u2019arriv\u00e9e de<br \/>\n<strong><a href=\"https:\/\/canal-supporters.com\/u19-tuchel-ancelotti-ibra-zoumana-camara-se-rememore-ses-meilleurs-souvenirs-au-psg\/\" title=\"\" target=\"_blank\" rel=\"noopener\">Thomas Tuchel<\/a><\/strong>. Les deux techniciens lui<br \/>\npermettent de disputer six matches (2 buts), toutes comp\u00e9titions<br \/>\nconfondues, mais <strong>Weah<\/strong> n\u2019est plus convoqu\u00e9 par le<br \/>\ncoach allemand apr\u00e8s trois apparitions en d\u00e9but de saison<br \/>\n2018-2019.\u00a0Six ans plus tard, le <strong>PSG<\/strong> va<br \/>\ndevenir l\u2019\u00e9quipe que <strong>Timothy Weah<\/strong> a le plus<br \/>\nsouvent affront\u00e9e depuis qu\u2019il est devenu professionnel (8e<br \/>\nconfrontation ce dimanche). L\u2019international am\u00e9ricain (45<br \/>\ns\u00e9lections, 7 buts) aura le maillot marseillais sur le dos, mais<br \/>\npas le sentiment d\u2019affronter un ennemi, conclut<br \/>\nL\u2019Equipe.<\/p>\n<p> <img loading=\"lazy\" decoding=\"async\" width=\"421\" height=\"144\" src=\"https:\/\/www.europesays.com\/fr\/wp-content\/uploads\/2025\/09\/Le-Parisien-21-09-2025.jpg\" alt=\"Le parisien 21 09 2025\" class=\"wp-image-580770\"  \/><\/p>\n<p>De son c\u00f4t\u00e9, <a href=\"https:\/\/www.leparisien.fr\/sports\/football\/ligue-1\/om-psg-paris-est-pret-a-reviser-ses-classiques-et-faire-taire-le-velodrome-21-09-2025-OOEK67HL75HS5DQHJQT4H7MJLA.php\" target=\"_blank\" rel=\"noopener\" title=\"\">Le Parisien<\/a> \u00e9voque<br \/>\naussi ce <strong>Classico<\/strong>. Le <strong>PSG<\/strong> fait<br \/>\nr\u00e9gner l\u2019ordre depuis pratiquement quinze ans en <strong>Ligue<br \/>\n1<\/strong> au <strong>V\u00e9lodrome<\/strong> et a pris l\u2019habitude de<br \/>\nrayer le mot suspense du dictionnaire du <strong>Classico<\/strong>.<br \/>\nLa passion et l\u2019impatience suscit\u00e9es par l\u2019affiche ind\u00e9modable du<br \/>\nChampionnat de <strong>France<\/strong> sont, elles, toujours au<br \/>\nprogramme, avance le quotidien francilien. Cette fois-ci, les 65<br \/>\n000 fans phoc\u00e9ens esp\u00e8rent profiter d\u2019un vrai spectacle, \u00e0 temps<br \/>\nplein, un an apr\u00e8s avoir d\u00e9sert\u00e9 leur stade d\u00e8s la pause, sonn\u00e9s<br \/>\npar la claque inflig\u00e9e par les hommes de\u00a0<strong>Luis<br \/>\nEnrique<\/strong> au terme des 45 premi\u00e8res minutes (3-0 \u00e0 la<br \/>\nmi-temps), rappelle Le Parisien. \u00ab\u00a0L\u2019\u00e9quipe<br \/>\nparisienne n\u2019a pas fondamentalement chang\u00e9 depuis, mais elle ne<br \/>\nsera pas non plus compl\u00e8tement la m\u00eame. Elle d\u00e9barque pour la<br \/>\npremi\u00e8re fois sur la <strong>Canebi\u00e8re<\/strong> avec son statut de<br \/>\nchampion d\u2019<strong>Europe<\/strong> dans les valises, plus seulement<br \/>\nr\u00e9serv\u00e9 \u00e0 son rival, mais aussi\u00a0sans trois de ses joueurs<br \/>\nphares.\u00a0\u00bb Aux blessures\u00a0d\u2019<strong><a href=\"https:\/\/canal-supporters.com\/pour-thierry-henry-il-ne-fait-aucun-doute-que-dembele-sera-ballon-dor\/\" title=\"\" target=\"_blank\" rel=\"noopener\">Ousmane Demb\u00e9l\u00e9<\/a><\/strong>\u00a0et <strong>D\u00e9sir\u00e9<br \/>\nDou\u00e9<\/strong>, s\u2019est ajout\u00e9e celle de <strong>Jo\u00e3o Neves<\/strong>,<br \/>\nrouage essentiel de la formation parisienne avec et sans le ballon,<br \/>\nle garant de l\u2019\u00e9quilibre et la caution pugnace du onze. La large et<br \/>\nbrillante victoire de mercredi contre l\u2019<strong>Atalanta<\/strong><br \/>\n(4-0) a prouv\u00e9 que ce <strong>PSG<\/strong>-l\u00e0 avait de la ressource<br \/>\net\u00a0un collectif capable de surmonter ces \u00e9preuves. M\u00eame priv\u00e9<br \/>\nde 30 % de ses titulaires, m\u00eame en ayant seulement deux<br \/>\nentra\u00eenements dans les jambes pour pr\u00e9parer son match, m\u00eame en<br \/>\n\u00e9tant parfois encore en rodage sur la sc\u00e8ne nationale,<br \/>\n<strong>Paris<\/strong> poss\u00e8de toujours une classe d\u2019avance sur les<br \/>\nhommes de <strong>Roberto De Zerbi<\/strong>, ce qui lui apporte<br \/>\ns\u00e9r\u00e9nit\u00e9 et confiance, assure le quotidien francilien. Bien avant<br \/>\nde recevoir le shot de motivation transmis par les 600 fans r\u00e9unis<br \/>\nlors de l\u2019ultime s\u00e9ance samedi, les partenaires de<br \/>\n<strong>Marquinhos<\/strong> se sont toujours attach\u00e9s \u00e0 faire<br \/>\nhonneur \u00e0 ce rendez-vous singulier, comme en t\u00e9moigne le 12-1 pass\u00e9<br \/>\naux Marseillais, en score cumul\u00e9, depuis l\u2019arriv\u00e9e de <strong>Luis<br \/>\nEnrique<\/strong> sur le banc parisien. Ils peuvent devenir \u00e0 jamais<br \/>\nles premiers \u00e0 remporter ce duel in\u00e9dit entre les deux vainqueurs<br \/>\nfran\u00e7ais de la <strong>Ligue des champions<\/strong>, conclut Le<br \/>\nParisien.<\/p>\n<p>A voir aussi : <a href=\"https:\/\/canal-supporters.com\/luis-enrique-sur-nuno-mendes-lun-des-joueurs-les-plus-complets-que-jai-entraine-pendant-toute-ma-carriere\/\" title=\"\" target=\"_blank\" rel=\"noopener\">Luis Enrique sur Nuno Mendes : \u00ab\u00a0L\u2019un des joueurs les<br \/>\nplus complets que j\u2019ai entra\u00een\u00e9 pendant toute ma<br \/>\ncarri\u00e8re\u00a0\u00bb<\/a><\/p>\n<p><a href=\"https:\/\/x.com\/CanalSupporters\" target=\"_blank\" rel=\"noopener\" title=\"\">canalsupporters.com<\/a><\/p>\n<p> <img loading=\"lazy\" decoding=\"async\" width=\"467\" height=\"244\" src=\"https:\/\/www.europesays.com\/fr\/wp-content\/uploads\/2025\/09\/Le-Parisien-21-09-2025-1.jpg\" alt=\"Le parisien 21 09 2025 (1)\" class=\"wp-image-580771\"  \/><\/p>\n<p><a href=\"https:\/\/www.leparisien.fr\/sports\/football\/ligue-1\/om-psg-les-deux-sont-des-rayons-de-soleil-pavard-hernandez-lhistoire-dune-amitie-qui-resiste-aux-rivalites-21-09-2025-Q6S5PCSP2ZGNTPFGO3IPPYFD5M.php\" target=\"_blank\" rel=\"noopener\" title=\"\">Le Parisien<\/a> \u00e9voque<br \/>\naussi l\u2019amiti\u00e9 entre <strong>Lucas Hernandez<\/strong> et<br \/>\n<strong>Benjamin Pavard<\/strong>. M\u00eame si les deux joueurs jouent<br \/>\nd\u00e9sormais dans des clubs ennemis, leur relation reste intacte. Le<br \/>\nnum\u00e9ro 21 du <strong>PSG<\/strong> et le nouveau d\u00e9fenseur de<br \/>\n<strong>Marseille<\/strong> ont nou\u00e9 une tr\u00e8s forte amiti\u00e9 comme il<br \/>\ny en a peu dans le monde du football. Les deux hommes ne se cachent<br \/>\npas, ils se connaissent par c\u0153ur, avance le quotidien francilien.<br \/>\n\u00ab\u00a0De <strong>Munich<\/strong> \u00e0<br \/>\n<strong>Clairefontaine<\/strong>, ils ont tout partag\u00e9 : les<br \/>\nvestiaires, les victoires, les gal\u00e8res physiques ou sportives, et<br \/>\nbien s\u00fbr les \u00e9clats de rire.\u00a0\u00bb Une complicit\u00e9 n\u00e9e sous le<br \/>\nmaillot de <strong>l\u2019\u00e9quipe de France<\/strong> il y a quelques<br \/>\nann\u00e9es, souligne Le Parisien. Sacr\u00e9s champions du monde en<br \/>\n2018 ensemble, ils remportent leur premi\u00e8re <strong>Ligue des<br \/>\nchampions<\/strong> \u00e9galement ensemble au <strong>Bayern<br \/>\nMunich<\/strong> en 2020. En <strong>Bavi\u00e8re<\/strong>, ils scellent<br \/>\nencore plus leur ind\u00e9fectible amiti\u00e9. Depuis que leurs chemins se<br \/>\nsont s\u00e9par\u00e9s en club, ils ont pris l\u2019habitude de se retrouver pour<br \/>\nd\u00eener ou d\u00e9jeuner avant chaque rassemblement de l\u2019<strong>\u00e9quipe de<br \/>\nFrance<\/strong>. Avant la finale de la <strong>Ligue des<br \/>\nchampions<\/strong> remport\u00e9e par le <strong>PSG<\/strong>,<br \/>\n<strong><a href=\"https:\/\/canal-supporters.com\/hernandez-lequipe-du-psg-pour-les-quatre-cinq-annees-a-venir-ca-va-etre-incroyable\/\" title=\"\" target=\"_blank\" rel=\"noopener\">Lucas Hernandez<\/a><\/strong> indiquait parler presque tous<br \/>\nles jours par Face Time avec <strong>Benjamin<br \/>\nPavard<\/strong>. \u00ab\u00a0Comme ce fut le cas avant la finale du<br \/>\n31 mai dernier \u00e0 <strong>Munich<\/strong>, ces deux-l\u00e0 profiterons<br \/>\nsans aucun doute de ces appels pour se charrier sur le sc\u00e9nario de<br \/>\nleur premier affrontement lors d\u2019un<br \/>\n<strong>Classico<\/strong>\u00ab\u00a0, conclut Le<br \/>\nParisien.\u00a0<\/p>\n<p>Dans son \u00e9dition du jour, L\u2019Equipe \u00e9voque aussi<br \/>\nl\u2019incertitude autour de la participation de <strong><a href=\"https:\/\/canal-supporters.com\/om-psg-bradley-barcola-incertain-pour-le-classique\/\" title=\"\" target=\"_blank\" rel=\"noopener\">Bradley Barcola<\/a><\/strong> \u00e0 ce <strong>OM \/<br \/>\nPSG<\/strong> et la possibilit\u00e9 du <a href=\"https:\/\/canal-supporters.com\/ligue-1-om-psg-sous-la-menace-dun-report\/\" title=\"\" target=\"_blank\" rel=\"noopener\">report<\/a> en raison des conditions climatiques. Deux<br \/>\nsujets qui ont \u00e9t\u00e9 trait\u00e9s hier sur Canal Supporters.<\/p><\/p>\n","protected":false},"excerpt":{"rendered":"Vu et lu au sujet du PSG dans la\u00a0presse hexagonale\u00a0ce dimanche 21 septembre 2025. Le premier Classico de&hellip;\n","protected":false},"author":2,"featured_media":43795,"comment_status":"","ping_status":"","sticky":false,"template":"","format":"standard","meta":{"footnotes":""},"categories":[1410],"tags":[12460,4786,9707,81,19981,2337,53995,3526,787,63,1011,27,37380,17477,53996,53673,49762,53997,626,91,92,51610,93,13125,60,44160,96,42926],"class_list":{"0":"post-408325","1":"post","2":"type-post","3":"status-publish","4":"format-standard","5":"has-post-thumbnail","7":"category-football","8":"tag-barcola","9":"tag-benjamin-pavard","10":"tag-bradley-barcola","11":"tag-canal-supporters","12":"tag-clasico","13":"tag-classico","14":"tag-classico-clasico-classique","15":"tag-classique","16":"tag-cs","17":"tag-football","18":"tag-fr","19":"tag-france","20":"tag-hernandez","21":"tag-lucas-hernandez","22":"tag-marseille-psg","23":"tag-olympique-de-marseille-psg","24":"tag-om-psg","25":"tag-ompsg","26":"tag-paris","27":"tag-paris-saint-germain","28":"tag-paris-sg","29":"tag-pavard","30":"tag-psg","31":"tag-revue-de-presse","32":"tag-sports","33":"tag-timothy-weah","34":"tag-une","35":"tag-weah"},"share_on_mastodon":{"url":"https:\/\/pubeurope.com\/@fr\/115245165629031408","error":""},"_links":{"self":[{"href":"https:\/\/www.europesays.com\/fr\/wp-json\/wp\/v2\/posts\/408325","targetHints":{"allow":["GET"]}}],"collection":[{"href":"https:\/\/www.europesays.com\/fr\/wp-json\/wp\/v2\/posts"}],"about":[{"href":"https:\/\/www.europesays.com\/fr\/wp-json\/wp\/v2\/types\/post"}],"author":[{"embeddable":true,"href":"https:\/\/www.europesays.com\/fr\/wp-json\/wp\/v2\/users\/2"}],"replies":[{"embeddable":true,"href":"https:\/\/www.europesays.com\/fr\/wp-json\/wp\/v2\/comments?post=408325"}],"version-history":[{"count":0,"href":"https:\/\/www.europesays.com\/fr\/wp-json\/wp\/v2\/posts\/408325\/revisions"}],"wp:featuredmedia":[{"embeddable":true,"href":"https:\/\/www.europesays.com\/fr\/wp-json\/wp\/v2\/media\/43795"}],"wp:attachment":[{"href":"https:\/\/www.europesays.com\/fr\/wp-json\/wp\/v2\/media?parent=408325"}],"wp:term":[{"taxonomy":"category","embeddable":true,"href":"https:\/\/www.europesays.com\/fr\/wp-json\/wp\/v2\/categories?post=408325"},{"taxonomy":"post_tag","embeddable":true,"href":"https:\/\/www.europesays.com\/fr\/wp-json\/wp\/v2\/tags?post=408325"}],"curies":[{"name":"wp","href":"https:\/\/api.w.org\/{rel}","templated":true}]}}