{"id":408350,"date":"2025-09-22T00:53:11","date_gmt":"2025-09-22T00:53:11","guid":{"rendered":"https:\/\/www.europesays.com\/fr\/408350\/"},"modified":"2025-09-22T00:53:11","modified_gmt":"2025-09-22T00:53:11","slug":"une-vingtaine-dhommes-masques-sement-la-terreur-dans-un-bar-la-piste-de-lutradroite-privilegiee","status":"publish","type":"post","link":"https:\/\/www.europesays.com\/fr\/408350\/","title":{"rendered":"Une vingtaine d\u2019hommes masqu\u00e9s s\u00e8ment la terreur dans un bar, la piste de l&rsquo;utradroite privil\u00e9gi\u00e9e"},"content":{"rendered":"<p>Cinq minutes de terreur et d\u2019incompr\u00e9hension. Dans la nuit de samedi \u00e0 dimanche, une vingtaine de personnes cagoul\u00e9es ont fait irruption dans un bar <a href=\"https:\/\/www.20minutes.fr\/dossier\/brest\" class=\"c-link c-link--is-underlined\" target=\"_blank\" rel=\"noopener\">brestois<\/a> &#8211; le Caf\u00e9 de la plage &#8211; et s\u2019en sont violemment prises aux clients. Le groupe, dont certains membres \u00e9taient arm\u00e9s de battes de baseball, s\u2019est ru\u00e9 sur les clients attabl\u00e9s en terrasse. Coups, jets de mobilier, d\u00e9gradations, hurlements\u2026 En quelques instants, l\u2019ambiance festive a vir\u00e9 \u00e0 la terreur.<\/p>\n<p>Selon la pr\u00e9fecture du <a href=\"https:\/\/www.20minutes.fr\/societe\/finistere\/\" class=\"c-link c-link--is-underlined\" target=\"_blank\" rel=\"noopener\">Finist\u00e8re<\/a>, une personne a \u00e9t\u00e9 hospitalis\u00e9e avant de sortir de l\u2019h\u00f4pital, dimanche matin. Sur les r\u00e9seaux sociaux, le \u00ab\u00a0<a href=\"https:\/\/www.20minutes.fr\/dossier\/antifa\" class=\"c-link c-link--is-underlined\" target=\"_blank\" rel=\"noopener\">Groupe antifasciste<\/a> et r\u00e9volutionnaire Brest et Alentours\u00a0\u00bb \u00e9voque trois bless\u00e9s.<\/p>\n<p>L\u2019extr\u00eame droite dans le viseur<\/p>\n<p>Sur <a href=\"https:\/\/www.francebleu.fr\/infos\/faits-divers-justice\/a-brest-plusieurs-blesses-apres-une-violente-attaque-nocturne-place-guerin-7298657\" rel=\"nofollow noopener\" target=\"_blank\" class=\"c-link c-link--is-underlined\">ICI Breizh Izel<\/a>, le maire de Brest, Fran\u00e7ois Cuillandre, a \u00e9voqu\u00e9 \u00ab\u00a0des faits d\u2019une extr\u00eame gravit\u00e9, apparemment planifi\u00e9s \u00e0 l\u2019avance et foment\u00e9s par un <a href=\"https:\/\/www.20minutes.fr\/dossier\/extreme_droite\" class=\"c-link c-link--is-underlined\" target=\"_blank\" rel=\"noopener\">groupuscule d\u2019extr\u00eame droite<\/a>\u00a0\u00bb. Le lieu vis\u00e9 est, en effet, un point de rendez-vous historique pour les militants antifascistes et de gauche. L\u2019\u00e9dile a appel\u00e9 \u00ab\u00a0dans ce contexte de tensions, chacun et chacune, \u00e0 la retenue et au calme\u00a0\u00bb.<\/p>\n<p>Pour l\u2019heure, aucune interpellation n\u2019a eu lieu.<\/p>\n<p><\/p>\n","protected":false},"excerpt":{"rendered":"Cinq minutes de terreur et d\u2019incompr\u00e9hension. Dans la nuit de samedi \u00e0 dimanche, une vingtaine de personnes cagoul\u00e9es&hellip;\n","protected":false},"author":2,"featured_media":408351,"comment_status":"","ping_status":"","sticky":false,"template":"","format":"standard","meta":{"footnotes":""},"categories":[2],"tags":[47,11,20427,3450,829,1076,118,7641,3321,1011,27,12],"class_list":{"0":"post-408350","1":"post","2":"type-post","3":"status-publish","4":"format-standard","5":"has-post-thumbnail","7":"category-actualites","8":"tag-actualite","9":"tag-actualites","10":"tag-antifa","11":"tag-brest","12":"tag-bretagne","13":"tag-extreme-droite","14":"tag-faits-divers","15":"tag-faits-divers-rennes","16":"tag-finistere","17":"tag-fr","18":"tag-france","19":"tag-news"},"share_on_mastodon":{"url":"https:\/\/pubeurope.com\/@fr\/115245219986219783","error":""},"_links":{"self":[{"href":"https:\/\/www.europesays.com\/fr\/wp-json\/wp\/v2\/posts\/408350","targetHints":{"allow":["GET"]}}],"collection":[{"href":"https:\/\/www.europesays.com\/fr\/wp-json\/wp\/v2\/posts"}],"about":[{"href":"https:\/\/www.europesays.com\/fr\/wp-json\/wp\/v2\/types\/post"}],"author":[{"embeddable":true,"href":"https:\/\/www.europesays.com\/fr\/wp-json\/wp\/v2\/users\/2"}],"replies":[{"embeddable":true,"href":"https:\/\/www.europesays.com\/fr\/wp-json\/wp\/v2\/comments?post=408350"}],"version-history":[{"count":0,"href":"https:\/\/www.europesays.com\/fr\/wp-json\/wp\/v2\/posts\/408350\/revisions"}],"wp:featuredmedia":[{"embeddable":true,"href":"https:\/\/www.europesays.com\/fr\/wp-json\/wp\/v2\/media\/408351"}],"wp:attachment":[{"href":"https:\/\/www.europesays.com\/fr\/wp-json\/wp\/v2\/media?parent=408350"}],"wp:term":[{"taxonomy":"category","embeddable":true,"href":"https:\/\/www.europesays.com\/fr\/wp-json\/wp\/v2\/categories?post=408350"},{"taxonomy":"post_tag","embeddable":true,"href":"https:\/\/www.europesays.com\/fr\/wp-json\/wp\/v2\/tags?post=408350"}],"curies":[{"name":"wp","href":"https:\/\/api.w.org\/{rel}","templated":true}]}}