{"id":408354,"date":"2025-09-22T00:57:13","date_gmt":"2025-09-22T00:57:13","guid":{"rendered":"https:\/\/www.europesays.com\/fr\/408354\/"},"modified":"2025-09-22T00:57:13","modified_gmt":"2025-09-22T00:57:13","slug":"pronostic-annecy-fc-nancy-ligue-2","status":"publish","type":"post","link":"https:\/\/www.europesays.com\/fr\/408354\/","title":{"rendered":"Pronostic Annecy FC Nancy &#8211; Ligue 2"},"content":{"rendered":"<p class=\"text-xs leading-5 text-gray-400 mb-2\">\n                        Publi\u00e9 le 21\/09\/2025 13:30<br \/>\n                        \u00a0par<br \/>\n                                                            <a href=\"https:\/\/www.sportytrader.com\/auteur\/steeven-occhipinti-1\/\" target=\"_blank\" rel=\"noopener\">Steeven Occhipinti<\/a><\/p>\n<p>                                                                                                            dans<br \/>\n                                <a data-trans=\"tips.published.competition %competition%\" href=\"https:\/\/www.sportytrader.com\/pronostics\/football\/france\/ligue-2-124\/\" target=\"_blank\" rel=\"noopener\"><br \/>\n                                    Pronostic Ligue 2<br \/>\n                                <\/a><\/p>\n<p style=\"text-align: justify;\">Pour le multiplex de la 7e journ\u00e9e de la Ligue 2 de ce mardi \u00e0 20h30, le FC Annecy va recevoir l&rsquo;AS Nancy-Lorraine au Parc des Sports. Le club ann\u00e9cien alterne le bon et le moins bon depuis le d\u00e9but de la saison, alors qu&rsquo;il a connu 2 succ\u00e8s, 2 nuls et 2 d\u00e9faites. Il reste cependant en confiance depuis quelque temps. Apr\u00e8s avoir accroch\u00e9 le Stade de Reims (1-1), l&rsquo;\u00e9quipe entra\u00een\u00e9e par Laurent Guyot vient de remporter le derby des Alpes, sur la pelouse du GF38, sans trop trembler (1-3). Une belle s\u00e9rie qui lui a permis de remonter \u00e0 la 8e place du classement et de faire le plein de confiance pour sa prochaine affiche.<\/p>\n<p style=\"text-align: justify;\">De retour en Ligue 2 en d\u00e9but d&rsquo;exercice, l&rsquo;AS Nancy-Lorraine a connu une entame de r\u00eave. Elle a su prendre 7 points apr\u00e8s ses 3 premi\u00e8res rencontres et s&rsquo;installer rapidement dans le haut de tableau de la deuxi\u00e8me division tricolore. C&rsquo;est toutefois un peu plus compliqu\u00e9 depuis. Le club nanc\u00e9ien n&rsquo;a pris qu&rsquo;un seul point lors de ses 3 pr\u00e9c\u00e9dents matchs. Il reste notamment sur des revers contre l&rsquo;ES Troyes AC (3-0) et le Red Star (0-1), sans marquer le moindre but. Descendus \u00e0 la 10e position de la Ligue 2, les hommes de Pablo Correa pourraient avoir du mal \u00e0 se rassurer pour ce d\u00e9placement.<\/p>\n","protected":false},"excerpt":{"rendered":"Publi\u00e9 le 21\/09\/2025 13:30 \u00a0par Steeven Occhipinti dans Pronostic Ligue 2 Pour le multiplex de la 7e journ\u00e9e&hellip;\n","protected":false},"author":2,"featured_media":408355,"comment_status":"","ping_status":"","sticky":false,"template":"","format":"standard","meta":{"footnotes":""},"categories":[9635],"tags":[1111,11,19418,1777,674,1011,27,775,446,1702,12,1817,1821,25],"class_list":{"0":"post-408354","1":"post","2":"type-post","3":"status-publish","4":"format-standard","5":"has-post-thumbnail","7":"category-nancy","8":"tag-actu","9":"tag-actualites","10":"tag-annecy-fc","11":"tag-eu","12":"tag-europe","13":"tag-fr","14":"tag-france","15":"tag-grand-est","16":"tag-ligue-2","17":"tag-nancy","18":"tag-news","19":"tag-pronostic","20":"tag-pronostics","21":"tag-republique-francaise"},"share_on_mastodon":{"url":"https:\/\/pubeurope.com\/@fr\/115245235860811500","error":""},"_links":{"self":[{"href":"https:\/\/www.europesays.com\/fr\/wp-json\/wp\/v2\/posts\/408354","targetHints":{"allow":["GET"]}}],"collection":[{"href":"https:\/\/www.europesays.com\/fr\/wp-json\/wp\/v2\/posts"}],"about":[{"href":"https:\/\/www.europesays.com\/fr\/wp-json\/wp\/v2\/types\/post"}],"author":[{"embeddable":true,"href":"https:\/\/www.europesays.com\/fr\/wp-json\/wp\/v2\/users\/2"}],"replies":[{"embeddable":true,"href":"https:\/\/www.europesays.com\/fr\/wp-json\/wp\/v2\/comments?post=408354"}],"version-history":[{"count":0,"href":"https:\/\/www.europesays.com\/fr\/wp-json\/wp\/v2\/posts\/408354\/revisions"}],"wp:featuredmedia":[{"embeddable":true,"href":"https:\/\/www.europesays.com\/fr\/wp-json\/wp\/v2\/media\/408355"}],"wp:attachment":[{"href":"https:\/\/www.europesays.com\/fr\/wp-json\/wp\/v2\/media?parent=408354"}],"wp:term":[{"taxonomy":"category","embeddable":true,"href":"https:\/\/www.europesays.com\/fr\/wp-json\/wp\/v2\/categories?post=408354"},{"taxonomy":"post_tag","embeddable":true,"href":"https:\/\/www.europesays.com\/fr\/wp-json\/wp\/v2\/tags?post=408354"}],"curies":[{"name":"wp","href":"https:\/\/api.w.org\/{rel}","templated":true}]}}