{"id":408368,"date":"2025-09-22T01:11:55","date_gmt":"2025-09-22T01:11:55","guid":{"rendered":"https:\/\/www.europesays.com\/fr\/408368\/"},"modified":"2025-09-22T01:11:55","modified_gmt":"2025-09-22T01:11:55","slug":"nos-idees-de-sorties-et-dactivites-dans-la-region","status":"publish","type":"post","link":"https:\/\/www.europesays.com\/fr\/408368\/","title":{"rendered":"nos id\u00e9es de sorties et d&rsquo;activit\u00e9s dans la r\u00e9gion"},"content":{"rendered":"<p>  Votre ville sous un nouvel angle<\/p>\n<p><strong>\u25ba Faites un city-tour f\u00e9ministe \u00e0 Strasbourg<\/strong><\/p>\n<p>L&rsquo;association Osez le f\u00e9minisme 67 veut lutter contre l\u2019invisibilisation des femmes dans l\u2019espace public. Pour cela, l\u2019association propose une visite gratuite de Strasbourg, \u00e0 travers l\u2019histoire de cinq femmes alsaciennes aux parcours extraordinaires.<br \/><strong>C\u2019est o\u00f9 ?<\/strong> D\u00e9part \u00e0 la Manufacture des Tabacs, 7 rue de la Krutenau, Strasbourg<br \/><strong>C\u2019est quand ?<\/strong> Samedi 20 et dimanche 21 septembre de 14h \u00e0 15h30<\/p>\n<p>\u00a0<\/p>\n<p>Ce contenu est bloqu\u00e9 car vous n&rsquo;avez pas accept\u00e9 les cookies et autres traceurs.<\/p>\n<p>En cliquant sur \u00ab J\u2019accepte \u00bb, les cookies et autres traceurs seront d\u00e9pos\u00e9s et vous pourrez visualiser les contenus Flourish (<a href=\"\" class=\"consentModule_policy\" target=\"_blank\" title=\"Consulter la politique de protection des donn\u00e9es du fournisseur\">plus d&rsquo;informations<\/a>).<\/p>\n<p>En cliquant sur \u00ab J\u2019accepte tous les cookies \u00bb, vous autorisez des d\u00e9p\u00f4ts de cookies et autres traceurs pour le stockage de vos donn\u00e9es sur nos sites et applications \u00e0 des fins de personnalisation et de ciblage publicitaire.<\/p>\n<p class=\"consentModule_secondaryText\">&#13;<br \/>\n                Vous gardez la possibilit\u00e9 de retirer votre consentement \u00e0 tout moment en consultant notre <a href=\"https:\/\/www.dna.fr\/protection-des-donnees\" target=\"_blank\" title=\"Consulter notre politique de protection des donn\u00e9es\" rel=\"noopener\">politique de protection des donn\u00e9es<\/a>. <br \/>&#13;<br \/>\n                <a href=\"https:\/\/www.dna.fr\/culture-loisirs\/2025\/09\/17\/javascript:Didomi.notice.show()\" class=\"consentModule_cmp\" target=\"_blank\" rel=\"noopener\">G\u00e9rer mes choix<\/a>&#13;\n            <\/p>\n<p>&#13;<br \/>\n                                J&rsquo;accepte&#13;<br \/>\n                J&rsquo;accepte tous les cookies&#13;\n            <\/p>\n<p><strong>\u25ba Red\u00e9couvrez le paysage industriel et urbain de Mulhouse en vieux bus<\/strong><\/p>\n<p>La section histoire de Sol\u00e9a et le conseil consultatif du patrimoine mulhousien vous proposent de sillonner Mulhouse \u00e0 bord d\u2019un vieil autobus Chausson restaur\u00e9, qui \u00e9tait en service de 1962 \u00e0 1977. La visite vous fera d\u00e9couvrir d\u2019anciens sites industriels approvisionn\u00e9s d\u00e8s 1882 par le tramway de la ville.<br \/><strong>C\u2019est o\u00f9 ?<\/strong> D\u00e9part du 97 rue de la Mertzau, Mulhouse<br \/><strong>C\u2019est quand ?<\/strong> Samedi 20 septembre de 9h \u00e0 10h30, de 10h45 \u00e0 12h15, de 14h15 \u00e0 15h45 et de 16h \u00e0 17h30<\/p>\n<p>En coulisses<\/p>\n<p><strong>\u25ba D\u00e9couvrez comment sont restaur\u00e9es les pi\u00e8ces du Mus\u00e9e de l\u2019Automobile de Mulhouse<\/strong><\/p>\n<p>    &#13;<br \/>\n    &#13;<br \/>\n    &#13;<br \/>\n    <a href=\"https:\/\/cdn-s-www.dna.fr\/images\/33d0b77c-fda9-4c86-8d15-f0078429ee09\/NW_raw\/photo-darek-szuster-1758015813.jpg\" title=\"Photo Darek Szuster\" class=\"chocolat-image GA-tracking\" data-ga_type=\"click\" data-ga_category=\"D\u00e9tail\" data-ga_action=\"zoomer\" data-ga_label=\"aggrandir image\" target=\"_blank\" rel=\"noopener\">&#13;<br \/>\n        <img src=\"https:\/\/www.europesays.com\/fr\/wp-content\/uploads\/2025\/09\/photo-darek-szuster-1758015813.jpg\"   alt=\"Photo Darek Szuster\" fetchpriority=\"high\" decoding=\"async\" data-mobile=\"NW_listA_M|1758015813\" data-base=\"NW_listA|1758015813\"\/>&#13;<br \/>\n    <\/a>&#13;<\/p>\n<p>Photo Darek Szuster<\/p>\n<p>Vous connaissez s\u00fbrement le c\u00e9l\u00e8bre <a href=\"https:\/\/www.dna.fr\/culture-loisirs\/2025\/06\/29\/musee-de-l-automobile-la-vanlife-c-est-un-etat-d-esprit\" target=\"_blank\" rel=\"noopener\">Mus\u00e9e de l\u2019Automobile de Mulhouse<\/a> et ses plus de 600 v\u00e9hicules. Mais savez-vous comment ces voitures de tous \u00e2ges sont restaur\u00e9es et entretenues ? Le mus\u00e9e vous propose de d\u00e9couvrir l\u2019atelier de restauration et son \u00e9quipe.<br \/><strong>C\u2019est o\u00f9 ?<\/strong> Mus\u00e9e national de l&rsquo;Automobile, 17 rue de la Mertzau, Mulhouse<br \/><strong>C\u2019est quand ?<\/strong> Samedi 20 et dimanche 21 septembre de 10h \u00e0 18h<\/p>\n<p><strong>\u25ba Plongez dans les droits fondamentaux \u00e0 la Cour europ\u00e9enne des droits de l\u2019homme<\/strong><\/p>\n<p>    &#13;<br \/>\n    &#13;<br \/>\n    &#13;<br \/>\n    <a href=\"https:\/\/cdn-s-www.dna.fr\/images\/0674c5f5-bde4-46ef-a350-bcceca175871\/NW_raw\/photo-thomas-toussaint-1758031894.jpg\" title=\"Photo Thomas Toussaint\" class=\"chocolat-image GA-tracking\" data-ga_type=\"click\" data-ga_category=\"D\u00e9tail\" data-ga_action=\"zoomer\" data-ga_label=\"aggrandir image\" target=\"_blank\" rel=\"noopener\">&#13;<br \/>\n        <img src=\"https:\/\/www.europesays.com\/fr\/wp-content\/uploads\/2025\/09\/photo-thomas-toussaint-1758031894.jpg\"   alt=\"Photo Thomas Toussaint\" fetchpriority=\"high\" decoding=\"async\" data-mobile=\"NW_listA_M|1758031894\" data-base=\"NW_listA|1758031894\"\/>&#13;<br \/>\n    <\/a>&#13;<\/p>\n<p>Photo Thomas Toussaint<\/p>\n<p>Cette ann\u00e9e, la Convention europ\u00e9enne des droits de l\u2019homme f\u00eate ses 75 ans, et le Palais des droits de l\u2019homme ses 30 ans. Pour ces journ\u00e9es du patrimoine, la Cour europ\u00e9enne des droits de l\u2019homme ouvre ses portes. Au programme : visite du b\u00e2timent et d\u00e9couverte des coulisses de la juridiction.<br \/><strong>C\u2019est o\u00f9 ?<\/strong> Cour europ\u00e9enne des droits de l&rsquo;homme. 1, all\u00e9e des droits de l&rsquo;homme, Strasbourg<br \/><strong>C\u2019est quand ?<\/strong> Dimanche 21 septembre 2025 de 10h \u00e0 18h<\/p>\n<p>Avec vos enfants<\/p>\n<p><strong>\u25ba Initiez-vous aux techniques de fouille arch\u00e9ologique<\/strong><\/p>\n<p>    &#13;<br \/>\n    &#13;<br \/>\n    &#13;<br \/>\n    <a href=\"https:\/\/cdn-s-www.dna.fr\/images\/db1b003b-cae0-495d-b1b3-10481fdf5d16\/NW_raw\/photo-julien-meyer-1749659691.jpg\" title=\"Photo Julien Meyer\" class=\"chocolat-image GA-tracking\" data-ga_type=\"click\" data-ga_category=\"D\u00e9tail\" data-ga_action=\"zoomer\" data-ga_label=\"aggrandir image\" target=\"_blank\" rel=\"noopener\">&#13;<br \/>\n        <img src=\"https:\/\/www.europesays.com\/fr\/wp-content\/uploads\/2025\/09\/photo-julien-meyer-1749659691.jpg\"   alt=\"Photo Julien Meyer\" fetchpriority=\"high\" decoding=\"async\" data-mobile=\"NW_listA_M|1749659691\" data-base=\"NW_listA|1749659691\"\/>&#13;<br \/>\n    <\/a>&#13;<\/p>\n<p>Photo Julien Meyer<\/p>\n<p>Vous avez toujours r\u00eav\u00e9 d\u2019\u00eatre arch\u00e9ologue ? Cela tombe bien, \u00e0 Dehlingen, le site arch\u00e9ologique de la <a href=\"https:\/\/www.dna.fr\/culture-loisirs\/2025\/08\/25\/le-site-gallo-romain-a-devoile-ses-tresors-lors-de-la-journee-portes-ouvertes\" target=\"_blank\" rel=\"noopener\">villa du G\u00fcrtelbach<\/a>, un domaine agricole romain, est toujours l\u2019objet de fouilles. Et propose pour ces journ\u00e9es du patrimoine de vous initier \u00e0 la fouille d\u2019une villa romaine.<br \/><strong>C\u2019est o\u00f9 ?<\/strong> Site arch\u00e9ologique \u00ab\u00a0La Villa gallo-romaine du G\u00fcrtelbach\u00a0\u00bb, Dehlingen<br \/><strong>C\u2019est quand ?<\/strong>\u00a0Samedi 20 et dimanche 21 septembre de 14h \u00e0 17h<\/p>\n<p><strong>\u25ba Apprenez \u00e0 dessiner des fossiles \u00e0 Strasbourg<\/strong><\/p>\n<p>Actuellement en travaux, l\u2019Institut de g\u00e9ologie, qui accueille le mus\u00e9e de min\u00e9ralogie et des collections de pal\u00e9ontologie, vous propose un atelier, notamment pour admirer des fossiles et apprendre \u00e0 les dessiner.<br \/><strong>C\u2019est o\u00f9 ?<\/strong> Le Jardin des sciences, 27 boulevard de la victoire, Strasbourg<br \/><strong>C\u2019est quand ?<\/strong> Samedi 20 et dimanche 21 septembre de 10h \u00e0 18h<\/p>\n<p><strong>\u25ba R\u00e9alisez une cartographie illustr\u00e9e du quartier des Dominicains, \u00e0 Colmar<\/strong><\/p>\n<p>L&rsquo;illustratrice Karine Maincent animera un atelier pour les enfants, qui pourront cr\u00e9er une carte du quartier \u00e0 partir de cartes postales anciennes et cr\u00e9ations en papier d\u00e9coup\u00e9.<br \/><strong>C\u2019est o\u00f9 ?\u00a0<\/strong>Biblioth\u00e8que des Dominicains, 1 Place des Martyrs de la R\u00e9sistance,\u00a0Colmar<br \/><strong>C&rsquo;est quand ? <\/strong>Samedi 20 et dimanche 21 septembre de 10h \u00e0 18h<\/p>\n<p><strong>Un peu d\u2019histoire<\/strong><\/p>\n<p><strong>\u25ba Explorez un fort de la Ligne Maginot<\/strong><\/p>\n<p>    &#13;<br \/>\n    &#13;<br \/>\n    &#13;<br \/>\n    <a href=\"https:\/\/cdn-s-www.dna.fr\/images\/9f9244e4-11cd-463c-b645-bb0f5fae9a68\/NW_raw\/photo-archives-dna-1563950770.jpg\" title=\"Photo archives DNA\" class=\"chocolat-image GA-tracking\" data-ga_type=\"click\" data-ga_category=\"D\u00e9tail\" data-ga_action=\"zoomer\" data-ga_label=\"aggrandir image\" target=\"_blank\" rel=\"noopener\">&#13;<br \/>\n        <img src=\"https:\/\/www.europesays.com\/fr\/wp-content\/uploads\/2025\/09\/photo-archives-dna-1743413192.jpg\"   alt=\"Photo archives DNA\" fetchpriority=\"high\" decoding=\"async\" data-mobile=\"NW_listA_M|1563950770\" data-base=\"NW_listA|1743413192\"\/>&#13;<br \/>\n    <\/a>&#13;<\/p>\n<p>Photo archives DNA<\/p>\n<p>\u00c0 Lembach se trouve <a href=\"https:\/\/www.dna.fr\/culture-loisirs\/2025\/07\/02\/four-a-chaux-une-chambre-de-tir-reconstituee\" target=\"_blank\" rel=\"noopener\">l\u2019ouvrage du Four \u00e0 Chaux<\/a>, l\u2019un des plus grands forts de la c\u00e9l\u00e8bre ligne Maginot, construite pour d\u00e9fendre la fronti\u00e8re avec l\u2019Allemagne pendant la Seconde Guerre mondiale. Une visite guid\u00e9e immersive vous y est propos\u00e9e, en fran\u00e7ais et en allemand, ainsi qu\u2019un escape game.<br \/><strong>C\u2019est o\u00f9 ?<\/strong>\u00a0Ouvrage du Four \u00e0 Chaux, Lembach<br \/><strong>C\u2019est quand ?<\/strong>\u00a0Dimanche 21 septembre de 10h \u00e0 18h<\/p>\n<p><strong>\u25ba Descendez dans une ancienne mine de fer \u00e0 Barr<\/strong><\/p>\n<p>Pouvez-vous imaginer ce que c\u2019\u00e9tait d\u2019\u00eatre un mineur au XVIIIe si\u00e8cle ? \u00c0\u00a0Barr, vous pourrez descendre dans une ancienne mine de fer de 43m reconstitu\u00e9e, et apprendre les m\u00e9thodes d\u2019extraction de l\u2019\u00e9poque.<br \/><strong>C\u2019est o\u00f9 ?\u00a0<\/strong>Mine de fer, Barr<strong><br \/>C\u2019est quand ?<\/strong>\u00a0Dimanche 21 septembre de 9h \u00e0 18h<\/p>\n<p><strong>\u25ba Admirez un cadran solaire unique en Europe<\/strong><\/p>\n<p>    &#13;<br \/>\n    &#13;<br \/>\n    &#13;<br \/>\n    <a href=\"https:\/\/cdn-s-www.dna.fr\/images\/a8293029-d320-4731-94a6-cf1a6fa25386\/NW_raw\/photo-valerie-koelbel-1596608790.jpg\" title=\"Photo Val\u00e9rie Koelbel\" class=\"chocolat-image GA-tracking\" data-ga_type=\"click\" data-ga_category=\"D\u00e9tail\" data-ga_action=\"zoomer\" data-ga_label=\"aggrandir image\" target=\"_blank\" rel=\"noopener\">&#13;<br \/>\n        <img src=\"https:\/\/www.europesays.com\/fr\/wp-content\/uploads\/2025\/09\/photo-valerie-koelbel-1743413192.jpg\"   alt=\"Photo Val\u00e9rie Koelbel\" fetchpriority=\"high\" decoding=\"async\" data-mobile=\"NW_listA_M|1596608790\" data-base=\"NW_listA|1743413192\"\/>&#13;<br \/>\n    <\/a>&#13;<\/p>\n<p>Photo Val\u00e9rie Koelbel<\/p>\n<p>\u00c0 Rouffach, le clo\u00eetre de l\u2019ancien couvent des franciscains contient un remarquable cadran solaire, avec fresque, datant du XVIIe si\u00e8cle. L\u2019entr\u00e9e dans l\u2019ancien couvent est libre pour l\u2019occasion.<br \/><strong>C\u2019est o\u00f9 ?\u00a0<\/strong>Ancien couvent des R\u00e9collets, 9 rue du 4e Spahis Marocains, Rouffach<strong><br \/>C\u2019est quand ?<\/strong>\u00a0Dimanche 21 septembre de 14h \u00e0 18h<\/p>\n<p>  L\u2019Alsace en bouteille<\/p>\n<p><strong>\u25ba D\u00e9couvrez comment fonctionne une distillerie<\/strong><\/p>\n<p>Fond\u00e9e en 1947, la distillerie Jos Nusbaumer accueille les curieux pour faire d\u00e9couvrir les secrets de son savoir-faire. Au programme : d\u00e9ambulation dans les ateliers de production, la salle des alambics, et le chai de vieillissement, ainsi que des d\u00e9gustations de spiritueux, liqueurs et whisky.<\/p>\n<p><strong>C\u2019est o\u00f9 ?<\/strong>\u00a0Distillerie Nusbaumer; 23 Grand Rue, Steige<br \/><strong>C\u2019est quand ?<\/strong> Dimanche 21 septembre de 10h \u00e0 12h, et de 14h \u00e0 17h<\/p>\n<p><strong>\u25ba Visitez les caves d\u2019une ancienne brasserie<\/strong>\u00a0<\/p>\n<p>    &#13;<br \/>\n    &#13;<br \/>\n    &#13;<br \/>\n    <a href=\"https:\/\/cdn-s-www.dna.fr\/images\/f958f102-b290-466c-b646-0a093dc54645\/NW_raw\/photo-francois-torelli-1534789517.jpg\" title=\"Photo Fran\u00e7ois Torelli\" class=\"chocolat-image GA-tracking\" data-ga_type=\"click\" data-ga_category=\"D\u00e9tail\" data-ga_action=\"zoomer\" data-ga_label=\"aggrandir image\" target=\"_blank\" rel=\"noopener\">&#13;<br \/>\n        <img src=\"https:\/\/www.europesays.com\/fr\/wp-content\/uploads\/2025\/09\/photo-francois-torelli-1743413192.jpg\"   alt=\"Photo Fran\u00e7ois Torelli\" fetchpriority=\"high\" decoding=\"async\" data-mobile=\"NW_listA_M|1534789517\" data-base=\"NW_listA|1743413192\"\/>&#13;<br \/>\n    <\/a>&#13;<\/p>\n<p>Photo Fran\u00e7ois Torelli<\/p>\n<p>4 000 m\u00e8tres carr\u00e9s, jusqu\u2019\u00e0 17 m\u00e8tres de profondeur\u2026 l\u2019ancienne brasserie de Lutterbach ouvre les portes de ses caves. Les membres de l\u2019association d\u2019histoire y proposeront des visites guid\u00e9es.<\/p>\n<p><strong>C\u2019est o\u00f9 ?\u00a0<\/strong>6 rue du Houblon, Lutterbach<strong><br \/><\/strong><strong>C\u2019est quand ?<\/strong> Samedi 20 septembre de 14h30 \u00e0 17h, et dimanche 21 septembre de 14h30 \u00e0 17h<br \/><strong><br \/>\u25ba Et celles d\u2019un domaine viticole<\/strong><\/p>\n<p>\u00c0\u00a0Zellenberg, le domaine viticole Jean Becker propose une visite guid\u00e9e de ses caves, ainsi qu\u2019une d\u00e9gustation de vin bio.<br \/><strong><br \/>C\u2019est o\u00f9 ?\u00a0<\/strong>4 route d&rsquo;Ostheim, Zellenberg<strong><br \/>C\u2019est quand ?<\/strong>\u00a0Samedi 20 septembre de 10h \u00e0 12h, de 14h \u00e0 17h, et de 17h \u00e0 19h. Dimanche 21 septembre de 10h \u00e0 12h et de 14h \u00e0 19h.<\/p>\n<p>Une parenth\u00e8se artistique<\/p>\n<p><strong>\u25ba Visitez les coulisses d\u2019un th\u00e9\u00e2tre atypique<\/strong><\/p>\n<p>    &#13;<br \/>\n    &#13;<br \/>\n    &#13;<br \/>\n    <a href=\"https:\/\/cdn-s-www.dna.fr\/images\/c5e3cd67-37f9-4253-82ab-d17f12aab288\/NW_raw\/photo-veronique-berkani-1745168079.jpg\" title=\"Photo V\u00e9ronique Berkani\" class=\"chocolat-image GA-tracking\" data-ga_type=\"click\" data-ga_category=\"D\u00e9tail\" data-ga_action=\"zoomer\" data-ga_label=\"aggrandir image\" target=\"_blank\" rel=\"noopener\">&#13;<br \/>\n        <img src=\"https:\/\/www.europesays.com\/fr\/wp-content\/uploads\/2025\/09\/photo-veronique-berkani-1745168079.jpg\"   alt=\"Photo V\u00e9ronique Berkani\" fetchpriority=\"high\" decoding=\"async\" data-mobile=\"NW_listA_M|1745168079\" data-base=\"NW_listA|1745168079\"\/>&#13;<br \/>\n    <\/a>&#13;<\/p>\n<p>Photo V\u00e9ronique Berkani<\/p>\n<p>Perch\u00e9 dans les Hautes-Vosges, le Th\u00e9\u00e2tre du Peuple de Bussang <a href=\"https:\/\/www.dna.fr\/culture-loisirs\/2025\/07\/19\/ces-comediens-alsaciens-racontent-leur-theatre-du-peuple-qui-fete-ses-130-ans\" target=\"_blank\" rel=\"noopener\">f\u00eate cette ann\u00e9e ses 130 ans<\/a>. Des visites de ce th\u00e9\u00e2tre class\u00e9 au titre des monuments historiques depuis 1976 ainsi qu\u2019une animation sont propos\u00e9es.<\/p>\n<p><strong>C\u2019est o\u00f9 ?<\/strong>\u00a0Th\u00e9\u00e2tre du Peuple, 40 Rue du Th\u00e9\u00e2tre du Peuple, Bussang,<br \/><strong>C\u2019est quand ?<\/strong>\u00a0Samedi 20 septembre de 14h30 \u00e0 16h15, et de 16h30 \u00e0 18h15. Dimanche 21 septembre de 10h30 \u00e0 12h15, de 14h30 \u00e0 16h15, et de 16h30 \u00e0 18h15<\/p>\n<p><strong>\u25ba Acc\u00e9dez aux r\u00e9serves d\u2019une collection d\u2019art contemporain<\/strong><\/p>\n<p>    &#13;<br \/>\n    &#13;<br \/>\n    &#13;<br \/>\n    <a href=\"https:\/\/cdn-s-www.dna.fr\/images\/18a31b49-92e1-497b-811f-07aeee1b3271\/NW_raw\/photo-franck-delhomme-1758016627.jpg\" title=\"Photo Franck Delhomme\" class=\"chocolat-image GA-tracking\" data-ga_type=\"click\" data-ga_category=\"D\u00e9tail\" data-ga_action=\"zoomer\" data-ga_label=\"aggrandir image\" target=\"_blank\" rel=\"noopener\">&#13;<br \/>\n        <img src=\"https:\/\/www.europesays.com\/fr\/wp-content\/uploads\/2025\/09\/photo-franck-delhomme-1758016627.jpg\"   alt=\"Photo Franck Delhomme\" fetchpriority=\"high\" decoding=\"async\" data-mobile=\"NW_listA_M|1758016627\" data-base=\"NW_listA|1758016627\"\/>&#13;<br \/>\n    <\/a>&#13;<\/p>\n<p>Photo Franck Delhomme<\/p>\n<p>\u00c0 S\u00e9lestat, les r\u00e9serves du Fonds r\u00e9gional d&rsquo;art contemporain Alsace sont habituellement ferm\u00e9es au public. Pour ces journ\u00e9es du patrimoine, elles ouvrent leurs portes.<\/p>\n<p><strong>C\u2019est o\u00f9 ?<\/strong>\u00a0FRAC Alsace, 1 route de Marckolsheim, S\u00e9lestat<br \/><strong>C\u2019est quand ?<\/strong> Dimanche 21 septembre de 14h \u00e0 14h45, de 15h \u00e0 15h45, de 16h \u00e0 16h45, et de 17h \u00e0 17h45<\/p>\n<p><strong>\u25ba Admirez un retable gothique<\/strong><\/p>\n<p>    &#13;<br \/>\n    &#13;<br \/>\n    &#13;<br \/>\n    <a href=\"https:\/\/cdn-s-www.dna.fr\/images\/4b829bdd-51df-4cf7-a104-8b30c932f9cf\/NW_raw\/photo-archives-dna-1440263274.jpg\" title=\"Photo archives DNA\" class=\"chocolat-image GA-tracking\" data-ga_type=\"click\" data-ga_category=\"D\u00e9tail\" data-ga_action=\"zoomer\" data-ga_label=\"aggrandir image\" target=\"_blank\" rel=\"noopener\">&#13;<br \/>\n        <img src=\"https:\/\/www.europesays.com\/fr\/wp-content\/uploads\/2025\/09\/1758503514_639_photo-archives-dna-1743413192.jpg\"   alt=\"Photo archives DNA\" fetchpriority=\"high\" decoding=\"async\" data-mobile=\"NW_listA_M|1440263274\" data-base=\"NW_listA|1743413192\"\/>&#13;<br \/>\n    <\/a>&#13;<\/p>\n<p>Photo archives DNA<\/p>\n<p>D\u00e9couvrez le c\u00e9l\u00e8bre retable de Buhl, dans l\u2019\u00e9glise Saint Jean-Baptiste, class\u00e9e au titre des monuments historiques depuis 1863.<br \/><strong>C\u2019est o\u00f9 ?\u00a0<\/strong>\u00c9glise Saint Jean-Baptiste, 13A Place de l&rsquo;Eglise, Buhl<strong><br \/>C\u2019est quand ?<\/strong>\u00a0Samedi 20 et dimanche 21 septembre de 14h30 \u00e0 17h<\/p>\n<p>Mettez la main \u00e0 la p\u00e2te<\/p>\n<p><strong>\u25ba Formez-vous \u00e0 la poterie d\u2019art<\/strong><\/p>\n<p>Situ\u00e9 \u00e0 Mussig, l\u2019atelier de c\u00e9ramique et de poterie d\u2019art Plume d\u2019argile propose des visites pour comprendre la fabrication d\u2019une c\u00e9ramique, ainsi que des d\u00e9monstrations et mini-ateliers.<br \/><strong>C\u2019est o\u00f9 ?\u00a0<\/strong>36A rue de S\u00e9lestat, Mussig<strong><br \/>C\u2019est quand ?<\/strong> Samedi 20 et dimanche 21 septembre, de 10h \u00e0 18h<\/p>\n<p><strong>\u25ba D\u00e9couvrez la calligraphie m\u00e9di\u00e9vale<\/strong>\u00a0<\/p>\n<p>    &#13;<br \/>\n    &#13;<br \/>\n    &#13;<br \/>\n    <a href=\"https:\/\/cdn-s-www.dna.fr\/images\/e399697e-ce0d-4744-b33d-9e30ba7a364a\/NW_raw\/photo-sarah-chopin-1565339705.jpg\" title=\"Photo Sarah Chopin\" class=\"chocolat-image GA-tracking\" data-ga_type=\"click\" data-ga_category=\"D\u00e9tail\" data-ga_action=\"zoomer\" data-ga_label=\"aggrandir image\" target=\"_blank\" rel=\"noopener\">&#13;<br \/>\n        <img src=\"https:\/\/www.europesays.com\/fr\/wp-content\/uploads\/2025\/09\/photo-sarah-chopin-1743413192.jpg\"   alt=\"Photo Sarah Chopin\" fetchpriority=\"high\" decoding=\"async\" data-mobile=\"NW_listA_M|1565339705\" data-base=\"NW_listA|1743413192\"\/>&#13;<br \/>\n    <\/a>&#13;<\/p>\n<p>Photo Sarah Chopin<\/p>\n<p>La Biblioth\u00e8que Humaniste de S\u00e9lestat poss\u00e8de un fonds important de manuscrits m\u00e9di\u00e9vaux et d\u2019imprim\u00e9s des XVe et XVIe si\u00e8cles. Ces journ\u00e9es du patrimoine sont donc l\u2019occasion de vous initier \u00e0 la calligraphie gothique.<br \/><strong>C\u2019est o\u00f9 ?<\/strong>\u00a0Biblioth\u00e8que Humaniste, Place du Docteur Maurice Kubler, S\u00e9lestat<strong><br \/>C\u2019est quand ?<\/strong> Samedi 20 septembre de 10h30 \u00e0 12h et de 14h \u00e0 17h30, puis dimanche 21 septembre de 10h30 \u00e0 12h et de 14h \u00e0 17h30<\/p>\n<p><strong>\u25ba Tentez l\u2019impression \u00e0 la planche et au flocage<\/strong><\/p>\n<p>\u00c0 Mulhouse, le mus\u00e9e de l&rsquo;impression sur \u00e9toffes propose de vous initier \u00e0 la technique de l\u2019impression \u00e0 la planche et du flocage. Apr\u00e8s cet atelier, vous pourrez repartir avec votre pochon d\u00e9cor\u00e9.<br \/><strong>C\u2019est o\u00f9 ?<\/strong>\u00a0Mus\u00e9e de l&rsquo;impression sur \u00e9toffes, 14 Rue Jean-Jacques Henner, Mulhouse<br \/><strong>C\u2019est quand ?<\/strong>\u00a0Samedi 20 septembre 2025 de 14h \u00e0 17h<\/p>\n","protected":false},"excerpt":{"rendered":"Votre ville sous un nouvel angle \u25ba Faites un city-tour f\u00e9ministe \u00e0 Strasbourg L&rsquo;association Osez le f\u00e9minisme 67&hellip;\n","protected":false},"author":2,"featured_media":408369,"comment_status":"","ping_status":"","sticky":false,"template":"","format":"standard","meta":{"footnotes":""},"categories":[2820],"tags":[1111,11,2389,1687,1777,674,107,1011,27,775,937,12,2661,25,640,602,1631],"class_list":{"0":"post-408368","1":"post","2":"type-post","3":"status-publish","4":"format-standard","5":"has-post-thumbnail","7":"category-strasbourg","8":"tag-actu","9":"tag-actualites","10":"tag-alsace","11":"tag-culture-loisirs","12":"tag-eu","13":"tag-europe","14":"tag-fil-info","15":"tag-fr","16":"tag-france","17":"tag-grand-est","18":"tag-histoire","19":"tag-news","20":"tag-patrimoine-culturel","21":"tag-republique-francaise","22":"tag-strasbourg","23":"tag-tourisme","24":"tag-vie-associative"},"share_on_mastodon":{"url":"https:\/\/pubeurope.com\/@fr\/115245295751314161","error":""},"_links":{"self":[{"href":"https:\/\/www.europesays.com\/fr\/wp-json\/wp\/v2\/posts\/408368","targetHints":{"allow":["GET"]}}],"collection":[{"href":"https:\/\/www.europesays.com\/fr\/wp-json\/wp\/v2\/posts"}],"about":[{"href":"https:\/\/www.europesays.com\/fr\/wp-json\/wp\/v2\/types\/post"}],"author":[{"embeddable":true,"href":"https:\/\/www.europesays.com\/fr\/wp-json\/wp\/v2\/users\/2"}],"replies":[{"embeddable":true,"href":"https:\/\/www.europesays.com\/fr\/wp-json\/wp\/v2\/comments?post=408368"}],"version-history":[{"count":0,"href":"https:\/\/www.europesays.com\/fr\/wp-json\/wp\/v2\/posts\/408368\/revisions"}],"wp:featuredmedia":[{"embeddable":true,"href":"https:\/\/www.europesays.com\/fr\/wp-json\/wp\/v2\/media\/408369"}],"wp:attachment":[{"href":"https:\/\/www.europesays.com\/fr\/wp-json\/wp\/v2\/media?parent=408368"}],"wp:term":[{"taxonomy":"category","embeddable":true,"href":"https:\/\/www.europesays.com\/fr\/wp-json\/wp\/v2\/categories?post=408368"},{"taxonomy":"post_tag","embeddable":true,"href":"https:\/\/www.europesays.com\/fr\/wp-json\/wp\/v2\/tags?post=408368"}],"curies":[{"name":"wp","href":"https:\/\/api.w.org\/{rel}","templated":true}]}}