{"id":408377,"date":"2025-09-22T01:18:21","date_gmt":"2025-09-22T01:18:21","guid":{"rendered":"https:\/\/www.europesays.com\/fr\/408377\/"},"modified":"2025-09-22T01:18:21","modified_gmt":"2025-09-22T01:18:21","slug":"la-reconversion-de-william-aucant-lfi-simpose","status":"publish","type":"post","link":"https:\/\/www.europesays.com\/fr\/408377\/","title":{"rendered":"la reconversion de William Aucant (LFI) s\u2019impose"},"content":{"rendered":"<p style=\"text-align: justify;\">On fait le m\u00e9nage chez les Insoumis \u00e0 Nantes. Pour les \u00e9lections municipales de mars 2026, deux chefs de file avaient \u00e9t\u00e9 d\u00e9sign\u00e9s : Marina Ferreruela et William Aucant. Leur discours avait le m\u00e9rite de la simplicit\u00e9 : \u00ab\u00a0un programme de rupture\u00a0\u00bb, compte tenu \u00ab\u00a0de vrais d\u00e9saccords\u00a0\u00bb\u00a0 avec le PS sur les sujets du logement, de la s\u00e9curit\u00e9, ou de la planification \u00e9cologique. Le 29 ao\u00fbt, William Aucant\u00a0 pr\u00e9sentait 650 propositions figurant dans un programme intitul\u00e9 \u00ab\u00a0Faire mieux \u00e0 Nantes\u00a0\u00bb. Il ambitionnait alors de \u00ab\u00a0discuter avec les autres partenaires de gauche, en priorit\u00e9 avec celles et ceux avec qui nous avons une accointance id\u00e9ologique, c\u2019est-\u00e0-dire les \u00e9cologistes\u00a0\u00bb, l\u2019objectif \u00e9tant de sceller une possible alliance (Presse Oc\u00e9an, samedi 6 septembre 2025)<\/p>\n<p style=\"text-align: justify;\">Mais une m\u00e9chante affaire de violences sexuelles et sexistes survenue au sein des Insoumis nantais va briser cet \u00e9lan. D\u2019abord Marina Ferreruela est suspendue pour une dur\u00e9e d\u2019un an\u00a0; elle est \u00ab\u00a0coupable\u00a0\u00bb, selon les instances nationales d\u2019avoir mal g\u00e9r\u00e9 cette affaire. Ensuite William Aucant h\u00e9rite d\u2019un avertissement, ainsi que quatre autres militants. Mais les choses se durcissent\u00a0 le 1er septembre puisque la direction nationale du mouvement d\u00e9cide de \u00ab\u00a0d\u00e9brancher\u00a0\u00bb William Aucant, c\u2019est-\u00e0-dire de d\u00e9mettre de ses fonctions celui qui devait \u00eatre chef de file des Insoumis pour les \u00e9lections municipales de mars 2026 \u00e0 Nantes (Ouest-France, Nantes, vendredi 5 septembre 2025). Autant dire que les Insoumis n\u2019ont plus de chef de file. Un cadre du parti raconte\u00a0: \u00ab\u00a0La guerre interne est si vive que c\u2019\u00e9tait la seule solution. Les militants ne voulaient plus suivre William. Il \u00e9tait en minorit\u00e9 totale. Deux adh\u00e9rents \u00e9taient candidats pour le renverser et prendre les r\u00eanes des municipales. Il fallait stopper tout \u00e7a. \u00bb (Ouest-France, Nantes, vendredi 5 septembre 2025)<\/p>\n<p><strong>\u00ab L\u2019union est un combat \u00bb, disait Georges Marchais (PCF)<\/strong><\/p>\n<p style=\"text-align: justify;\">Il para\u00eet que Andy Kerbrat (LFI) d\u00e9put\u00e9 de Nantes centre, et S\u00e9gol\u00e8ne Amiot (LFI), d\u00e9put\u00e9e de Nantes-Saint-Herblain, vont se charger des n\u00e9gociations \u00e0 mener avec les partenaires de gauche. \u00ab\u00a0L\u2019objectif, c\u2019est de remettre la campagne sur les rails et de retrouver une dynamique saine et sereine. La r\u00e9union orchestr\u00e9e avec le comit\u00e9 \u00e9lectoral, c\u2019est Andy et moi qui l\u2019avons sollicit\u00e9e, en accord avec William. On va prendre le temps de discuter, de d\u00e9battre. Pour qu\u2019\u00e0 terme, l\u2019ensemble des militantes et militants trouvent parfaitement l\u00e9gitimes les chefs de file ou candidats qui seront d\u00e9sign\u00e9s. Et que le futur bin\u00f4me ait le soutien de toutes et tous\u00a0\u00bb,\u00a0 annonce S\u00e9gol\u00e8ne Amiot (Presse Oc\u00e9an, samedi 6 septembre 2025)<\/p>\n<p style=\"text-align: justify;\">Que va devenir William Aucant dans ce mic-mac\u00a0? On se souvient que, en juin 2021, il avait \u00e9t\u00e9 \u00e9lu conseiller r\u00e9gional des Pays de la Loire\u00a0; il figurait alors sur la liste UGE (\u00ab\u00a0Union \u00e0 gauche et \u00e9cologistes. L\u2019Ecologie ensemble, solidaire et citoyenne\u00a0\u00bb) conduite par le d\u00e9put\u00e9 \u00e9cologiste Mathieu Orphelin (Anjou). Au premier tour, cette liste rassemble les \u00e9cologistes et la France insoumise. Au second, elle fusionne avec celle du d\u00e9put\u00e9 socialiste Guillaume Garot (Laval). En Loire-Atlantique, elle avait obtenu 11 \u00e9lus\u00a0: Franck Nicolon, Mahaut Bertu, William Aucant, Ga\u00eblle Rougeron, Dominique Deniaud, V\u00e9ronique Mah\u00e9, Eric Provost, Sabine Lalande, Thierry Violand, Pascale Hameau, Christophe Clergeau. Pour \u00e9chapper aux d\u00e9chirements qui traversent les Insoumis nantais, Aucant pourrait tr\u00e8s bien trouver refuge chez Les Ecologistes, gens accueillants et peu port\u00e9s sur la discipline. A l\u2019Assembl\u00e9e nationale, les anciens insoumis Fran\u00e7ois Ruffin, Cl\u00e9mentine Autain et Alexis Corbi\u00e8re ont trouv\u00e9 le g\u00eete et le couvert dans le groupe \u00ab\u00a0Ecologiste et social\u00a0\u00bb (38 membres). Une autre possibilit\u00e9 s\u2019offre \u00e0 lui\u00a0: rejoindre \u00ab\u00a0L\u2019Apr\u00e8s\u00a0\u00bb (\u00ab\u00a0Association pour une r\u00e9publique \u00e9cologique et sociale\u00a0\u00bb), une petite boutique fond\u00e9e par des anciens lieutenants de Jean-Luc M\u00e9lenchon (Cl\u00e9mentine Autain, Alexis Corbi\u00e8re, Raquel Garrido, Danielle Simonnet\u2026). A Nantes, elle compte quelques militants\u00a0: Nad\u00e8ge Boisram\u00e9, Jean Brunacci, Marl\u00e8ne Collineau, Antoine Perrin, J\u00e9r\u00f4me Sulim. A coup s\u00fbr, il leur manque un chef\u00a0; William Aucant ferait l\u2019affaire\u2026 En attendant, ces militants d\u00e9vou\u00e9s\u00a0 se positionnent tr\u00e8s clairement \u00ab\u00a0en faveur d\u2019un rassemblement des forces de gauche au premier tour des \u00e9lections municipales de 2026\u00a0\u00bb, insiste Marl\u00e8ne Collineau, qui poursuit\u00a0: \u00ab\u00a0On ne doit pas avoir peur d\u2019avoir toutes les forces de gauche sur les bancs de la majorit\u00e9 municipale, on a besoin de confrontations d\u2019id\u00e9es\u00a0\u00bb (Ouest-France, Loire-Atlantique, vendredi 14 mars 2025). Voil\u00e0 un discours qui devrait plaire \u00e0 Aucant.<\/p>\n<p><strong>Aucant croit aux\u00a0 transports en commun<\/strong><\/p>\n<p style=\"text-align: justify;\">Bien entendu, Aucant peut en avoir marre de la politique. Cet architecte urbaniste pourrait alors retourner \u00e0 l\u2019\u00e9cologie \u201ctechnicienne\u201c. Ne fut-il pas membre du comit\u00e9 charg\u00e9 du logement au sein de la Convention citoyenne pour le climat en 2020\u00a0? Pour lui, \u00e0 Nantes, c\u2019est la probl\u00e9matique du transport qui est primordiale. Se doter d\u2019un r\u00e9seau de transport \u00ab\u00a0doux\u00a0\u00bb, ou revoir le rapport de ses habitants \u00e0 l\u2019automobile, permettrait \u00e0 Nantes de devenir un territoire pionnier dans la transition \u00e9nerg\u00e9tique. \u00ab\u00a0On pourrait aussi recentrer notre quotidien sur la proximit\u00e9, r\u00e9duire les distances domicile-travail et lancer le tourisme local. On pourrait faire de notre ville un endroit qu\u2019on n\u2019a pas envie de quitter\u00a0\u00bb, explique-t-il (Presse Oc\u00e9an, mardi 23 juin 2020). A l\u2019\u00e9poque, Aucant \u00a0ne s\u2019int\u00e9ressait ni \u00e0 la politique politicienne ni aux \u00e9lections, mais au quotidien des Nantais\u2026 Il \u00e9tait utile\u2026<\/p>\n<p style=\"text-align: justify;\">Bernard Morvan<\/p>\n<p style=\"text-align: justify;\">Illustration : DR<br \/>[cc] Article relu et corrig\u00e9 par ChatGPT. Breizh-info.com, 2025, d\u00e9p\u00eaches libres de copie et de diffusion sous r\u00e9serve de mention et de lien vers la source d\u2019origine<\/p>\n","protected":false},"excerpt":{"rendered":"On fait le m\u00e9nage chez les Insoumis \u00e0 Nantes. Pour les \u00e9lections municipales de mars 2026, deux chefs&hellip;\n","protected":false},"author":2,"featured_media":408378,"comment_status":"","ping_status":"","sticky":false,"template":"","format":"standard","meta":{"footnotes":""},"categories":[2818],"tags":[1111,11,38936,1777,674,1011,27,16578,766,12,2636,25,54000],"class_list":{"0":"post-408377","1":"post","2":"type-post","3":"status-publish","4":"format-standard","5":"has-post-thumbnail","7":"category-nantes","8":"tag-actu","9":"tag-actualites","10":"tag-andy-kerbrat","11":"tag-eu","12":"tag-europe","13":"tag-fr","14":"tag-france","15":"tag-johanna-roland","16":"tag-nantes","17":"tag-news","18":"tag-pays-de-la-loire","19":"tag-republique-francaise","20":"tag-william-aucant"},"share_on_mastodon":{"url":"https:\/\/pubeurope.com\/@fr\/115245318357716951","error":""},"_links":{"self":[{"href":"https:\/\/www.europesays.com\/fr\/wp-json\/wp\/v2\/posts\/408377","targetHints":{"allow":["GET"]}}],"collection":[{"href":"https:\/\/www.europesays.com\/fr\/wp-json\/wp\/v2\/posts"}],"about":[{"href":"https:\/\/www.europesays.com\/fr\/wp-json\/wp\/v2\/types\/post"}],"author":[{"embeddable":true,"href":"https:\/\/www.europesays.com\/fr\/wp-json\/wp\/v2\/users\/2"}],"replies":[{"embeddable":true,"href":"https:\/\/www.europesays.com\/fr\/wp-json\/wp\/v2\/comments?post=408377"}],"version-history":[{"count":0,"href":"https:\/\/www.europesays.com\/fr\/wp-json\/wp\/v2\/posts\/408377\/revisions"}],"wp:featuredmedia":[{"embeddable":true,"href":"https:\/\/www.europesays.com\/fr\/wp-json\/wp\/v2\/media\/408378"}],"wp:attachment":[{"href":"https:\/\/www.europesays.com\/fr\/wp-json\/wp\/v2\/media?parent=408377"}],"wp:term":[{"taxonomy":"category","embeddable":true,"href":"https:\/\/www.europesays.com\/fr\/wp-json\/wp\/v2\/categories?post=408377"},{"taxonomy":"post_tag","embeddable":true,"href":"https:\/\/www.europesays.com\/fr\/wp-json\/wp\/v2\/tags?post=408377"}],"curies":[{"name":"wp","href":"https:\/\/api.w.org\/{rel}","templated":true}]}}