{"id":408379,"date":"2025-09-22T01:20:21","date_gmt":"2025-09-22T01:20:21","guid":{"rendered":"https:\/\/www.europesays.com\/fr\/408379\/"},"modified":"2025-09-22T01:20:21","modified_gmt":"2025-09-22T01:20:21","slug":"d3f-revivez-montauban-bordeaux-1-0","status":"publish","type":"post","link":"https:\/\/www.europesays.com\/fr\/408379\/","title":{"rendered":"D3F : Revivez Montauban-Bordeaux (1-0)"},"content":{"rendered":"<p>\n    21\/09 &#8211; 17:23 | Par la r\u00e9daction | Il y a<br \/>\n    10 heures\n  <\/p>\n<p><strong>Suivez la rencontre de la 3e journ\u00e9e de Division 3 Nationale f\u00e9minine en direct. Les Girondins sont en d\u00e9placement pour affronter le Montauban FC. Bordeaux est men\u00e9 1 \u00e0 0 \u00e0 la mi-temps.<\/strong><\/p>\n<p><img decoding=\"async\" src=\"https:\/\/www.europesays.com\/fr\/wp-content\/uploads\/2025\/09\/671_ebd7bd19d3cd20ce6bc2d1ccdf8aab9e.jpg\" alt=\"D3F : Revivez Montauban-Bordeaux (1-0)\" class=\"img-responsive mt-3\"\/><\/p>\n<p class=\"text-center mb-3\" style=\"font-size: 14px\">\u00a9 Iconsport<\/p>\n<p>Le match est diffus\u00e9 en direct par Aquit\u00e9l\u00e9. Le coup d&rsquo;envoi a \u00e9t\u00e9 donn\u00e9 \u00e0 15h.<\/p>\n<p>Ce navigateur ne supporte pas les iframes<\/p>\n<p>\u00a0<\/p>\n<p>&gt;<strong><a href=\"https:\/\/www.webgirondins.com\/resultats-calendrier-feminines-girondins\" target=\"_blank\" rel=\"noopener\"> Voir les r\u00e9sultats et le calendrier des f\u00e9minines<\/a><\/strong><\/p>\n<p>&gt; <strong><a href=\"https:\/\/www.webgirondins.com\/classement-girondins-feminines-division3\" target=\"_blank\" rel=\"noopener\">Voir le classement de D3F\u00a0<\/a><\/strong><\/p>\n<p>\u00a0<\/p>\n<p>    <a href=\"https:\/\/www.webgirondins.com\/actualites-categorie-feminines-18\" target=\"_blank\" rel=\"noopener\">#F\u00e9minines<\/a><\/p>\n<p>  COMMENTAIRES<br \/>\n  ()<\/p>\n","protected":false},"excerpt":{"rendered":"21\/09 &#8211; 17:23 | Par la r\u00e9daction | Il y a 10 heures Suivez la rencontre de la&hellip;\n","protected":false},"author":2,"featured_media":408380,"comment_status":"","ping_status":"","sticky":false,"template":"","format":"standard","meta":{"footnotes":""},"categories":[2817],"tags":[1111,11,3987,1997,11925,814,8374,1777,674,4283,1011,27,1987,3465,5433,19054,4361,12,2219,471,5486,25,3679,3333,5237,5426],"class_list":{"0":"post-408379","1":"post","2":"type-post","3":"status-publish","4":"format-standard","5":"has-post-thumbnail","7":"category-bordeaux","8":"tag-actu","9":"tag-actualites","10":"tag-affronter","11":"tag-bordeaux","12":"tag-deplacement","13":"tag-direct","14":"tag-division","15":"tag-eu","16":"tag-europe","17":"tag-feminine","18":"tag-fr","19":"tag-france","20":"tag-girondins","21":"tag-journee","22":"tag-mene","23":"tag-montauban","24":"tag-nationale","25":"tag-news","26":"tag-nouvelle-aquitaine","27":"tag-pour","28":"tag-rencontre","29":"tag-republique-francaise","30":"tag-revivez","31":"tag-sont","32":"tag-suivez","33":"tag-temps"},"share_on_mastodon":{"url":"https:\/\/pubeurope.com\/@fr\/115245326328882787","error":""},"_links":{"self":[{"href":"https:\/\/www.europesays.com\/fr\/wp-json\/wp\/v2\/posts\/408379","targetHints":{"allow":["GET"]}}],"collection":[{"href":"https:\/\/www.europesays.com\/fr\/wp-json\/wp\/v2\/posts"}],"about":[{"href":"https:\/\/www.europesays.com\/fr\/wp-json\/wp\/v2\/types\/post"}],"author":[{"embeddable":true,"href":"https:\/\/www.europesays.com\/fr\/wp-json\/wp\/v2\/users\/2"}],"replies":[{"embeddable":true,"href":"https:\/\/www.europesays.com\/fr\/wp-json\/wp\/v2\/comments?post=408379"}],"version-history":[{"count":0,"href":"https:\/\/www.europesays.com\/fr\/wp-json\/wp\/v2\/posts\/408379\/revisions"}],"wp:featuredmedia":[{"embeddable":true,"href":"https:\/\/www.europesays.com\/fr\/wp-json\/wp\/v2\/media\/408380"}],"wp:attachment":[{"href":"https:\/\/www.europesays.com\/fr\/wp-json\/wp\/v2\/media?parent=408379"}],"wp:term":[{"taxonomy":"category","embeddable":true,"href":"https:\/\/www.europesays.com\/fr\/wp-json\/wp\/v2\/categories?post=408379"},{"taxonomy":"post_tag","embeddable":true,"href":"https:\/\/www.europesays.com\/fr\/wp-json\/wp\/v2\/tags?post=408379"}],"curies":[{"name":"wp","href":"https:\/\/api.w.org\/{rel}","templated":true}]}}