{"id":408387,"date":"2025-09-22T01:25:18","date_gmt":"2025-09-22T01:25:18","guid":{"rendered":"https:\/\/www.europesays.com\/fr\/408387\/"},"modified":"2025-09-22T01:25:18","modified_gmt":"2025-09-22T01:25:18","slug":"le-vigs-lance-des-soirees-open-mic-pour-decouvrir-de-nouveaux-talents-locaux-a-marseille","status":"publish","type":"post","link":"https:\/\/www.europesays.com\/fr\/408387\/","title":{"rendered":"Le Vig&rsquo;s lance des soir\u00e9es \u00ab\u00a0open mic\u00a0\u00bb pour d\u00e9couvrir de nouveaux talents locaux \u00e0 Marseille"},"content":{"rendered":"<p><a href=\"https:\/\/www.laprovence.com\/article\/culture-loisirs\/2989609882553315\/exclusif-gad-elmaleh-jouvre-un-comedie-club-sur-le-vieux-port-a-marseille\" target=\"_blank\" rel=\"noopener\">Le Vig\u2019s, le com\u00e9die club et restaurant cr\u00e9\u00e9 par Gad Elmaleh et deux de ses amis d\u2019enfance<\/a>, entretient le rire des Marseillais et du public de passage sur le Vieux-Port depuis le d\u00e9but de l\u2019ann\u00e9e. D\u00e9j\u00e0 de nombreux humoristes sont venus au premier \u00e9tage de ce lieu de vie pour y r\u00e9pandre leur humour d\u00e9capant\u00a0: Gad bien entendu, Roman Frayssinet, Philippe Lellouche, Az, <a href=\"https:\/\/www.laprovence.com\/article\/culture-loisirs\/51004573260802\/a-marseille-le-duo-en-or-gad-elmaleh-et-redouane-bougheraba-a-retourne-le-vigs\" target=\"_blank\" rel=\"noopener\">Redouane Bougheraba<\/a>, Philippe Caverivi\u00e8re pour ne citer qu\u2019eux. Sans oublier la sc\u00e8ne locale tr\u00e8s riche de stand uppers.\u00a0Pour cette premi\u00e8re rentr\u00e9e, en plus des plateaux du vendredi et du samedi, le Vig\u2019s instaure deux nouveaux rendez-vous pour pousser plus loin son concept de salle incontournable de l\u2019humour \u00e0 Marseille.<\/p>\n<p>\u00ab\u00a0Une premi\u00e8re en France\u00a0\u00bb<\/p>\n<p>D\u00e9sormais tous les lundis, se tiendra la soir\u00e9e \u00ab\u00a0open mic\u00a0\u00bb du Vig\u2019s sous le nom \u00ab\u00a0Les g\u00e2t\u00e9s\u00a0\u00bb, pour d\u00e9couvrir et soutenir la sc\u00e8ne du stand up\u00a0: des artistes y font des passages ultra-dynamiques de 5 minutes. En chef d\u2019orchestre,<a href=\"https:\/\/www.laprovence.com\/article\/edition-marseille\/4323617\/briac-a-marseille-les-deux-roues-ne-sont-jamais-prioritaires.html\" target=\"_blank\" rel=\"noopener\"> l\u2019humoriste marseillais Briac<\/a>. \u00ab\u00a0Les artistes postulent en m\u2019envoyant des vid\u00e9os et je les s\u00e9lectionne en leur proposant une date, explique-t-il. Ce sont majoritairement des artistes locaux mais j\u2019ai aussi des candidatures de Bretagne, des Pays-Bas\u2026\u00a0\u00bb <\/p>\n<p>Une initiative qui rentre dans l\u2019ADN du lieu qui se veut \u00eatre \u00ab\u00a0une passerelle, un lieu de vie et de travail\u00a0\u00bb et qui a d\u00e9j\u00e0 un franc succ\u00e8s\u00a0: \u00ab\u00a0On a d\u00e9j\u00e0 une centaine de personnes programm\u00e9es\u00a0!\u00a0\u00bb Car selon Briac, c\u2019est en effet \u00ab\u00a0une premi\u00e8re en France. On n\u2019a jamais mis en valeur les artistes de cette fa\u00e7on. Car, en plus d\u2019un passage de 3 minutes ininterrompues, il y a ensuite une petite interview pour faire connaissance avec le talent.\u00a0\u00bb Le public aura m\u00eame quelques surprises avec des invit\u00e9s qui accompagneront Briac dans ces interviews comme Titoff, Patrick Bosso ou encore Gad lui-m\u00eame.<\/p>\n<p>Le jeudi avec les titulaires<\/p>\n<p>Deuxi\u00e8me rendez-vous de cette reprise\u00a0: le jeudi avec \u00ab\u00a0La soir\u00e9e des copaings\u00a0\u00bb. Le concept\u00a0: un des titulaires, parmi les humoristes qui font des passages r\u00e9guliers au Vig\u2019s, aura carte blanche pour programmer trois ou quatre amis afin de partager la sc\u00e8ne avec lui. On peut citer\u00a0:<a href=\"https:\/\/www.laprovence.com\/article\/culture-loisirs\/319658533682714\/bedou-un-taulier-de-l-humour-marseillais-pret-a-viser-plus-haut\" target=\"_blank\" rel=\"noopener\"> Bedou<\/a>, Merwan Sali, <a href=\"https:\/\/www.laprovence.com\/article\/culture-loisirs\/93471960398658\/apres-soixante-dates-remplies-l-humoriste-marseillaise-gabrielle-giraud-se-lance-de-nouveaux-defis\" target=\"_blank\" rel=\"noopener\">Gabrielle Giraud<\/a>, Julien Vinh, S\u00e9bastien Mei, Baba Rudy, Pascal Tino, Sofiane M&rsquo;Barki, Isabelle Guiot, Greg Petras, Miss Augine, Mathieu Triay.<\/p>\n<p>Le Vig&rsquo;s, 15 Quai de Rive Neuve, 7e. Tous les lundis, 10 artistes, 8\u20ac avec une consommation. Tous les jeudis \u00e0 20h, 13\u20ac. Toute la programmation du Vig\u2019s le vendredi et le samedi sur www.levigs.com.<\/p>\n","protected":false},"excerpt":{"rendered":"Le Vig\u2019s, le com\u00e9die club et restaurant cr\u00e9\u00e9 par Gad Elmaleh et deux de ses amis d\u2019enfance, entretient&hellip;\n","protected":false},"author":2,"featured_media":408388,"comment_status":"","ping_status":"","sticky":false,"template":"","format":"standard","meta":{"footnotes":""},"categories":[2814],"tags":[17,1111,11,251,154,1777,674,1011,27,9447,884,54002,12,10551,471,882,25,16335,54001],"class_list":{"0":"post-408387","1":"post","2":"type-post","3":"status-publish","4":"format-standard","5":"has-post-thumbnail","7":"category-marseille","8":"tag-17","9":"tag-actu","10":"tag-actualites","11":"tag-culture","12":"tag-des","13":"tag-eu","14":"tag-europe","15":"tag-fr","16":"tag-france","17":"tag-lance","18":"tag-marseille","19":"tag-mic","20":"tag-news","21":"tag-open","22":"tag-pour","23":"tag-provence-alpes-cote-dazur","24":"tag-republique-francaise","25":"tag-soirees","26":"tag-vigs"},"share_on_mastodon":{"url":"https:\/\/pubeurope.com\/@fr\/115245346404071970","error":""},"_links":{"self":[{"href":"https:\/\/www.europesays.com\/fr\/wp-json\/wp\/v2\/posts\/408387","targetHints":{"allow":["GET"]}}],"collection":[{"href":"https:\/\/www.europesays.com\/fr\/wp-json\/wp\/v2\/posts"}],"about":[{"href":"https:\/\/www.europesays.com\/fr\/wp-json\/wp\/v2\/types\/post"}],"author":[{"embeddable":true,"href":"https:\/\/www.europesays.com\/fr\/wp-json\/wp\/v2\/users\/2"}],"replies":[{"embeddable":true,"href":"https:\/\/www.europesays.com\/fr\/wp-json\/wp\/v2\/comments?post=408387"}],"version-history":[{"count":0,"href":"https:\/\/www.europesays.com\/fr\/wp-json\/wp\/v2\/posts\/408387\/revisions"}],"wp:featuredmedia":[{"embeddable":true,"href":"https:\/\/www.europesays.com\/fr\/wp-json\/wp\/v2\/media\/408388"}],"wp:attachment":[{"href":"https:\/\/www.europesays.com\/fr\/wp-json\/wp\/v2\/media?parent=408387"}],"wp:term":[{"taxonomy":"category","embeddable":true,"href":"https:\/\/www.europesays.com\/fr\/wp-json\/wp\/v2\/categories?post=408387"},{"taxonomy":"post_tag","embeddable":true,"href":"https:\/\/www.europesays.com\/fr\/wp-json\/wp\/v2\/tags?post=408387"}],"curies":[{"name":"wp","href":"https:\/\/api.w.org\/{rel}","templated":true}]}}