{"id":408393,"date":"2025-09-22T01:28:16","date_gmt":"2025-09-22T01:28:16","guid":{"rendered":"https:\/\/www.europesays.com\/fr\/408393\/"},"modified":"2025-09-22T01:28:16","modified_gmt":"2025-09-22T01:28:16","slug":"uxeau-johannes-fossey-a-quitte-lyon-pour-sinstaller-au-vert-comme-paysagiste","status":"publish","type":"post","link":"https:\/\/www.europesays.com\/fr\/408393\/","title":{"rendered":"Uxeau. Johannes Fossey a quitt\u00e9 Lyon pour s\u2019installer au vert comme paysagiste"},"content":{"rendered":"<p>Apr\u00e8s plusieurs ann\u00e9es pass\u00e9es en p\u00e9riph\u00e9rie de Lyon, embouteillage, stress et d\u00e9sire de changement pour se mettre au vert, ont pouss\u00e9 Johannes Fossey et sa compagne \u00e0 franchir le pas. \u00ab\u00a0Nous avions dans l\u2019id\u00e9e le Jura mais nous avons eu le coup de c\u0153ur ici \u00e0 Uxeau.\u00a0\u00bb Install\u00e9 impasse de Bassenier, Johannes a cr\u00e9\u00e9 son entreprise, Fossey Nature et Jardins, en avril\u00a02025. Originaire de Normandie, ce trentenaire a d\u2019abord pass\u00e9 une formation BEPA Productions horticoles \u00e0 Coutances (Manche). Formation qui lui a permis d\u2019assurer des missions en int\u00e9rim sur Lyon et de se former sur le tas en plus des divers stages de perfectionnement qu\u2019il a effectu\u00e9s.<\/p>\n<p>  De la chimie\u2026 \u00e0 paysagiste<\/p>\n<p>Employ\u00e9 comme pr\u00e9parateur de commandes et manutentionnaire durant 6 ans dans la chimie, il d\u00e9cide de franchir le cap et de s\u2019installer \u00e0 son compte. \u00ab\u00a0On manipulait des produits dangereux comme des acides. L\u00e0 c\u2019est plus naturel et je travaille beaucoup avec du naturel.\u00a0\u00bb<\/p>\n<p>Si Johannes envisage dans quelques ann\u00e9es d\u2019utiliser une partie de son terrain pour y planter de futurs plants pour ses chantiers, il proposera dans un premier temps ses services pour les particuliers et collectivit\u00e9s. Entre tonte de pelouses, taille de haies, arbustes et petits \u00e9lagage, l\u2019offre est vaste. \u00ab\u00a0Je vais proposer des contrats d\u2019entretien annuel mais aussi la pr\u00e9paration des jardins et\/ou leur entretien.\u00a0\u00bb<\/p>\n<p class=\"note\"> \u25b6 \u2002Contact\u00a0: Fossey Nature et Jardins 06\u00a034\u00a020\u00a008\u00a048<\/p>\n","protected":false},"excerpt":{"rendered":"Apr\u00e8s plusieurs ann\u00e9es pass\u00e9es en p\u00e9riph\u00e9rie de Lyon, embouteillage, stress et d\u00e9sire de changement pour se mettre au&hellip;\n","protected":false},"author":2,"featured_media":408394,"comment_status":"","ping_status":"","sticky":false,"template":"","format":"standard","meta":{"footnotes":""},"categories":[1889],"tags":[1111,11,1477,2430,33,3895,1777,674,107,1011,27,41647,2428,12,25,54009],"class_list":{"0":"post-408393","1":"post","2":"type-post","3":"status-publish","4":"format-standard","5":"has-post-thumbnail","7":"category-lyon","8":"tag-actu","9":"tag-actualites","10":"tag-artisanat","11":"tag-auvergne-rhone-alpes","12":"tag-economie","13":"tag-edition-charolais-brionnais","14":"tag-eu","15":"tag-europe","16":"tag-fil-info","17":"tag-fr","18":"tag-france","19":"tag-gueugnon-bassin","20":"tag-lyon","21":"tag-news","22":"tag-republique-francaise","23":"tag-uxeau"},"share_on_mastodon":{"url":"https:\/\/pubeurope.com\/@fr\/115245357655166112","error":""},"_links":{"self":[{"href":"https:\/\/www.europesays.com\/fr\/wp-json\/wp\/v2\/posts\/408393","targetHints":{"allow":["GET"]}}],"collection":[{"href":"https:\/\/www.europesays.com\/fr\/wp-json\/wp\/v2\/posts"}],"about":[{"href":"https:\/\/www.europesays.com\/fr\/wp-json\/wp\/v2\/types\/post"}],"author":[{"embeddable":true,"href":"https:\/\/www.europesays.com\/fr\/wp-json\/wp\/v2\/users\/2"}],"replies":[{"embeddable":true,"href":"https:\/\/www.europesays.com\/fr\/wp-json\/wp\/v2\/comments?post=408393"}],"version-history":[{"count":0,"href":"https:\/\/www.europesays.com\/fr\/wp-json\/wp\/v2\/posts\/408393\/revisions"}],"wp:featuredmedia":[{"embeddable":true,"href":"https:\/\/www.europesays.com\/fr\/wp-json\/wp\/v2\/media\/408394"}],"wp:attachment":[{"href":"https:\/\/www.europesays.com\/fr\/wp-json\/wp\/v2\/media?parent=408393"}],"wp:term":[{"taxonomy":"category","embeddable":true,"href":"https:\/\/www.europesays.com\/fr\/wp-json\/wp\/v2\/categories?post=408393"},{"taxonomy":"post_tag","embeddable":true,"href":"https:\/\/www.europesays.com\/fr\/wp-json\/wp\/v2\/tags?post=408393"}],"curies":[{"name":"wp","href":"https:\/\/api.w.org\/{rel}","templated":true}]}}