{"id":408420,"date":"2025-09-22T01:44:13","date_gmt":"2025-09-22T01:44:13","guid":{"rendered":"https:\/\/www.europesays.com\/fr\/408420\/"},"modified":"2025-09-22T01:44:13","modified_gmt":"2025-09-22T01:44:13","slug":"quartiers-inondes-coupures-delectricite-evenements-annules-des-pluies-fortes-et-diluviennes-en-vaucluse","status":"publish","type":"post","link":"https:\/\/www.europesays.com\/fr\/408420\/","title":{"rendered":"Quartiers inond\u00e9s, coupures d&rsquo;\u00e9lectricit\u00e9, \u00e9v\u00e9nements annul\u00e9s\u2026 des pluies fortes et diluviennes en Vaucluse"},"content":{"rendered":"<p>C\u2019\u00e9tait un dimanche \u00e0 rester sous la couette. Seuls quelques courageux, chauss\u00e9s de bottes de pluie, d\u2019un imperm\u00e9able et d\u2019un parapluie, ont affront\u00e9 les intemp\u00e9ries de ce dimanche 21\u00a0septembre.<\/p>\n<p>M\u00e9t\u00e9o France avait <a href=\"https:\/\/www.laprovence.com\/article\/faits-divers-justice\/551230142142114\/le-departement-de-vaucluse-place-en-vigilance-orange-pluies-orages-et-inondations\" target=\"_blank\" rel=\"noopener\">plac\u00e9 le d\u00e9partement en vigilance orange<\/a> pour les pluies, orages et inondations, et en vigilance jaune pour le ph\u00e9nom\u00e8ne de crues sur l\u2019Ouv\u00e8ze, l\u2019Aigues et le Coulon-Calavon.\u00a0\u00ab\u00a0Les services (de l\u2019\u00e9tablissement public) annoncent des cumuls de pluies pouvant atteindre 120\u00a0mm en 3\u00a0heures, probablement entre 15\u00a0h et 18\u00a0h\u00a0\u00bb, indiquait la pr\u00e9fecture de Vaucluse dans un communiqu\u00e9. De m\u00eame, \u00ab\u00a0un risque de fortes gr\u00eales, de vents violents sous orages avec risques de chutes d\u2019arbres, est \u00e9galement signal\u00e9.\u00a0\u00bb<\/p>\n<p>Le centre op\u00e9rationnel d\u00e9partemental, \u00ab\u00a0dirig\u00e9 par M. le pr\u00e9fet\u00a0\u00bb, a \u00e9t\u00e9 activ\u00e9 \u00e0 partir de\u00a013\u00a0h, afin de coordonner l\u2019action des diff\u00e9rents services et collectivit\u00e9s.<\/p>\n<p>Des perturbations sur la route et les rails<\/p>\n<p>Avignon, Mori\u00e8res-l\u00e8s-Avignon et Ved\u00e8ne ont comptabilis\u00e9 115\u00a0mm de cumuls de pluie, le secteur d\u2019Orange et de <a href=\"https:\/\/www.laprovence.com\/article\/sortie-loisirs\/2907428860751114\/cinq-annees-de-musique-et-de-pas-de-danse-a-vaison-la-romaine\" target=\"_blank\" rel=\"noopener\">Vaison-la-Romaine<\/a> 50\u00a0mm, et le nord de Carpentras et B\u00e9darrides 75\u00a0mm.<\/p>\n<p>Par ailleurs, les pluies diluviennes ont entra\u00een\u00e9 l\u2019annulation de toutes les rencontres sportives. Par endroits, les Journ\u00e9es europ\u00e9ennes du patrimoine ont \u00e9t\u00e9 perturb\u00e9es. Et en centre-ville d\u2019Avignon, la fr\u00e9quentation de la braderie a \u00e9t\u00e9 mise \u00e0 mal.<\/p>\n<p><img alt=\"Les routes du pourtour des remparts de la cit\u00e9 des papes ont \u00e9galement \u00e9t\u00e9 inond\u00e9s ce 21 septembre, ralentissant la circulation.\" loading=\"lazy\" decoding=\"async\" data-nimg=\"fill\" class=\" TwicCore_img__i9TC1 undefined  undefined\" style=\"position:absolute;height:100%;width:100%;left:0;top:0;right:0;bottom:0;color:transparent;background-size:cover;background-position:50% 50%;background-repeat:no-repeat;background-image:url(&quot;data:image\/svg+xml;charset=utf-8,%3Csvg xmlns='http:\/\/www.w3.org\/2000\/svg' %3E%3Cfilter id='b' color-interpolation-filters='sRGB'%3E%3CfeGaussianBlur stdDeviation='20'\/%3E%3CfeColorMatrix values='1 0 0 0 0 0 1 0 0 0 0 0 1 0 0 0 0 0 100 -1' result='s'\/%3E%3CfeFlood x='0' y='0' width='100%25' height='100%25'\/%3E%3CfeComposite operator='out' in='s'\/%3E%3CfeComposite in2='SourceGraphic'\/%3E%3CfeGaussianBlur stdDeviation='20'\/%3E%3C\/filter%3E%3Cimage width='100%25' height='100%25' x='0' y='0' preserveAspectRatio='none' style='filter: url(%23b);' href='https:\/\/pictures.laprovence.com\/cdn-cgi\/image\/blur=250\/media\/melody\/2025\/09\/21\/avignon-alerte-meteo-violents-orages-episode-cevenol-pluie-intense-ici-le-tour-de-ville-avec-les-rem-1758477646_d1542675ffc86e5542675ffc8c9542v_.jpg'\/%3E%3C\/svg%3E&quot;)\"   src=\"https:\/\/www.europesays.com\/fr\/wp-content\/uploads\/2025\/09\/avignon-alerte-meteo-violents-orages-episode-cevenol-pluie-intense-ici-le-tour-de-ville-avec-les-rem.jpeg\"\/>Les routes du pourtour des remparts de la cit\u00e9 des papes ont \u00e9galement \u00e9t\u00e9 inond\u00e9s ce 21 septembre, ralentissant la circulation. \/ Photo J\u00e9r\u00f4me REY<\/p>\n<p>Quelques d\u00e9g\u00e2ts ont \u00e9t\u00e9 recens\u00e9s sur les routes du d\u00e9partement. Des arbres ont chut\u00e9 sur la RD 950 \u00e0 <a href=\"https:\/\/www.laprovence.com\/article\/elections\/1991335738946914\/le-maire-de-loriol-du-comtat-gerard-borgo-ne-se-representera-pas-pour-un-nouveau-mandat-municipal\" target=\"_blank\" rel=\"noopener\">Loriol-du-Comtat<\/a>, Faucon et Villes-sur-Auzon, et la RD 16 au niveau de B\u00e9darrides et la RD 942 \u00e0 Monteux ont \u00e9t\u00e9 inond\u00e9es.<\/p>\n<p>Dans le secteur du transport ferroviaire aussi, des perturbations ont \u00e9t\u00e9 relev\u00e9es. \u00c0 l\u2019image de l\u2019arr\u00eat de le ligne Avignon-Miramas par Cavaillon en raison d\u2019un \u00e9boulement sur les voies au niveau de Saint-Saturnin-l\u00e8s-Avignon.<\/p>\n<p>De plus, environ 1\u00a0200 foyers ont \u00e9t\u00e9 priv\u00e9s d\u2019\u00e9lectricit\u00e9 \u00e0 Avignon, <a href=\"https:\/\/www.laprovence.com\/article\/elections\/397850887822314\/municipales-2026-a-carpentras-le-rassemblement-national-annonce-son-soutien-a-christian-richaud\" target=\"_blank\" rel=\"noopener\">Carpentras<\/a> et Sarrians.<\/p>\n<p>Le lyc\u00e9e agricole de l\u2019Isle-sur-la-Sorgue frapp\u00e9 par la foudre<\/p>\n<p>Si les d\u00e9g\u00e2ts n\u2019ont pas \u00e9t\u00e9 aussi importants que le jour de la rentr\u00e9e, certains habitants se seraient bien pass\u00e9 de cet \u00e9pisode orageux. Dans la cit\u00e9 des papes, les riverains du boulevard du Midi (une art\u00e8re des quartiers Sud sujette aux inondations depuis de trop nombreuses ann\u00e9es) se sont retrouv\u00e9s avec de l\u2019eau au-dessus des chevilles. Rendus au pied de leur r\u00e9sidence, d\u2019aucuns ont tent\u00e9, tant bien que mal, d\u2019\u00e9vacuer la rivi\u00e8re artificielle.<\/p>\n<p>Du c\u00f4t\u00e9 de Caumont, le plan communal de sauvegarde a \u00e9t\u00e9 d\u00e9clench\u00e9. Il a \u00e9t\u00e9 relev\u00e9 deux voitures tomb\u00e9es dans le Pesquier, la rivi\u00e8re qui parcourt le village et qui a d\u00e9bord\u00e9 de son lit, de nombreuses caves et garages inond\u00e9s, ainsi que des bouches d\u2019\u00e9gout qui se sont soulev\u00e9es devant la puissance des eaux. Si, heureusement, aucune victime n\u2019est \u00e0 d\u00e9plorer, le parking de la place Maurice-Baux a \u00e9t\u00e9 submerg\u00e9 et de nombreux v\u00e9hicules ont \u00e9t\u00e9 pris au pi\u00e8ge.<\/p>\n<p>A <a href=\"https:\/\/www.laprovence.com\/article\/societe\/27032395771550\/les-commercants-et-artisans-de-lisle-sur-la-sorgue-manifestent-contre-la-reorganisation-du-marche\" target=\"_blank\" rel=\"noopener\">L\u2019Isle-sur-la-Sorgue<\/a>, la foudre a frapp\u00e9 le lyc\u00e9e agricole La Ricarde, rendant le syst\u00e8me de s\u00e9curit\u00e9 hors d\u2019usage et emp\u00eachant le logement des lyc\u00e9ens.<\/p>\n","protected":false},"excerpt":{"rendered":"C\u2019\u00e9tait un dimanche \u00e0 rester sous la couette. Seuls quelques courageux, chauss\u00e9s de bottes de pluie, d\u2019un imperm\u00e9able&hellip;\n","protected":false},"author":2,"featured_media":408421,"comment_status":"","ping_status":"","sticky":false,"template":"","format":"standard","meta":{"footnotes":""},"categories":[2],"tags":[17,11,52294,37958,36670,154,3696,1011,27,54012,12,5116,16,25],"class_list":{"0":"post-408420","1":"post","2":"type-post","3":"status-publish","4":"format-standard","5":"has-post-thumbnail","7":"category-actualites","8":"tag-17","9":"tag-actualites","10":"tag-annules","11":"tag-coupures","12":"tag-delectricite","13":"tag-des","14":"tag-evenements","15":"tag-fr","16":"tag-france","17":"tag-inondes","18":"tag-news","19":"tag-quartiers","20":"tag-region","21":"tag-republique-francaise"},"share_on_mastodon":{"url":"https:\/\/pubeurope.com\/@fr\/115245420776685594","error":""},"_links":{"self":[{"href":"https:\/\/www.europesays.com\/fr\/wp-json\/wp\/v2\/posts\/408420","targetHints":{"allow":["GET"]}}],"collection":[{"href":"https:\/\/www.europesays.com\/fr\/wp-json\/wp\/v2\/posts"}],"about":[{"href":"https:\/\/www.europesays.com\/fr\/wp-json\/wp\/v2\/types\/post"}],"author":[{"embeddable":true,"href":"https:\/\/www.europesays.com\/fr\/wp-json\/wp\/v2\/users\/2"}],"replies":[{"embeddable":true,"href":"https:\/\/www.europesays.com\/fr\/wp-json\/wp\/v2\/comments?post=408420"}],"version-history":[{"count":0,"href":"https:\/\/www.europesays.com\/fr\/wp-json\/wp\/v2\/posts\/408420\/revisions"}],"wp:featuredmedia":[{"embeddable":true,"href":"https:\/\/www.europesays.com\/fr\/wp-json\/wp\/v2\/media\/408421"}],"wp:attachment":[{"href":"https:\/\/www.europesays.com\/fr\/wp-json\/wp\/v2\/media?parent=408420"}],"wp:term":[{"taxonomy":"category","embeddable":true,"href":"https:\/\/www.europesays.com\/fr\/wp-json\/wp\/v2\/categories?post=408420"},{"taxonomy":"post_tag","embeddable":true,"href":"https:\/\/www.europesays.com\/fr\/wp-json\/wp\/v2\/tags?post=408420"}],"curies":[{"name":"wp","href":"https:\/\/api.w.org\/{rel}","templated":true}]}}