{"id":408426,"date":"2025-09-22T01:49:12","date_gmt":"2025-09-22T01:49:12","guid":{"rendered":"https:\/\/www.europesays.com\/fr\/408426\/"},"modified":"2025-09-22T01:49:12","modified_gmt":"2025-09-22T01:49:12","slug":"atp-laver-cup-roger-federer-pose-la-bonne-question-sur-carlos-alcaraz-et-jannik-sinner-combien-de-temps-pourront-ils-continuer-comme-ca-je-suis-passe-par-la-cest-dur-et-ils-font-croire-que","status":"publish","type":"post","link":"https:\/\/www.europesays.com\/fr\/408426\/","title":{"rendered":"ATP, Laver Cup > Roger Federer pose la bonne question sur Carlos Alcaraz et Jannik Sinner : \u00ab\u00a0Combien de temps pourront-ils continuer comme \u00e7a ? Je suis pass\u00e9 par l\u00e0. C&rsquo;est dur, et ils font croire que c&rsquo;est facile\u00a0\u00bb"},"content":{"rendered":"<p>Roger Federer s\u2019ex\u00adprime beau\u00adcoup en ce moment dans le cadre de la promo\u00adtion de la 8e \u00e9dition de sa Laver Cup. Il a donc forc\u00e9\u00adment \u00e9t\u00e9 ques\u00adtionn\u00e9 concer\u00adnant l\u2019\u00e9mer\u00adgence d\u2019un nouveau Djokovic, ou plus simple\u00adment d\u2019un 3e homme pouvant riva\u00adliser avec Sinner et Alcaraz.<\/p>\n<p><strong>\u00ab\u202fJe pense que nous savions tous qu\u2019ils allaient \u00eatre bons, peut\u2010\u00eatre m\u00eame excel\u00adlents, mais nous ne nous atten\u00addions pas, je crois, \u00e0 une telle domi\u00adna\u00adtion d\u00e8s le d\u00e9part. C\u2019est vrai\u00adment impres\u00adsion\u00adnant, je dois l\u2019ad\u00admettre, et c\u2019est formi\u00addable pour le jeu. On sait que Novak est parvenu \u00e0 riva\u00adliser. Il a d\u00e9j\u00e0 une carri\u00e8re l\u00e9gen\u00addaire, mais vous savez, qui sera le prochain \u00e0 vouloir rejoindre ce groupe d\u2019\u00e9lite\u202f? Ca va \u00eatre dur, \u00e7a va prendre du temps, et c\u2019est aussi la ques\u00adtion\u00a0: combien de temps pourront\u2010ils conti\u00adnuer comme \u00e7a\u202f? Parce que ce n\u2019est pas facile. Je suis pass\u00e9 par l\u00e0. C\u2019est dur, et ils font croire que c\u2019est facile\u2019<\/strong><\/p>\n<p class=\"post-published-date\" style=\"color: silver; font-size: 75%; text-align: left;\">Publi\u00e9 le dimanche 21 septembre 2025 \u00e0 12:12<\/p>\n","protected":false},"excerpt":{"rendered":"Roger Federer s\u2019ex\u00adprime beau\u00adcoup en ce moment dans le cadre de la promo\u00adtion de la 8e \u00e9dition de&hellip;\n","protected":false},"author":2,"featured_media":346900,"comment_status":"","ping_status":"","sticky":false,"template":"","format":"standard","meta":{"footnotes":""},"categories":[1415],"tags":[1744,105,2199,1011,27,2127,60,1467],"class_list":{"0":"post-408426","1":"post","2":"type-post","3":"status-publish","4":"format-standard","5":"has-post-thumbnail","7":"category-tennis","8":"tag-alcaraz","9":"tag-djokovic","10":"tag-federer","11":"tag-fr","12":"tag-france","13":"tag-sinner","14":"tag-sports","15":"tag-tennis"},"share_on_mastodon":{"url":"https:\/\/pubeurope.com\/@fr\/115245440249483548","error":""},"_links":{"self":[{"href":"https:\/\/www.europesays.com\/fr\/wp-json\/wp\/v2\/posts\/408426","targetHints":{"allow":["GET"]}}],"collection":[{"href":"https:\/\/www.europesays.com\/fr\/wp-json\/wp\/v2\/posts"}],"about":[{"href":"https:\/\/www.europesays.com\/fr\/wp-json\/wp\/v2\/types\/post"}],"author":[{"embeddable":true,"href":"https:\/\/www.europesays.com\/fr\/wp-json\/wp\/v2\/users\/2"}],"replies":[{"embeddable":true,"href":"https:\/\/www.europesays.com\/fr\/wp-json\/wp\/v2\/comments?post=408426"}],"version-history":[{"count":0,"href":"https:\/\/www.europesays.com\/fr\/wp-json\/wp\/v2\/posts\/408426\/revisions"}],"wp:featuredmedia":[{"embeddable":true,"href":"https:\/\/www.europesays.com\/fr\/wp-json\/wp\/v2\/media\/346900"}],"wp:attachment":[{"href":"https:\/\/www.europesays.com\/fr\/wp-json\/wp\/v2\/media?parent=408426"}],"wp:term":[{"taxonomy":"category","embeddable":true,"href":"https:\/\/www.europesays.com\/fr\/wp-json\/wp\/v2\/categories?post=408426"},{"taxonomy":"post_tag","embeddable":true,"href":"https:\/\/www.europesays.com\/fr\/wp-json\/wp\/v2\/tags?post=408426"}],"curies":[{"name":"wp","href":"https:\/\/api.w.org\/{rel}","templated":true}]}}