{"id":408427,"date":"2025-09-22T01:52:20","date_gmt":"2025-09-22T01:52:20","guid":{"rendered":"https:\/\/www.europesays.com\/fr\/408427\/"},"modified":"2025-09-22T01:52:20","modified_gmt":"2025-09-22T01:52:20","slug":"johann-zarco-senflamme-en-vue-de-2026","status":"publish","type":"post","link":"https:\/\/www.europesays.com\/fr\/408427\/","title":{"rendered":"Johann Zarco s&rsquo;enflamme en vue de 2026&#8230;"},"content":{"rendered":"<p>Johann Zarco avait le sourire cette semaine et \u00e7a fait plaisir pour le Fran\u00e7ais, dans le dur en MotoGP ces derniers temps. Alors que la journ\u00e9e de test a eu lieu \u00e0 Misano lundi dernier, juste apr\u00e8s le Grand Prix de Saint-Marin qui aura \u00e9t\u00e9 bien difficile pour lui, Zarco a pu tester sa Honda en vue de 2026. Et le pilote LCR \u00e9tait dithyrambique sur la qualit\u00e9 de sa machine pour l&rsquo;ann\u00e9e prochaine. Alors qu&rsquo;il a pu essayer les derni\u00e8res nouveaut\u00e9s d\u2019Honda en MotoGP, le pilote LCR a b\u00e9n\u00e9fici\u00e9 d\u2019une machine tr\u00e8s proche de celle utilis\u00e9e par les deux pilotes officiels en course. Et cela lui a donn\u00e9 beaucoup d&rsquo;espoir pour la saison 2026.<\/p>\n<p>Zarco en joie<\/p>\n<p>Le Cannois a appr\u00e9ci\u00e9, lui qui a pris la parole apr\u00e8s les essais et a eu des mots forts concernant cette machine. \u00ab\u00a0Les essais d\u2019aujourd\u2019hui se sont mieux d\u00e9roul\u00e9s que pr\u00e9vu et m\u2019ont donn\u00e9 davantage de confiance. J\u2019ai ressenti des am\u00e9liorations sur la moto et j\u2019ai pu obtenir des retours utiles. Tester les nouveaux composants Honda a \u00e9t\u00e9 tr\u00e8s int\u00e9ressant, et gr\u00e2ce \u00e0 ces am\u00e9liorations, nous franchissons une nouvelle \u00e9tape. Globalement, je repars avec de meilleures sensations et une confiance accrue pour \u00eatre plus rapide lors des prochaines courses\u00a0\u00bb, a confi\u00e9 un Zarco qui a emmagasin\u00e9 beaucoup de confiance lors de cette journ\u00e9e d&rsquo;essais et qui a h\u00e2te de piloter cette machine dans quelques mois.<\/p>\n<blockquote class=\"twitter-tweet\">\n<p dir=\"ltr\" lang=\"en\">13th <a href=\"https:\/\/twitter.com\/JohannZarco1?ref_src=twsrc%5Etfw\" rel=\"nofollow noopener\" target=\"_blank\">@JohannZarco1<\/a> \u2013 <a href=\"https:\/\/twitter.com\/hashtag\/MisanoTest?src=hash&amp;ref_src=twsrc%5Etfw\" rel=\"nofollow noopener\" target=\"_blank\">#MisanoTest<\/a><br \/>\ud83c\udfa4\u00a0\u00bbToday\u2019s test went better than I expected and gave me greater confidence. I could feel improvements on the bike and provide useful feedback. Testing the new Honda components was very interesting\u00a0\u00bb. <a href=\"https:\/\/t.co\/eWjEylcQq8\" rel=\"nofollow\">pic.twitter.com\/eWjEylcQq8<\/a><\/p>\n<p>\u2014 LCR Team (@lcr_team) <a href=\"https:\/\/twitter.com\/lcr_team\/status\/1967639974297424116?ref_src=twsrc%5Etfw\" rel=\"nofollow noopener\" target=\"_blank\">September 15, 2025<\/a><\/p>\n<\/blockquote>\n<p>    Partagez cette info avec vos amis et vos proches en cliquant ici  <\/p>\n<p> Podcasts \u00e0 la une MEN LIFE <\/p>\n<p>    Pour r\u00e9sumer<\/p>\n<p>Johann Zarco avait le sourire cette semaine et \u00e7a fait plaisir pour le Fran\u00e7ais, dans le dur en MotoGP ces derniers temps. Alors que la journ\u00e9e de test a eu lieu \u00e0 Misano lundi dernier, juste apr\u00e8s le Grand Prix de Saint-Marin qui aura \u00e9t\u00e9 bien difficile pour lui, Zarco a pu tester sa Honda en vue de 2026.<\/p>\n<p>R\u00e9dacteur<\/p>\n<p><img decoding=\"async\" width=\"76\" height=\"76\" loading=\"lazy\" src=\"https:\/\/www.europesays.com\/fr\/wp-content\/uploads\/2025\/04\/logo-victor-willems.jpg\" alt=\"Victor Willems\"\/><script async src=\"https:\/\/platform.twitter.com\/widgets.js\" charset=\"utf-8\"><\/script><\/p>\n","protected":false},"excerpt":{"rendered":"Johann Zarco avait le sourire cette semaine et \u00e7a fait plaisir pour le Fran\u00e7ais, dans le dur en&hellip;\n","protected":false},"author":2,"featured_media":408428,"comment_status":"","ping_status":"","sticky":false,"template":"","format":"standard","meta":{"footnotes":""},"categories":[1413],"tags":[1011,27,1457,1456,60],"class_list":{"0":"post-408427","1":"post","2":"type-post","3":"status-publish","4":"format-standard","5":"has-post-thumbnail","7":"category-moto","8":"tag-fr","9":"tag-france","10":"tag-moto","11":"tag-motocycle","12":"tag-sports"},"share_on_mastodon":{"url":"https:\/\/pubeurope.com\/@fr\/115245452628387784","error":""},"_links":{"self":[{"href":"https:\/\/www.europesays.com\/fr\/wp-json\/wp\/v2\/posts\/408427","targetHints":{"allow":["GET"]}}],"collection":[{"href":"https:\/\/www.europesays.com\/fr\/wp-json\/wp\/v2\/posts"}],"about":[{"href":"https:\/\/www.europesays.com\/fr\/wp-json\/wp\/v2\/types\/post"}],"author":[{"embeddable":true,"href":"https:\/\/www.europesays.com\/fr\/wp-json\/wp\/v2\/users\/2"}],"replies":[{"embeddable":true,"href":"https:\/\/www.europesays.com\/fr\/wp-json\/wp\/v2\/comments?post=408427"}],"version-history":[{"count":0,"href":"https:\/\/www.europesays.com\/fr\/wp-json\/wp\/v2\/posts\/408427\/revisions"}],"wp:featuredmedia":[{"embeddable":true,"href":"https:\/\/www.europesays.com\/fr\/wp-json\/wp\/v2\/media\/408428"}],"wp:attachment":[{"href":"https:\/\/www.europesays.com\/fr\/wp-json\/wp\/v2\/media?parent=408427"}],"wp:term":[{"taxonomy":"category","embeddable":true,"href":"https:\/\/www.europesays.com\/fr\/wp-json\/wp\/v2\/categories?post=408427"},{"taxonomy":"post_tag","embeddable":true,"href":"https:\/\/www.europesays.com\/fr\/wp-json\/wp\/v2\/tags?post=408427"}],"curies":[{"name":"wp","href":"https:\/\/api.w.org\/{rel}","templated":true}]}}