{"id":408429,"date":"2025-09-22T01:53:09","date_gmt":"2025-09-22T01:53:09","guid":{"rendered":"https:\/\/www.europesays.com\/fr\/408429\/"},"modified":"2025-09-22T01:53:09","modified_gmt":"2025-09-22T01:53:09","slug":"cest-du-jamais-vu-luis-enrique-annonce-un-joueur-incroyable-au-psg","status":"publish","type":"post","link":"https:\/\/www.europesays.com\/fr\/408429\/","title":{"rendered":"C\u2019est du jamais vu, Luis Enrique annonce un \u00abjoueur incroyable\u00bb au PSG !"},"content":{"rendered":"<p>                    Arthur Montagne<br \/>\n                        &#8211;<\/p>\n<p>Journaliste<\/p>\n<p>Affam\u00e9 de sport, il a grandi au son des moteurs de Formule 1 et des exploits de Ronaldinho. Aujourd\u2019hui, diplom\u00e9 d&rsquo;un Master de journalisme de sport, il ne rate plus un Grand Prix de F1 ni un match du PSG, ses deux passions et sp\u00e9cialit\u00e9s<\/p>\n<p class=\"heading\">Bien qu&rsquo;il n&rsquo;ait jamais particuli\u00e8rement aim\u00e9 parler de ses joueurs de fa\u00e7on individuelle, Luis Enrique a toutefois pris le temps de s&rsquo;enflammer pour Nuno Mendes qu&rsquo;il pr\u00e9sente comme le joueur le plus complet qu&rsquo;il ait entrain\u00e9 dans sa carri\u00e8re. Un sacr\u00e9 compliment compte tenu des joueurs que le technicien espagnol a eu sous ses ordres.<\/p>\n<p>Auteur d&rsquo;une saison derni\u00e8re exceptionnelle, <strong>Nuno Mendes<\/strong> est reparti sur le m\u00eame base comme en t\u00e9moigne sa prestation contre l&rsquo;<strong>Atalanta<\/strong> mercredi (4-0). Avant le choc contre l&rsquo;<strong>OM<\/strong>, <strong>Luis Enrique<\/strong> a d&rsquo;ailleurs \u00e9t\u00e9 interrog\u00e9 sur le rendement de son lat\u00e9ral gauche pour lequel il ne tarit pas d&rsquo;\u00e9loges.<\/p>\n<p>                                            Luis Enrique fan de Nuno Mendes<\/p>\n<p>\u00ab\u00a0C&rsquo;est le type de joueur qui peut jouer o\u00f9 il veut. Parce que c&rsquo;est un joueur avec une mentalit\u00e9 incroyable et une qualit\u00e9 technique top, top, top, qualit\u00e9 physique top\u00a0\u00bb, l\u00e2che l\u2019entra\u00eeneur du <strong>PSG <\/strong>conf\u00e9rence de presse avant de poursuivre.<\/p>\n<p>                                            \u00abPour moi, c&rsquo;est un joueur incroyable\u00bb<\/p>\n<p>\u00ab Pour moi, c&rsquo;est un joueur incroyable et il peut d\u00e9fendre n&rsquo;importe quel joueur face \u00e0 lui. Et en attaque, il a la qualit\u00e9 d&rsquo;un joueur attaquant, et un des joueurs les plus complets que j&rsquo;ai pu entra\u00eener pendant toute ma carri\u00e8re \u00bb, ajoute <strong>Luis Enrique<\/strong>. Un sacr\u00e9 compliment pour <strong>Nuno Mendes<\/strong>.<\/p>\n","protected":false},"excerpt":{"rendered":"Arthur Montagne &#8211; Journaliste Affam\u00e9 de sport, il a grandi au son des moteurs de Formule 1 et&hellip;\n","protected":false},"author":2,"featured_media":408430,"comment_status":"","ping_status":"","sticky":false,"template":"","format":"standard","meta":{"footnotes":""},"categories":[1412],"tags":[1451,1452,1453,1454,1455,1011,27,60],"class_list":{"0":"post-408429","1":"post","2":"type-post","3":"status-publish","4":"format-standard","5":"has-post-thumbnail","7":"category-f1","8":"tag-f1","9":"tag-formula-1","10":"tag-formula1","11":"tag-formule-1","12":"tag-formule1","13":"tag-fr","14":"tag-france","15":"tag-sports"},"share_on_mastodon":{"url":"https:\/\/pubeurope.com\/@fr\/115245456042038655","error":""},"_links":{"self":[{"href":"https:\/\/www.europesays.com\/fr\/wp-json\/wp\/v2\/posts\/408429","targetHints":{"allow":["GET"]}}],"collection":[{"href":"https:\/\/www.europesays.com\/fr\/wp-json\/wp\/v2\/posts"}],"about":[{"href":"https:\/\/www.europesays.com\/fr\/wp-json\/wp\/v2\/types\/post"}],"author":[{"embeddable":true,"href":"https:\/\/www.europesays.com\/fr\/wp-json\/wp\/v2\/users\/2"}],"replies":[{"embeddable":true,"href":"https:\/\/www.europesays.com\/fr\/wp-json\/wp\/v2\/comments?post=408429"}],"version-history":[{"count":0,"href":"https:\/\/www.europesays.com\/fr\/wp-json\/wp\/v2\/posts\/408429\/revisions"}],"wp:featuredmedia":[{"embeddable":true,"href":"https:\/\/www.europesays.com\/fr\/wp-json\/wp\/v2\/media\/408430"}],"wp:attachment":[{"href":"https:\/\/www.europesays.com\/fr\/wp-json\/wp\/v2\/media?parent=408429"}],"wp:term":[{"taxonomy":"category","embeddable":true,"href":"https:\/\/www.europesays.com\/fr\/wp-json\/wp\/v2\/categories?post=408429"},{"taxonomy":"post_tag","embeddable":true,"href":"https:\/\/www.europesays.com\/fr\/wp-json\/wp\/v2\/tags?post=408429"}],"curies":[{"name":"wp","href":"https:\/\/api.w.org\/{rel}","templated":true}]}}