{"id":408446,"date":"2025-09-22T02:02:12","date_gmt":"2025-09-22T02:02:12","guid":{"rendered":"https:\/\/www.europesays.com\/fr\/408446\/"},"modified":"2025-09-22T02:02:12","modified_gmt":"2025-09-22T02:02:12","slug":"le-covid-19-repart-en-france-devons-nous-craindre-une-nouvelle-vague","status":"publish","type":"post","link":"https:\/\/www.europesays.com\/fr\/408446\/","title":{"rendered":"Le Covid-19 repart en France : devons-nous craindre une nouvelle vague ?"},"content":{"rendered":"<p>      R\u00e9sum\u00e9<\/p>\n<p>Les indicateurs montrent une reprise du Covid-19 en France. <\/p>\n<p>Les experts jugent qu\u2019il faut rester attentif sans c\u00e9der \u00e0 la panique, car l\u2019immunit\u00e9 acquise. <\/p>\n<p>La situation d\u00e9pendra n\u00e9anmoins de l\u2019adoption des gestes barri\u00e8res, des rappels de vaccins et de la protection des plus vuln\u00e9rables.<\/p>\n<p>        Sommaire<\/p>\n<p>Le Covid-19 est de retour dans les discussions : <strong>apr\u00e8s une p\u00e9riode calme, les indicateurs montrent une recrudescence du virus un peu partout<\/strong>. Les <a href=\"https:\/\/sante.gouv.fr\/soins-et-maladies\/maladies\/maladies-et-infections-respiratoires\/covid-19\/\" target=\"_blank\" rel=\"noopener\">signalements \u00e9pid\u00e9miques<\/a> montent, les taux de contamination semblent repartir \u00e0 la hausse\u2026 Et certains d\u00e9partements sont d\u00e9j\u00e0 en alerte.<\/p>\n<p>Le terme \u201crythme exponentiel\u201d est utilis\u00e9 par des autorit\u00e9s sanitaires, ce qui n\u2019est jamais bon signe pour l\u2019esprit tranquille de ceux qui pensaient que l\u2019\u00e9pid\u00e9mie \u00e9tait derri\u00e8re eux. Par ailleurs, ce regain soul\u00e8ve beaucoup de questions. Est-ce juste<strong> une remont\u00e9e saisonni\u00e8re, un effet de rel\u00e2chement des gestes barri\u00e8res, ou bien une alerte plus grave ?<\/strong> Les <a href=\"https:\/\/www.public.fr\/plan-blanc-declenche-dans-87-etablissements-nos-hopitaux-craquent-sous-la-pression-de-la-grippe\" target=\"_blank\" rel=\"noopener\">h\u00f4pitaux<\/a> vont-ils \u00eatre bient\u00f4t submerg\u00e9s ? Les plus fragiles sont-ils suffisamment prot\u00e9g\u00e9s ? Et surtout, que faire, individuellement et collectivement, pour freiner la propagation ? Explorons ensemble tout cela !<\/p>\n<p>Ce que montrent les indicateurs<\/p>\n<p>Les chiffres sont sans \u00e9quivoque : la circulation virale augmente. Plusieurs sources \u00e9voquent un taux de reproduction du virus sup\u00e9rieur \u00e0 1 dans de nombreuses r\u00e9gions,<strong> ce qui signifie que chaque personne infect\u00e9e en touche plus d\u2019une autre en moyenne<\/strong>. Quand le \u201cR\u201d d\u00e9passe ce seuil, on sait que l\u2019augmentation n\u2019est pas lin\u00e9aire, mais exponentielle\u2026 Ce qui peut rapidement conduire \u00e0 une forte hausse des cas.<\/p>\n<p>Par ailleurs, on observe un rel\u00e2chement dans les comportements : moins de masques, plus de rassemblements, des gestes barri\u00e8res moins stricts. L\u2019automne, les <strong>rentr\u00e9es scolaires, les activit\u00e9s en int\u00e9rieur favorisent aussi cette reprise<\/strong>. Les donn\u00e9es montrent un signal clair. Non seulement plus de cas d\u00e9tect\u00e9s, mais aussi des <a href=\"https:\/\/www.public.fr\/symptomes-esperance-de-vie-stars-atteintes-qu-est-ce-que-la-maladie-de-charcot-dont-souffre-l-epoux-de-marina-carrere-d-encausse\" target=\"_blank\" rel=\"noopener\">sympt\u00f4mes<\/a> plus fr\u00e9quents, et une l\u00e9g\u00e8re augmentation des hospitalisations. Rien encore d\u2019alarmant jusque-l\u00e0, mais le potentiel de mont\u00e9e rapide est l\u00e0.<\/p>\n<p><img loading=\"lazy\" decoding=\"async\" width=\"1024\" height=\"576\" src=\"https:\/\/www.europesays.com\/fr\/wp-content\/uploads\/2025\/09\/pexels-ketut-subiyanto-4429561-1-1024x576.jpg\" alt=\"Le Covid-19 repart en France : devons-nous craindre une nouvelle vague ?\"  \/><\/p>\n<p>Pexels @Ketut Subiyanto<\/p>\n<p>Faut-il vraiment redouter une vague majeure de Covid-19 ?<\/p>\n<p>\u00c0 ce stade, plusieurs experts estiment qu\u2019il y a de quoi s\u2019inqui\u00e9ter, mais pas n\u00e9cessairement de quoi paniquer. La population <strong>a d\u00e9velopp\u00e9 une immunit\u00e9 cumul\u00e9e, gr\u00e2ce aux vaccinations et aux infections ant\u00e9rieures<\/strong>. Cela r\u00e9duit le risque de formes graves pour beaucoup d\u2019entre nous, m\u00eame si cela ne stoppe pas l\u2019infection ou la propagation. Les vaccins actuels continuent de jouer un r\u00f4le protecteur, particuli\u00e8rement pour les personnes \u00e2g\u00e9es.<\/p>\n<p>Cependant, les sous-variants d\u2019Omicron pr\u00e9sentent un d\u00e9fi. Certains montrent des capacit\u00e9s accrues \u00e0 <strong>\u00e9chapper \u00e0 une partie de la r\u00e9ponse immunitaire, ce qui peut provoquer des r\u00e9infections<\/strong>. Et pour les fragiles, chaque infection compte. De plus, si le virus circule largement, m\u00eame avec un faible pourcentage de cas s\u00e9v\u00e8res, les h\u00f4pitaux pourraient \u00eatre mis sous tension.<\/p>\n<p><img loading=\"lazy\" decoding=\"async\" width=\"1024\" height=\"576\" src=\"https:\/\/www.europesays.com\/fr\/wp-content\/uploads\/2025\/09\/pexels-shvetsa-3902881-1-1024x576.jpg\" alt=\"Le Covid-19 repart en France : devons-nous craindre une nouvelle vague ?\"  \/><\/p>\n<p>Pexels @Shvetsa<\/p>\n<p>Oui, la France semble entrer dans une phase de reprise du Covid-19, avec des <strong>indicateurs qui ne mentent pas et un virus pr\u00eat \u00e0 profiter de la moindre ouverture<\/strong>. Mais non, ce n\u2019est pas encore certain qu\u2019on connaisse une vague aussi forte que les pr\u00e9c\u00e9dentes. Beaucoup d\u00e9pendra de ce que nous ferons collectivement et individuellement.<\/p>\n<p>Alors, restez vigilant, reprenez certains <a href=\"https:\/\/www.public.fr\/a-prendre-ou-a-laisser-une-infirmiere-oublie-les-gestes-barrieres-et-se-fait-lyncher-sur-la-toile\" target=\"_blank\" rel=\"noopener\">gestes barri\u00e8res<\/a>, encouragez les vaccinations et les rappels\u2026 Surtout pour les plus vuln\u00e9rables.<\/p>\n<p>      Mentionn\u00e9s dans cet article<\/p>\n<p>      Sur le m\u00eame sujet<\/p>\n","protected":false},"excerpt":{"rendered":"R\u00e9sum\u00e9 Les indicateurs montrent une reprise du Covid-19 en France. Les experts jugent qu\u2019il faut rester attentif sans&hellip;\n","protected":false},"author":2,"featured_media":408447,"comment_status":"","ping_status":"","sticky":false,"template":"","format":"standard","meta":{"footnotes":""},"categories":[10],"tags":[4357,1011,27,72,37226,71,5699],"class_list":{"0":"post-408446","1":"post","2":"type-post","3":"status-publish","4":"format-standard","5":"has-post-thumbnail","7":"category-sante","8":"tag-covid-19","9":"tag-fr","10":"tag-france","11":"tag-health","12":"tag-pandemie-de-covid-19","13":"tag-sante","14":"tag-sante-publique"},"share_on_mastodon":{"url":"https:\/\/pubeurope.com\/@fr\/115245491516697687","error":""},"_links":{"self":[{"href":"https:\/\/www.europesays.com\/fr\/wp-json\/wp\/v2\/posts\/408446","targetHints":{"allow":["GET"]}}],"collection":[{"href":"https:\/\/www.europesays.com\/fr\/wp-json\/wp\/v2\/posts"}],"about":[{"href":"https:\/\/www.europesays.com\/fr\/wp-json\/wp\/v2\/types\/post"}],"author":[{"embeddable":true,"href":"https:\/\/www.europesays.com\/fr\/wp-json\/wp\/v2\/users\/2"}],"replies":[{"embeddable":true,"href":"https:\/\/www.europesays.com\/fr\/wp-json\/wp\/v2\/comments?post=408446"}],"version-history":[{"count":0,"href":"https:\/\/www.europesays.com\/fr\/wp-json\/wp\/v2\/posts\/408446\/revisions"}],"wp:featuredmedia":[{"embeddable":true,"href":"https:\/\/www.europesays.com\/fr\/wp-json\/wp\/v2\/media\/408447"}],"wp:attachment":[{"href":"https:\/\/www.europesays.com\/fr\/wp-json\/wp\/v2\/media?parent=408446"}],"wp:term":[{"taxonomy":"category","embeddable":true,"href":"https:\/\/www.europesays.com\/fr\/wp-json\/wp\/v2\/categories?post=408446"},{"taxonomy":"post_tag","embeddable":true,"href":"https:\/\/www.europesays.com\/fr\/wp-json\/wp\/v2\/tags?post=408446"}],"curies":[{"name":"wp","href":"https:\/\/api.w.org\/{rel}","templated":true}]}}