{"id":408472,"date":"2025-09-22T02:24:28","date_gmt":"2025-09-22T02:24:28","guid":{"rendered":"https:\/\/www.europesays.com\/fr\/408472\/"},"modified":"2025-09-22T02:24:28","modified_gmt":"2025-09-22T02:24:28","slug":"ol-apres-rennes-les-lyonnais-sont-partis-a-la-faute","status":"publish","type":"post","link":"https:\/\/www.europesays.com\/fr\/408472\/","title":{"rendered":"OL : apr\u00e8s Rennes, les Lyonnais sont partis \u00e0 la faute !"},"content":{"rendered":"<p><strong>La d\u00e9faite de l\u2019Olympique Lyonnais dimanche \u00e0 Rennes (<a href=\"https:\/\/www.butfootballclub.fr\/618932-ol-angers-paulo-fonseca-doit-composer-sans-deux-titulaires-forts\/\" target=\"_blank\" rel=\"noopener\">3-1<\/a>) continue de faire parler, non seulement pour le r\u00e9sultat mais aussi pour la qualit\u00e9 de l\u2019arbitrage et le comportement sur le terrain.\u00a0<\/strong><\/p>\n<p>L\u2019OL se rappellera longtemps sa d\u00e9faite \u00e0 Rennes.R\u00e9duits \u00e0 10 apr\u00e8s l\u2019exclusion de Tyler Morton, les hommes de Paulo Fonseca ont montr\u00e9 certaines limites dans le jeu physique et la discipline collective apr\u00e8s avoir ouvert la marque et domin\u00e9 les d\u00e9bats.<\/p>\n<p>Mais la faute de Morton n\u2019est pas un incident isol\u00e9. Depuis le d\u00e9but de la saison 2025\/2026, l\u2019<a href=\"https:\/\/www.butfootballclub.fr\/619011-discipline-morton-ol-connait-sa-sanction-les-incidents-dangers-rennes-tranches\/\" target=\"_blank\" rel=\"noopener\">OL<\/a> est l\u2019\u00e9quipe qui commet le plus de fautes en Ligue 1. Avec 62 infractions recens\u00e9es depuis le coup d\u2019envoi de l\u2019exercice, les Lyonnais affichent une moyenne de 15,5 fautes par match\u00a0! Un chiffre qui illustre une certaine agressivit\u00e9, parfois n\u00e9cessaire pour imposer son style de jeu, mais qui peut aussi co\u00fbter cher dans des matchs serr\u00e9s.<\/p>\n<p>L\u2019OL tr\u00e8s agressif depuis le d\u00e9but de la saison<\/p>\n<p>Pour autant, cette agressivit\u00e9 ne se traduit pas directement par un nombre \u00e9lev\u00e9 de cartons. Avec seulement 7 avertissements re\u00e7us depuis le d\u00e9but de la saison, <a href=\"https:\/\/www.foot01.com\/ol\/lol-joue-avec-le-feu-un-chiffre-est-inquietant\" target=\"_blank\" rel=\"noopener\">Lyon<\/a> n\u2019est que la sixi\u00e8me \u00e9quipe de Ligue 1 sur ce crit\u00e8re. Cela montre que les Lyonnais savent, dans une large mesure, canaliser leur intensit\u00e9 sans franchir certaines limites, un \u00e9quilibre que Paulo Fonseca tente de maintenir malgr\u00e9 les d\u00e9boires r\u00e9cents.<\/p>\n<p>Certains observateurs y voient un signe positif : la combativit\u00e9 des joueurs est l\u00e0, et elle pourrait devenir un atout dans les matchs \u00e0 enjeux \u00e9lev\u00e9s, notamment en Coupe d\u2019Europe ou contre les concurrents directs du championnat. Mais l\u2019autre c\u00f4t\u00e9 de la m\u00e9daille reste la discipline sur le terrain. Il va falloir trouver le juste milieu, si possible d\u00e8s ce vendredi contre le SCO d\u2019Angers (20h45).<\/p>\n","protected":false},"excerpt":{"rendered":"La d\u00e9faite de l\u2019Olympique Lyonnais dimanche \u00e0 Rennes (3-1) continue de faire parler, non seulement pour le r\u00e9sultat&hellip;\n","protected":false},"author":2,"featured_media":408473,"comment_status":"","ping_status":"","sticky":false,"template":"","format":"standard","meta":{"footnotes":""},"categories":[2821],"tags":[1111,11,829,448,1777,674,63,1011,27,66,3388,12,584,25,10662],"class_list":{"0":"post-408472","1":"post","2":"type-post","3":"status-publish","4":"format-standard","5":"has-post-thumbnail","7":"category-rennes","8":"tag-actu","9":"tag-actualites","10":"tag-bretagne","11":"tag-champions-league","12":"tag-eu","13":"tag-europe","14":"tag-football","15":"tag-fr","16":"tag-france","17":"tag-ligue-1","18":"tag-matchs","19":"tag-news","20":"tag-rennes","21":"tag-republique-francaise","22":"tag-transferts"},"share_on_mastodon":{"url":"https:\/\/pubeurope.com\/@fr\/115245578022274423","error":""},"_links":{"self":[{"href":"https:\/\/www.europesays.com\/fr\/wp-json\/wp\/v2\/posts\/408472","targetHints":{"allow":["GET"]}}],"collection":[{"href":"https:\/\/www.europesays.com\/fr\/wp-json\/wp\/v2\/posts"}],"about":[{"href":"https:\/\/www.europesays.com\/fr\/wp-json\/wp\/v2\/types\/post"}],"author":[{"embeddable":true,"href":"https:\/\/www.europesays.com\/fr\/wp-json\/wp\/v2\/users\/2"}],"replies":[{"embeddable":true,"href":"https:\/\/www.europesays.com\/fr\/wp-json\/wp\/v2\/comments?post=408472"}],"version-history":[{"count":0,"href":"https:\/\/www.europesays.com\/fr\/wp-json\/wp\/v2\/posts\/408472\/revisions"}],"wp:featuredmedia":[{"embeddable":true,"href":"https:\/\/www.europesays.com\/fr\/wp-json\/wp\/v2\/media\/408473"}],"wp:attachment":[{"href":"https:\/\/www.europesays.com\/fr\/wp-json\/wp\/v2\/media?parent=408472"}],"wp:term":[{"taxonomy":"category","embeddable":true,"href":"https:\/\/www.europesays.com\/fr\/wp-json\/wp\/v2\/categories?post=408472"},{"taxonomy":"post_tag","embeddable":true,"href":"https:\/\/www.europesays.com\/fr\/wp-json\/wp\/v2\/tags?post=408472"}],"curies":[{"name":"wp","href":"https:\/\/api.w.org\/{rel}","templated":true}]}}