{"id":408498,"date":"2025-09-22T02:41:24","date_gmt":"2025-09-22T02:41:24","guid":{"rendered":"https:\/\/www.europesays.com\/fr\/408498\/"},"modified":"2025-09-22T02:41:24","modified_gmt":"2025-09-22T02:41:24","slug":"il-se-fait-prendre-trois-fois-en-dix-jours-pour-des-delits-routiers-sa-peine-est-amenagee-par-les-juges","status":"publish","type":"post","link":"https:\/\/www.europesays.com\/fr\/408498\/","title":{"rendered":"il se fait prendre trois fois en dix jours pour des d\u00e9lits routiers, sa peine est am\u00e9nag\u00e9e par les juges"},"content":{"rendered":"<p itemprop=\"description\"><strong>Il a eu une chance, puis deux. La justice de Villefranche-sur-Sa\u00f4ne a d\u00e9cid\u00e9 de se montrer cl\u00e9mente une troisi\u00e8me fois.<\/strong><\/p>\n<p>Le jeune individu de 22 ans qui s&rsquo;est pr\u00e9sent\u00e9 face aux juges caladois lundi dernier \u00e9tait d\u00e9j\u00e0 venu le 1er et le 5 septembre\u2026 Trois fois en dix jours, pour des faits similaires ! A savoir des d\u00e9lits routiers. Et pour le dernier contr\u00f4le du 11 septembre, la police l&rsquo;a retrouv\u00e9 au volant d&rsquo;une voiture alors qu&rsquo;il n&rsquo;a pas le permis ni d&rsquo;assurance. Et sous l&#8217;empire de stup\u00e9fiants et d&rsquo;alcool\u2026<\/p>\n<p>Si le parquet a requis une peine de prison ferme, le tribunal s&rsquo;est montr\u00e9 cl\u00e9ment face aux promesses faites par le pr\u00e9venu d&rsquo;en finir avec les b\u00eatises r\u00e9p\u00e9t\u00e9es.<\/p>\n<p>Pour ce troisi\u00e8me passage devant les juges en dix jours, il a \u00e9cop\u00e9 d&rsquo;une peine am\u00e9nag\u00e9e. Les 8 mois prononc\u00e9s se feront sous bracelet \u00e9lectronique. Et son permis n&rsquo;a \u00e9t\u00e9 annul\u00e9 que 6 mois, afin de ne pas trop l&rsquo;handicaper pour son travail.<\/p>\n","protected":false},"excerpt":{"rendered":"Il a eu une chance, puis deux. La justice de Villefranche-sur-Sa\u00f4ne a d\u00e9cid\u00e9 de se montrer cl\u00e9mente une&hellip;\n","protected":false},"author":2,"featured_media":408499,"comment_status":"","ping_status":"","sticky":false,"template":"","format":"standard","meta":{"footnotes":""},"categories":[1889],"tags":[1111,11,2813,2190,2430,1109,251,1112,2811,1777,674,118,1011,27,1922,1110,1114,2428,2810,12,241,316,25,2812,517,800],"class_list":{"0":"post-408498","1":"post","2":"type-post","3":"status-publish","4":"format-standard","5":"has-post-thumbnail","7":"category-lyon","8":"tag-actu","9":"tag-actualites","10":"tag-article","11":"tag-asvel","12":"tag-auvergne-rhone-alpes","13":"tag-breves","14":"tag-culture","15":"tag-depeches","16":"tag-economique","17":"tag-eu","18":"tag-europe","19":"tag-faits-divers","20":"tag-fr","21":"tag-france","22":"tag-info","23":"tag-informations","24":"tag-infos","25":"tag-lyon","26":"tag-lyonmag","27":"tag-news","28":"tag-ol","29":"tag-politique","30":"tag-republique-francaise","31":"tag-sociale","32":"tag-sport","33":"tag-transports"},"share_on_mastodon":{"url":"https:\/\/pubeurope.com\/@fr\/115245644732946243","error":""},"_links":{"self":[{"href":"https:\/\/www.europesays.com\/fr\/wp-json\/wp\/v2\/posts\/408498","targetHints":{"allow":["GET"]}}],"collection":[{"href":"https:\/\/www.europesays.com\/fr\/wp-json\/wp\/v2\/posts"}],"about":[{"href":"https:\/\/www.europesays.com\/fr\/wp-json\/wp\/v2\/types\/post"}],"author":[{"embeddable":true,"href":"https:\/\/www.europesays.com\/fr\/wp-json\/wp\/v2\/users\/2"}],"replies":[{"embeddable":true,"href":"https:\/\/www.europesays.com\/fr\/wp-json\/wp\/v2\/comments?post=408498"}],"version-history":[{"count":0,"href":"https:\/\/www.europesays.com\/fr\/wp-json\/wp\/v2\/posts\/408498\/revisions"}],"wp:featuredmedia":[{"embeddable":true,"href":"https:\/\/www.europesays.com\/fr\/wp-json\/wp\/v2\/media\/408499"}],"wp:attachment":[{"href":"https:\/\/www.europesays.com\/fr\/wp-json\/wp\/v2\/media?parent=408498"}],"wp:term":[{"taxonomy":"category","embeddable":true,"href":"https:\/\/www.europesays.com\/fr\/wp-json\/wp\/v2\/categories?post=408498"},{"taxonomy":"post_tag","embeddable":true,"href":"https:\/\/www.europesays.com\/fr\/wp-json\/wp\/v2\/tags?post=408498"}],"curies":[{"name":"wp","href":"https:\/\/api.w.org\/{rel}","templated":true}]}}