{"id":408500,"date":"2025-09-22T02:42:15","date_gmt":"2025-09-22T02:42:15","guid":{"rendered":"https:\/\/www.europesays.com\/fr\/408500\/"},"modified":"2025-09-22T02:42:15","modified_gmt":"2025-09-22T02:42:15","slug":"macon-la-rue-de-lyon-fermee-des-ce-lundi","status":"publish","type":"post","link":"https:\/\/www.europesays.com\/fr\/408500\/","title":{"rendered":"M\u00e2con : la rue de Lyon ferm\u00e9e d\u00e8s ce lundi\u00a0"},"content":{"rendered":"<p>\u00c0 M\u00e2con, la rue de Lyon sera ferm\u00e9e \u00e0 la circulation et au stationnement sur un tron\u00e7on, du lundi 22 au vendredi 26 septembre, en raison de travaux d&rsquo;entretien des arbres.<\/p>\n<p>La Ville de <b>M\u00e2con<\/b> va engager des travaux qui auront un impact sur la circulation des usagers.<\/p>\n<p><b>Du lundi 22 au vendredi 26 septembre<\/b>, <b>la rue de Lyon<\/b> sera ferm\u00e9e \u00e0 la circulation et interdite au stationnement sur une portion, en raison de travaux d&rsquo;entretien des arbres.<\/p>\n<p>Une d\u00e9viation mise en place\u00a0<\/p>\n<p>Des travaux seront men\u00e9s entre <b>la rue des Saint-Cl\u00e9mentines et la rue de l&rsquo;Europe<\/b>, dans le cadre d&rsquo;une op\u00e9ration de taille et de s\u00e9curisation des arbres.<\/p>\n<p>Cons\u00e9quence, la circulation et le stationnement seront interdits sur cette portion \u00e0 sens unique pendant toute la dur\u00e9e du chantier, pr\u00e9vue pour cinq jours. Les v\u00e9hicules en infraction pourront \u00eatre mis en fourri\u00e8re.<\/p>\n<p>Des d\u00e9viations seront mises en place afin de faciliter les d\u00e9placements, et l&rsquo;acc\u00e8s aux riverains restera maintenu.<\/p>\n<p><img loading=\"lazy\" decoding=\"async\" src=\"https:\/\/www.europesays.com\/fr\/wp-content\/uploads\/2025\/09\/1758508935_314_img\" width=\"350\" height=\"200\" border=\"0\" title=\"Plusieurs centaines de cano\u00c3\u00abs-kayaks \u00c3\u00a9taient rassembl\u00c3\u00a9es \u00c3\u00a0 Rochetaill\u00c3\u00a9e-sur-Sa\u00c3\u00b4ne. De quoi interloquer m\u00c3\u00aame les animaux \u00c3\u00a0 l'image de ce chien...\"\/><\/p>\n<p>\u25baSoci\u00e9t\u00e9<\/p>\n<p style=\"font-size: 22px;\"><b>C&rsquo;\u00e9tait quoi ce rassemblement de cano\u00ebs-kayaks au nord de Lyon ?<\/b><\/p>\n<p>Samedi 20 et dimanche 21 septembre, la Sa\u00f4ne a&#8230;<\/p>\n<p><\/p>\n","protected":false},"excerpt":{"rendered":"\u00c0 M\u00e2con, la rue de Lyon sera ferm\u00e9e \u00e0 la circulation et au stationnement sur un tron\u00e7on, du&hellip;\n","protected":false},"author":2,"featured_media":408501,"comment_status":"","ping_status":"","sticky":false,"template":"","format":"standard","meta":{"footnotes":""},"categories":[1889],"tags":[1111,11,15738,2430,3542,45234,1777,674,1011,27,2428,37829,12,25,52229,2086,8394],"class_list":{"0":"post-408500","1":"post","2":"type-post","3":"status-publish","4":"format-standard","5":"has-post-thumbnail","7":"category-lyon","8":"tag-actu","9":"tag-actualites","10":"tag-automobiliste","11":"tag-auvergne-rhone-alpes","12":"tag-circulation","13":"tag-dviation","14":"tag-eu","15":"tag-europe","16":"tag-fr","17":"tag-france","18":"tag-lyon","19":"tag-mcon","20":"tag-news","21":"tag-republique-francaise","22":"tag-rue-de-lyon","23":"tag-travaux","24":"tag-usagers"},"share_on_mastodon":{"url":"https:\/\/pubeurope.com\/@fr\/115245648818503841","error":""},"_links":{"self":[{"href":"https:\/\/www.europesays.com\/fr\/wp-json\/wp\/v2\/posts\/408500","targetHints":{"allow":["GET"]}}],"collection":[{"href":"https:\/\/www.europesays.com\/fr\/wp-json\/wp\/v2\/posts"}],"about":[{"href":"https:\/\/www.europesays.com\/fr\/wp-json\/wp\/v2\/types\/post"}],"author":[{"embeddable":true,"href":"https:\/\/www.europesays.com\/fr\/wp-json\/wp\/v2\/users\/2"}],"replies":[{"embeddable":true,"href":"https:\/\/www.europesays.com\/fr\/wp-json\/wp\/v2\/comments?post=408500"}],"version-history":[{"count":0,"href":"https:\/\/www.europesays.com\/fr\/wp-json\/wp\/v2\/posts\/408500\/revisions"}],"wp:featuredmedia":[{"embeddable":true,"href":"https:\/\/www.europesays.com\/fr\/wp-json\/wp\/v2\/media\/408501"}],"wp:attachment":[{"href":"https:\/\/www.europesays.com\/fr\/wp-json\/wp\/v2\/media?parent=408500"}],"wp:term":[{"taxonomy":"category","embeddable":true,"href":"https:\/\/www.europesays.com\/fr\/wp-json\/wp\/v2\/categories?post=408500"},{"taxonomy":"post_tag","embeddable":true,"href":"https:\/\/www.europesays.com\/fr\/wp-json\/wp\/v2\/tags?post=408500"}],"curies":[{"name":"wp","href":"https:\/\/api.w.org\/{rel}","templated":true}]}}