{"id":408507,"date":"2025-09-22T02:49:24","date_gmt":"2025-09-22T02:49:24","guid":{"rendered":"https:\/\/www.europesays.com\/fr\/408507\/"},"modified":"2025-09-22T02:49:24","modified_gmt":"2025-09-22T02:49:24","slug":"stephane-gilli-lentraineur-du-paris-fc-regrette-les-cadeaux-offerts-a-strasbourg","status":"publish","type":"post","link":"https:\/\/www.europesays.com\/fr\/408507\/","title":{"rendered":"St\u00e9phane Gilli, l\u2019entra\u00eeneur du Paris FC, regrette les \u00abcadeaux\u00bb offerts \u00e0 Strasbourg"},"content":{"rendered":"<p>Le technicien parisien a livr\u00e9 son analyse apr\u00e8s la d\u00e9faite (2-3) de son \u00e9quipe face au Racing, ce dimanche, \u00e0 Jean-Bouin.<\/p>\n<p class=\"fig-paragraph\">Si<a href=\"http:\/\/www.lefigaro.fr\/sports\/football\/ligue-1\/ligue-1-strasbourg-stoppe-la-serie-du-paris-fc-et-grimpe-sur-le-podium-20250921\" data-fig-type=\"NewsFlash\" data-gtm-custom-categorie=\"navigation\" data-gtm-custom-action=\"crossclick\" data-gtm-custom-label=\"Contextuel\" data-gtm-event=\"customEventSPE\" data-fig-domain=\"LEFIGARO\" target=\"_blank\" rel=\"noopener\">\u00a0le Paris FC a perdu \u00e0 domicile contre Strasbourg (3-2)\u00a0<\/a>c&rsquo;est notamment en raison de \u00abtrop de largesses\u00bb en d\u00e9fense, a regrett\u00e9 dimanche son entra\u00eeneur St\u00e9phane Gilli. \u00abSi on veut gagner des matches en Ligue 1, il faut qu&rsquo;on fasse un peu moins de cadeaux\u00bb, a comment\u00e9 le technicien \u00e0 l&rsquo;issue de la rencontre comptant pour la 5e journ\u00e9e de Ligue 1. \u00abDans nos temps forts on n&rsquo;a pas fait mal\u00bb.<\/p>\n<p class=\"fig-paragraph\">\u00abMalgr\u00e9 \u00e7a\u00bb, l&rsquo;entra\u00eeneur a \u00abbeaucoup aim\u00e9 le caract\u00e8re de (son) \u00e9quipe, l&rsquo;\u00e9tat d&rsquo;esprit, parce qu&rsquo;\u00e0 2-0, on a continu\u00e9, on est revenu (\u00e0 2-1), et on avait des situations pour \u00e9galiser\u00bb. \u00abIl y a trop de largesses, mais on apprend, et il faut \u00eatre positif ce soir parce que je pense que cette \u00e9quipe a montr\u00e9 un beau visage. Je pense qu&rsquo;on est sur le bon chemin. Mais le bon chemin, c&rsquo;est valid\u00e9 par des points\u00bb, a conclu Gilli.<\/p>\n","protected":false},"excerpt":{"rendered":"Le technicien parisien a livr\u00e9 son analyse apr\u00e8s la d\u00e9faite (2-3) de son \u00e9quipe face au Racing, ce&hellip;\n","protected":false},"author":2,"featured_media":408508,"comment_status":"","ping_status":"","sticky":false,"template":"","format":"standard","meta":{"footnotes":""},"categories":[1888],"tags":[1111,1928,11,1927,1777,674,1011,27,12,1926,626,445,1925,4448,25],"class_list":{"0":"post-408507","1":"post","2":"type-post","3":"status-publish","4":"format-standard","5":"has-post-thumbnail","7":"category-paris","8":"tag-actu","9":"tag-actu-paris","10":"tag-actualites","11":"tag-actualites-paris","12":"tag-eu","13":"tag-europe","14":"tag-fr","15":"tag-france","16":"tag-news","17":"tag-news-paris","18":"tag-paris","19":"tag-paris-fc","20":"tag-paris-news","21":"tag-rc-strasbourg","22":"tag-republique-francaise"},"share_on_mastodon":{"url":"https:\/\/pubeurope.com\/@fr\/115245676250439995","error":""},"_links":{"self":[{"href":"https:\/\/www.europesays.com\/fr\/wp-json\/wp\/v2\/posts\/408507","targetHints":{"allow":["GET"]}}],"collection":[{"href":"https:\/\/www.europesays.com\/fr\/wp-json\/wp\/v2\/posts"}],"about":[{"href":"https:\/\/www.europesays.com\/fr\/wp-json\/wp\/v2\/types\/post"}],"author":[{"embeddable":true,"href":"https:\/\/www.europesays.com\/fr\/wp-json\/wp\/v2\/users\/2"}],"replies":[{"embeddable":true,"href":"https:\/\/www.europesays.com\/fr\/wp-json\/wp\/v2\/comments?post=408507"}],"version-history":[{"count":0,"href":"https:\/\/www.europesays.com\/fr\/wp-json\/wp\/v2\/posts\/408507\/revisions"}],"wp:featuredmedia":[{"embeddable":true,"href":"https:\/\/www.europesays.com\/fr\/wp-json\/wp\/v2\/media\/408508"}],"wp:attachment":[{"href":"https:\/\/www.europesays.com\/fr\/wp-json\/wp\/v2\/media?parent=408507"}],"wp:term":[{"taxonomy":"category","embeddable":true,"href":"https:\/\/www.europesays.com\/fr\/wp-json\/wp\/v2\/categories?post=408507"},{"taxonomy":"post_tag","embeddable":true,"href":"https:\/\/www.europesays.com\/fr\/wp-json\/wp\/v2\/tags?post=408507"}],"curies":[{"name":"wp","href":"https:\/\/api.w.org\/{rel}","templated":true}]}}