{"id":408511,"date":"2025-09-22T02:51:37","date_gmt":"2025-09-22T02:51:37","guid":{"rendered":"https:\/\/www.europesays.com\/fr\/408511\/"},"modified":"2025-09-22T02:51:37","modified_gmt":"2025-09-22T02:51:37","slug":"michel-barnier-arrive-en-tete-du-1er-tour-avec-une-avance-confortable","status":"publish","type":"post","link":"https:\/\/www.europesays.com\/fr\/408511\/","title":{"rendered":"Michel Barnier arrive en t\u00eate du 1er tour, avec une avance confortable"},"content":{"rendered":"<p>      <img fetchpriority=\"high\" decoding=\"async\" class=\"mx-auto\" src=\"data:image\/svg+xml,%3Csvg%20xmlns%3D%27http%3A%2F%2Fwww.w3.org%2F2000%2Fsvg%27%20fill%3D%22%23e4e4e4%22%20viewBox%3D%270%200%20510%20340%27%20width%3D%22510%22%20height%3D%22340%22%3E%3Cpath%20d%3D%27M0%200h510v340H0z%27%2F%3E%3C%2Fsvg%3E\"  loading=\"eager\" width=\"510\" height=\"340\" data-oncrawl-image-size=\"510x340\" alt=\"Michel Barnier lors de l\u2019universit\u00e9 d\u2019\u00e9t\u00e9 des Republicains d\u00e9but septembre 2025.\"\/>      <\/p>\n<p class=\"latino-100m text-grey-600\">\n            Michel Barnier lors de l\u2019universit\u00e9 d\u2019\u00e9t\u00e9 des Republicains d\u00e9but septembre 2025.\u00a0FRANCK DEROUDA\/SIPA \/ FRANCK DEROUDA\/SIPA        <\/p>\n<p>        Lire\u00a0plus\u00a0tard      <\/p>\n<p><a aria-label=\"Nous suivre sur Google News\" href=\"https:\/\/news.google.com\/publications\/CAAqBwgKMJe4nQkw3dFs?hl=fr&amp;gl=FR&amp;ceid=FR%3Afr\" target=\"_blank\" data-piano=\"Page_Article,Sous_date_publi,Nous_suivre_sur_google_news,1er_clic,action\" class=\"btn btn--small btn--tertiary btn--icon-only\" rel=\"noopener\"><\/p>\n<p>      Google Actualit\u00e9s<br \/>\n  <\/a><\/p>\n<p>  Partager<\/p>\n<p>        Facebook<\/p>\n<p>        Bluesky<\/p>\n<p>        E-mail<\/p>\n<p>        Copier le lien<\/p>\n<p>      Envoyer<\/p>\n<p>      S\u2019abonner    <\/p>\n<p class=\"node__paragraphe antonia-750r text-grey-800 pb-24 pb-md-32\">\nC\u2019\u00e9tait attendu. L\u2019ex-Premier ministre Michel Barnier (Les R\u00e9publicains) est sans surprise arriv\u00e9 en t\u00eate du premier tour de la l\u00e9gislative partielle dans la deuxi\u00e8me circonscription de Paris, a annonc\u00e9 sur X le ministre de l\u2019Int\u00e9rieur d\u00e9missionnaire et patron des LR Bruno Retailleau.<\/p>\n<p class=\"node__paragraphe antonia-750r text-grey-800 pb-24 pb-md-32\">\n\u00ab\u00a0Les \u00e9lecteurs de la deuxi\u00e8me circonscription de Paris ont plac\u00e9 Michel Barnier tr\u00e8s largement en t\u00eate du premier tour de l\u2019\u00e9lection l\u00e9gislative partielle\u00a0\u00bb, selon le ministre, qui n\u2019a pas pr\u00e9cis\u00e9 le score r\u00e9alis\u00e9 par le candidat de son parti, ni celui de sa principale adversaire, la socialiste Fr\u00e9d\u00e9rique Bredin.<\/p>\n<p class=\"node__paragraphe antonia-750r text-grey-800 pb-24 pb-md-32\">\nSelon les chiffres d\u00e9finitifs, l\u2019ancien Premier ministre disposerait de 14\u00a0points d\u2019avance sur sa poursuivante, avec un score de plus de 45\u00a0%.<\/p>\n<p class=\"node__paragraphe antonia-750r text-grey-800 pb-24 pb-md-32\">\nL\u2019issue du scrutin, provoqu\u00e9 par l\u2019invalidation par le Conseil constitutionnel de l\u2019\u00e9lection du d\u00e9put\u00e9 macroniste Jean Laussucq, fait assez peu de doutes dans cette circonscription d\u2019environ 100\u00a0000 habitants \u00e0 cheval sur les 5e, 6e et 7e arrondissements, r\u00e9put\u00e9e imperdable par la droite.<\/p>\n<p class=\"node__paragraphe antonia-750r text-grey-800 pb-24 pb-md-32\">\nMichel Barnier avait la voie libre dans son camp depuis le retrait de Rachida Dati, qui avait menac\u00e9 au d\u00e9but de l\u2019\u00e9t\u00e9 de se pr\u00e9senter face \u00e0 lui, avant de jeter l\u2019\u00e9ponge, moyennant son intronisation par les R\u00e9publicains pour la mairie de Paris et \u00e9vitant ainsi un duel fratricide.<\/p>\n<p class=\"node__paragraphe antonia-750r text-grey-800 pb-24 pb-md-32\">\n\u00ab\u00a0Chacun est maintenant \u00e0 sa place\u00a0\u00bb, avait soulign\u00e9 l\u2019ancien chef du gouvernement, renvers\u00e9 en d\u00e9cembre apr\u00e8s seulement trois mois \u00e0 Matignon, qui s\u2019est affich\u00e9 avec la ministre de la Culture d\u00e9missionnaire durant sa campagne \u00e9clair.<\/p>\n<p class=\"latino-500b text-grey-600 pb-16\">A lire aussi<\/p>\n<p><a href=\"https:\/\/www.nouvelobs.com\/economie\/20250915.OBS107695\/rachida-dati-perd-un-nouveau-proces-en-diffamation-contre-le-nouvel-obs.html\" data-article-key=\"20250915.OBS107695\" class=\"link--box flex-grow-1\" data-piano=\"Page_Article,Lire_aussi,,Lien1,navigation\" target=\"_blank\" rel=\"noopener\"><\/p>\n<p>                <img decoding=\"async\" src=\"data:image\/svg+xml,%3Csvg%20xmlns%3D%27http%3A%2F%2Fwww.w3.org%2F2000%2Fsvg%27%20fill%3D%22%23e4e4e4%22%20viewBox%3D%270%200%20120%2080%27%20width%3D%22120%22%20height%3D%2280%22%3E%3Cpath%20d%3D%27M0%200h120v80H0z%27%2F%3E%3C%2Fsvg%3E\"  width=\"120\" height=\"80\" loading=\"lazy\" alt=\"Rachida Dati, le 10\u00a0septembre 2025. \"\/><\/p>\n<p class=\"latino-300r latino-lg-600m text-grey-800\">\n                    Rachida Dati perd un nouveau proc\u00e8s en diffamation contre \u00ab\u00a0le Nouvel Obs\u00a0\u00bb        <\/p>\n<p><\/a><\/p>\n<p class=\"latino-500b text-grey-600 pb-16\">A lire aussi<\/p>\n<p><a href=\"https:\/\/www.nouvelobs.com\/justice\/20250916.OBS107710\/bijoux-de-rachida-dati-ouverture-d-une-enquete-pour-non-declaration-a-la-hatvp.html\" data-article-key=\"20250916.OBS107710\" class=\"link--box flex-grow-1\" data-piano=\"Page_Article,Lire_aussi,,Lien2,navigation\" target=\"_blank\" rel=\"noopener\"><\/p>\n<p>                <img decoding=\"async\" src=\"data:image\/svg+xml,%3Csvg%20xmlns%3D%27http%3A%2F%2Fwww.w3.org%2F2000%2Fsvg%27%20fill%3D%22%23e4e4e4%22%20viewBox%3D%270%200%20120%2080%27%20width%3D%22120%22%20height%3D%2280%22%3E%3Cpath%20d%3D%27M0%200h120v80H0z%27%2F%3E%3C%2Fsvg%3E\"  width=\"120\" height=\"79\" loading=\"lazy\" alt=\"Rachida Dati, le 27\u00a0ao\u00fbt 2025. \"\/><\/p>\n<p class=\"latino-300r latino-lg-600m text-grey-800\">\n                    Bijoux de Rachida Dati\u00a0: ouverture d\u2019une enqu\u00eate pour \u00ab\u00a0non-d\u00e9claration\u00a0\u00bb \u00e0 la HATVP        <\/p>\n<p><\/a><\/p>\n<p class=\"node__paragraphe antonia-750r text-grey-800 pb-24 pb-md-32\">\nS\u2019il est \u00e9lu, l\u2019ex-Premier ministre \u00e9ph\u00e9m\u00e8re d\u2019Emmanuel Macron, 74\u00a0ans, sera le seul d\u00e9put\u00e9 LR de la capitale o\u00f9 depuis 2022 les 18 circonscriptions sont partag\u00e9es entre la gauche et les macronistes. \u00ab\u00a0Je serai un d\u00e9put\u00e9 exigeant et loyal \u00e0 l\u2019\u00e9gard du nouveau gouvernement\u00a0\u00bb, a promis l\u2019ancien ministre de Jacques Chirac et Nicolas Sarkozy, plusieurs fois d\u00e9put\u00e9 de Savoie, vendredi lors de son dernier meeting de campagne. Le Savoyard vit \u00e0 Paris depuis 12\u00a0ans mais n\u2019y est pas inscrit.<\/p>\n<p>Bredin en embuscade<\/p>\n<p class=\"node__paragraphe antonia-750r text-grey-800 pb-24 pb-md-32\">\nFr\u00e9d\u00e9rique Bredin esp\u00e9rait mettre Michel Barnier en ballottage au second tour, pr\u00e9vu le 28\u00a0septembre, \u00e0 l\u2019aune des r\u00e9sultats des l\u00e9gislatives de 2024\u00a0: la socialiste Marine Rosset, sa suppl\u00e9ante, avait cr\u00e9\u00e9 la surprise en arrivant en t\u00eate du premier tour, sous la banni\u00e8re du Nouveau front populaire. C\u2019est chose faite, mais il lui sera difficile de remporter la mise tant l\u2019avance du R\u00e9publicain para\u00eet difficile \u00e0 combler.<\/p>\n<p class=\"node__paragraphe antonia-750r text-grey-800 pb-24 pb-md-32\">\nL\u2019ancienne maire de F\u00e9camp, qui voit en son adversaire le \u00ab\u00a0symbole de l\u2019\u00e9chec gouvernemental\u00a0\u00bb, s\u2019attendait \u00e0 ce que les \u00ab\u00a0man\u0153uvres\u00a0\u00bb de la droite de l\u2019\u00e9t\u00e9 repoussent une partie de l\u2019\u00e9lectorat du centre droit.<\/p>\n<p class=\"node__paragraphe antonia-750r text-grey-800 pb-24 pb-md-32\">\nLe camp adverse martelait \u00e0 l\u2019inverse que Fr\u00e9d\u00e9rique Bredin est \u00ab\u00a0la candidate de LFI\u00a0\u00bb, les Insoumis n\u2019ayant pas pr\u00e9sent\u00e9 de candidat.<\/p>\n<p class=\"node__paragraphe antonia-750r text-grey-800 pb-24 pb-md-32\">\nL\u2019ex-n\u00e9gociateur du Brexit a pris pour suppl\u00e9ante la maire du 5e arrondissement Florence Berthout, du parti Horizons de l\u2019ancien Premier ministre Edouard Philippe.<\/p>\n<p class=\"node__paragraphe antonia-750r text-grey-800 pb-24 pb-md-32\">\nUn attelage que le patron de Renaissance Gabriel Attal a v\u00e9cu comme une \u00ab\u00a0trahison\u00a0\u00bb car il voulait que la suppl\u00e9ance revienne \u00e0 l\u2019un de siens, relate \u00e0 l\u2019AFP une source en interne. Le parti pr\u00e9sidentiel \u00ab\u00a0s\u2019est fait totalement avoir par le deal Dati-Barnier conclu sur son dos\u00a0\u00bb, selon elle.<\/p>\n<p class=\"node__paragraphe antonia-750r text-grey-800 pb-24 pb-md-32\">\nA droite de l\u2019\u00e9chiquier politique, le candidat LR affrontait un candidat Reconqu\u00eate et Thierry Mariani, pour le Rassemblement national.<\/p>\n<p class=\"latino-500b text-grey-600 pb-16\">A lire aussi<\/p>\n<p><a href=\"https:\/\/www.nouvelobs.com\/politique\/20250921.OBS107927\/cessons-de-croire-au-mythe-de-l-homme-providentiel-gabriel-attal-poursuit-son-entreprise-de-demacronisation.html\" data-article-key=\"20250921.OBS107927\" class=\"link--box flex-grow-1\" data-piano=\"Page_Article,Lire_aussi,,Lien3,navigation\" target=\"_blank\" rel=\"noopener\"><\/p>\n<p>                <img decoding=\"async\" src=\"data:image\/svg+xml,%3Csvg%20xmlns%3D%27http%3A%2F%2Fwww.w3.org%2F2000%2Fsvg%27%20fill%3D%22%23e4e4e4%22%20viewBox%3D%270%200%20120%2080%27%20width%3D%22120%22%20height%3D%2280%22%3E%3Cpath%20d%3D%27M0%200h120v80H0z%27%2F%3E%3C%2Fsvg%3E\"  width=\"120\" height=\"80\" loading=\"lazy\" alt=\"Gabriel Attal, lors de son meeting prolitique \u00e0 Arras\"\/><\/p>\n<p class=\"latino-300r latino-lg-600m text-grey-800\">\n                    \u00ab\u00a0Cessons de croire au mythe de l\u2019homme providentiel\u00a0\u00bb\u00a0: Gabriel Attal poursuit son entreprise de \u00ab\u00a0d\u00e9macronisation\u00a0\u00bb        <\/p>\n<p><\/a><\/p>\n<p class=\"authors latino-600m text-grey-800\">\n<p>  Par\u00a0<br \/>\nLe Nouvel Obs avec AFP<\/p>\n","protected":false},"excerpt":{"rendered":"Michel Barnier lors de l\u2019universit\u00e9 d\u2019\u00e9t\u00e9 des Republicains d\u00e9but septembre 2025.\u00a0FRANCK DEROUDA\/SIPA \/ FRANCK DEROUDA\/SIPA Lire\u00a0plus\u00a0tard Google Actualit\u00e9s&hellip;\n","protected":false},"author":2,"featured_media":408512,"comment_status":"","ping_status":"","sticky":false,"template":"","format":"standard","meta":{"footnotes":""},"categories":[1888],"tags":[15467,17,11,15200,41749,1777,674,1011,27,39286,3103,12,626,928,316,25,17643],"class_list":{"0":"post-408511","1":"post","2":"type-post","3":"status-publish","4":"format-standard","5":"has-post-thumbnail","7":"category-paris","8":"tag-1er","9":"tag-17","10":"tag-actualites","11":"tag-arrive","12":"tag-barnier","13":"tag-eu","14":"tag-europe","15":"tag-fr","16":"tag-france","17":"tag-legislative","18":"tag-michel","19":"tag-news","20":"tag-paris","21":"tag-partielle","22":"tag-politique","23":"tag-republique-francaise","24":"tag-tete"},"share_on_mastodon":{"url":"https:\/\/pubeurope.com\/@fr\/115245684051653868","error":""},"_links":{"self":[{"href":"https:\/\/www.europesays.com\/fr\/wp-json\/wp\/v2\/posts\/408511","targetHints":{"allow":["GET"]}}],"collection":[{"href":"https:\/\/www.europesays.com\/fr\/wp-json\/wp\/v2\/posts"}],"about":[{"href":"https:\/\/www.europesays.com\/fr\/wp-json\/wp\/v2\/types\/post"}],"author":[{"embeddable":true,"href":"https:\/\/www.europesays.com\/fr\/wp-json\/wp\/v2\/users\/2"}],"replies":[{"embeddable":true,"href":"https:\/\/www.europesays.com\/fr\/wp-json\/wp\/v2\/comments?post=408511"}],"version-history":[{"count":0,"href":"https:\/\/www.europesays.com\/fr\/wp-json\/wp\/v2\/posts\/408511\/revisions"}],"wp:featuredmedia":[{"embeddable":true,"href":"https:\/\/www.europesays.com\/fr\/wp-json\/wp\/v2\/media\/408512"}],"wp:attachment":[{"href":"https:\/\/www.europesays.com\/fr\/wp-json\/wp\/v2\/media?parent=408511"}],"wp:term":[{"taxonomy":"category","embeddable":true,"href":"https:\/\/www.europesays.com\/fr\/wp-json\/wp\/v2\/categories?post=408511"},{"taxonomy":"post_tag","embeddable":true,"href":"https:\/\/www.europesays.com\/fr\/wp-json\/wp\/v2\/tags?post=408511"}],"curies":[{"name":"wp","href":"https:\/\/api.w.org\/{rel}","templated":true}]}}