{"id":408513,"date":"2025-09-22T02:53:11","date_gmt":"2025-09-22T02:53:11","guid":{"rendered":"https:\/\/www.europesays.com\/fr\/408513\/"},"modified":"2025-09-22T02:53:11","modified_gmt":"2025-09-22T02:53:11","slug":"la-russie-recrute-de-jeunes-etudiants-et-des-femmes-migrantes-pour-assembler-ses-drones-kamikazes","status":"publish","type":"post","link":"https:\/\/www.europesays.com\/fr\/408513\/","title":{"rendered":"La Russie recrute de jeunes \u00e9tudiants et des femmes migrantes pour assembler ses drones kamikazes"},"content":{"rendered":"<p>\u00abApparemment, les filles sont bien trait\u00e9es ici: Africaines, Asiatiques, Latino-Am\u00e9ricaines, elles b\u00e9n\u00e9ficient d\u2019un logement, d\u2019un emploi et, en plus, on leur apprend \u00e0 parler russe!\u00bb Sur la vid\u00e9o post\u00e9e sur son compte TikTok fin ao\u00fbt et depuis supprim\u00e9e, l\u2019influenceuse sud-africaine Cyan Boujee, dans un ensemble jean-fourrure, arpente ce qui ressemble \u00e0 une zone industrielle. Bienvenue au Tatarstan, en Russie, dans la vaste zone \u00e9conomique sp\u00e9ciale (ZES) d\u2019Alabuga, \u00e0 1500\u00a0km de la ligne de front. Cyan Boujee, de son vrai nom Honour Zuma, promet \u00e0 ses centaines de milliers d\u2019abonn\u00e9es une opportunit\u00e9 \u00aben or\u00bb: rejoindre un programme d\u00e9nomm\u00e9 Alabuga Start, destin\u00e9e aux jeunes femmes entre 18 et 22\u00a0ans sans qualifications, et travailler dans le domaine de la production, du transport ou encore de la restauration. Ce qu\u2019elle ne dit pas, c\u2019est qu\u2019au sein de cette m\u00eame zone \u00e9conomique sp\u00e9ciale, d\u00e9tenue par l\u2019Etat russe, se trouve la plus grande usine de Shahed-136, ces drones kamikazes qui, presque chaque nuit et par centaines, s\u00e8ment le chaos en Ukraine frappant les villes loin derri\u00e8re la ligne de front. Et que Moscou manque cruellement de main-d\u2019\u0153uvre pour les assembler.<\/p>\n<p>A la mi-septembre 2025, des images satellites de haute r\u00e9solution de la ZES d\u2019Alabuga obtenues par Le Temps montrent un d\u00e9veloppement sans pr\u00e9c\u00e9dent du site de production et de ses environs. \u00abAu cours de l\u2019ann\u00e9e \u00e9coul\u00e9e, plus d\u2019une centaine de nouveaux b\u00e2timents de production et d\u2019habitation ont \u00e9t\u00e9 construits dans la zone \u00e9conomique sp\u00e9ciale, notamment des dortoirs pour les travailleurs, analyse Bogdan Dolintse, doctorant et expert ukrainien en technologies a\u00e9ronautiques. Outre les b\u00e2timents r\u00e9sidentiels et industriels, des infrastructures de protection, notamment des structures d\u00e9fensives, ont \u00e9t\u00e9 d\u00e9velopp\u00e9es autour de l\u2019usine.\u00bb Cette expansion n\u2019a qu\u2019un but: accro\u00eetre le volume et la vitesse de production de drones.<\/p>\n","protected":false},"excerpt":{"rendered":"\u00abApparemment, les filles sont bien trait\u00e9es ici: Africaines, Asiatiques, Latino-Am\u00e9ricaines, elles b\u00e9n\u00e9ficient d\u2019un logement, d\u2019un emploi et, en&hellip;\n","protected":false},"author":2,"featured_media":408514,"comment_status":"","ping_status":"","sticky":false,"template":"","format":"standard","meta":{"footnotes":""},"categories":[1591],"tags":[11,1887,12,301,1885,1886,132],"class_list":{"0":"post-408513","1":"post","2":"type-post","3":"status-publish","4":"format-standard","5":"has-post-thumbnail","7":"category-russie","8":"tag-actualites","9":"tag-federation-de-russie","10":"tag-news","11":"tag-premium","12":"tag-russia","13":"tag-russian-federation","14":"tag-russie"},"share_on_mastodon":{"url":"https:\/\/pubeurope.com\/@fr\/115245691968918036","error":""},"_links":{"self":[{"href":"https:\/\/www.europesays.com\/fr\/wp-json\/wp\/v2\/posts\/408513","targetHints":{"allow":["GET"]}}],"collection":[{"href":"https:\/\/www.europesays.com\/fr\/wp-json\/wp\/v2\/posts"}],"about":[{"href":"https:\/\/www.europesays.com\/fr\/wp-json\/wp\/v2\/types\/post"}],"author":[{"embeddable":true,"href":"https:\/\/www.europesays.com\/fr\/wp-json\/wp\/v2\/users\/2"}],"replies":[{"embeddable":true,"href":"https:\/\/www.europesays.com\/fr\/wp-json\/wp\/v2\/comments?post=408513"}],"version-history":[{"count":0,"href":"https:\/\/www.europesays.com\/fr\/wp-json\/wp\/v2\/posts\/408513\/revisions"}],"wp:featuredmedia":[{"embeddable":true,"href":"https:\/\/www.europesays.com\/fr\/wp-json\/wp\/v2\/media\/408514"}],"wp:attachment":[{"href":"https:\/\/www.europesays.com\/fr\/wp-json\/wp\/v2\/media?parent=408513"}],"wp:term":[{"taxonomy":"category","embeddable":true,"href":"https:\/\/www.europesays.com\/fr\/wp-json\/wp\/v2\/categories?post=408513"},{"taxonomy":"post_tag","embeddable":true,"href":"https:\/\/www.europesays.com\/fr\/wp-json\/wp\/v2\/tags?post=408513"}],"curies":[{"name":"wp","href":"https:\/\/api.w.org\/{rel}","templated":true}]}}