{"id":408537,"date":"2025-09-22T03:09:09","date_gmt":"2025-09-22T03:09:09","guid":{"rendered":"https:\/\/www.europesays.com\/fr\/408537\/"},"modified":"2025-09-22T03:09:09","modified_gmt":"2025-09-22T03:09:09","slug":"luis-enrique-vend-la-meche-pour-son-avenir-au-psg","status":"publish","type":"post","link":"https:\/\/www.europesays.com\/fr\/408537\/","title":{"rendered":"Luis Enrique vend la m\u00e8che pour son avenir au PSG !"},"content":{"rendered":"<p>                    Arthur Montagne<br \/>\n                        &#8211;<\/p>\n<p>Journaliste<\/p>\n<p>Affam\u00e9 de sport, il a grandi au son des moteurs de Formule 1 et des exploits de Ronaldinho. Aujourd\u2019hui, diplom\u00e9 d&rsquo;un Master de journalisme de sport, il ne rate plus un Grand Prix de F1 ni un match du PSG, ses deux passions et sp\u00e9cialit\u00e9s<\/p>\n<p class=\"heading\">Pr\u00e9sent en conf\u00e9rence de presse samedi, Luis Enrique a notamment \u00e9t\u00e9 interrog\u00e9 sur le style de jeu qu&rsquo;il avait donn\u00e9 au PSG depuis son arriv\u00e9e en 2023. Et dans sa r\u00e9ponse, le technicien espagnol semble sous-entendre qu&rsquo;il sera encore \u00e0 Paris pendant tr\u00e8s longtemps.<\/p>\n<p>Apr\u00e8s avoir prolong\u00e9 son contrat jusqu&rsquo;en 2027, <strong>Luis Enrique<\/strong> va-t-il s&rsquo;inscrire sur le tr\u00e8s long terme au <strong>PSG <\/strong>? Compte tenu des r\u00e9sultats actuels, les Parisiens doivent en r\u00eaver. Et le technicien espagnol a peut-\u00eatre l\u00e2cher un petit indice lors de son passage devant les m\u00e9dias au moment d&rsquo;\u00e9voquer son style de jeu.<\/p>\n<p>                                            Luis Enrique l\u00e2che un indice sur son futur ?<\/p>\n<p>\u00ab\u00a0Je pense que dans notre mentalit\u00e9, et c&rsquo;est la mentalit\u00e9 de l&rsquo;\u00e9quipe \u00e0 propos tous les joueurs. Quand nous parlions les derni\u00e8res ann\u00e9es d&rsquo;\u00eatre une vraie \u00e9quipe, c&rsquo;est \u00e7a \u00eatre une vraie \u00e9quipe. N&rsquo;importe quel joueur ne joue pas, on peut avoir des solutions\u00a0\u00bb, confie l\u2019entra\u00eeneur du <strong>PSG <\/strong>en conf\u00e9rence de presse avant de poursuivre.<\/p>\n<p>                                            \u00abJ&rsquo;esp\u00e8re continuer comme\u00a0\u00e7a beaucoup de temps\u00bb<\/p>\n<p>\u00ab\u00a0On a la confiance pour faire \u00e7a, pour affronter \u00e7a. En ce moment, et pendant la saison derni\u00e8re, on a montr\u00e9 cette personnalit\u00e9 en tant qu&rsquo;\u00e9quipe, ce caract\u00e8re, cet\u00a0ADN. Je pense que c&rsquo;est une chose\u00a0que nos supporters aiment\u00a0et j&rsquo;esp\u00e8re continuer comme\u00a0\u00e7a beaucoup de temps \u00bb, ajoute <strong>Luis Enrique<\/strong>.<\/p>\n","protected":false},"excerpt":{"rendered":"Arthur Montagne &#8211; Journaliste Affam\u00e9 de sport, il a grandi au son des moteurs de Formule 1 et&hellip;\n","protected":false},"author":2,"featured_media":408538,"comment_status":"","ping_status":"","sticky":false,"template":"","format":"standard","meta":{"footnotes":""},"categories":[1412],"tags":[1451,1452,1453,1454,1455,1011,27,60],"class_list":{"0":"post-408537","1":"post","2":"type-post","3":"status-publish","4":"format-standard","5":"has-post-thumbnail","7":"category-f1","8":"tag-f1","9":"tag-formula-1","10":"tag-formula1","11":"tag-formule-1","12":"tag-formule1","13":"tag-fr","14":"tag-france","15":"tag-sports"},"share_on_mastodon":{"url":"https:\/\/pubeurope.com\/@fr\/115245754858437191","error":""},"_links":{"self":[{"href":"https:\/\/www.europesays.com\/fr\/wp-json\/wp\/v2\/posts\/408537","targetHints":{"allow":["GET"]}}],"collection":[{"href":"https:\/\/www.europesays.com\/fr\/wp-json\/wp\/v2\/posts"}],"about":[{"href":"https:\/\/www.europesays.com\/fr\/wp-json\/wp\/v2\/types\/post"}],"author":[{"embeddable":true,"href":"https:\/\/www.europesays.com\/fr\/wp-json\/wp\/v2\/users\/2"}],"replies":[{"embeddable":true,"href":"https:\/\/www.europesays.com\/fr\/wp-json\/wp\/v2\/comments?post=408537"}],"version-history":[{"count":0,"href":"https:\/\/www.europesays.com\/fr\/wp-json\/wp\/v2\/posts\/408537\/revisions"}],"wp:featuredmedia":[{"embeddable":true,"href":"https:\/\/www.europesays.com\/fr\/wp-json\/wp\/v2\/media\/408538"}],"wp:attachment":[{"href":"https:\/\/www.europesays.com\/fr\/wp-json\/wp\/v2\/media?parent=408537"}],"wp:term":[{"taxonomy":"category","embeddable":true,"href":"https:\/\/www.europesays.com\/fr\/wp-json\/wp\/v2\/categories?post=408537"},{"taxonomy":"post_tag","embeddable":true,"href":"https:\/\/www.europesays.com\/fr\/wp-json\/wp\/v2\/tags?post=408537"}],"curies":[{"name":"wp","href":"https:\/\/api.w.org\/{rel}","templated":true}]}}