{"id":408543,"date":"2025-09-22T03:12:12","date_gmt":"2025-09-22T03:12:12","guid":{"rendered":"https:\/\/www.europesays.com\/fr\/408543\/"},"modified":"2025-09-22T03:12:12","modified_gmt":"2025-09-22T03:12:12","slug":"michou-devoile-le-revenu-enorme-genere-par-sa-chaine-youtube-lannee-derniere","status":"publish","type":"post","link":"https:\/\/www.europesays.com\/fr\/408543\/","title":{"rendered":"Michou d\u00e9voile le revenu \u00ab \u00e9norme \u00bb g\u00e9n\u00e9r\u00e9 par sa cha\u00eene YouTube l\u2019ann\u00e9e derni\u00e8re"},"content":{"rendered":"<p class=\"mb-4 text-lg md:leading-8 break-words\">Somme faramineuse. L\u2019influenceur star <a data-i13n=\"cpos:1;pos:1\" href=\"https:\/\/fr.news.yahoo.com\/michou-annonce-s%C3%A9paration-elsa-bois-211523870.html\" data-ylk=\"slk:Michou;cpos:1;pos:1;elm:context_link;itc:0;sec:content-canvas;outcm:mb_qualified_link;_E:mb_qualified_link;ct:story;\" class=\"link  yahoo-link\" target=\"_blank\" rel=\"noopener\">Michou <\/a>(10 millions d\u2019abonn\u00e9s) \u00e9tait l\u2019invit\u00e9 de <a data-i13n=\"cpos:2;pos:1\" href=\"https:\/\/www.google.com\/search?q=McFly+et+Carlito+le+huffpost&amp;rlz=1C1GCEA_enFR1144FR1144&amp;oq=McFly+et+Carlito+le+huffpost&amp;gs_lcrp=EgZjaHJvbWUyBggAEEUYOTIHCAEQABiABDIHCAIQABiABDIHCAMQABiABDIHCAQQABiABDIHCAUQABiABDIHCAYQABiABDIHCAcQABiABDIHCAgQABiABDIHCAkQABiABNIBCDE5NDJqMGo3qAIAsAIA&amp;sourceid=chrome&amp;ie=UTF-8\" rel=\"nofollow noopener\" target=\"_blank\" data-ylk=\"slk:McFly et Carlito;cpos:2;pos:1;elm:context_link;itc:0;sec:content-canvas\" class=\"link \">McFly et Carlito<\/a>, ce jeudi 18 septembre, dans leur nouvelle vid\u00e9o concept \u00ab PAINBALL : si t\u2019es pas honn\u00eate, tu souffres \u00bb. Le cr\u00e9ateur de 23 ans a d\u00fb r\u00e9v\u00e9ler au cours de ce jeu le montant g\u00e9n\u00e9r\u00e9 par sa cha\u00eene Youtube en 2024. Et c\u2019est colossal.<\/p>\n<p class=\"mb-4 text-lg md:leading-8 break-words\">Comme le rapporte <a data-i13n=\"cpos:3;pos:1\" href=\"https:\/\/www.ozap.com\/actu\/cest-enorme-face-a-mcfly-et-carlito-michou-devoile-les-revenus-generes-par-sa-chaine-youtube-en-2024\/651695\" rel=\"nofollow noopener\" target=\"_blank\" data-ylk=\"slk:PureM\u00e9dias;cpos:3;pos:1;elm:context_link;itc:0;sec:content-canvas\" class=\"link \">PureM\u00e9dias<\/a>, Carlito a questionn\u00e9 Michou : \u00ab quel est ton revenu AdSense (revenu g\u00e9n\u00e9r\u00e9 par YouTube, NDLR) sur l\u2019ann\u00e9e 2024 ? \u00bb. S\u2019il ne r\u00e9pondait pas, selon les r\u00e8gles \u00e9tablies, l\u2019influenceur se serait fait tirer dessus avec une balle de painball.<\/p>\n<p class=\"mb-4 text-lg md:leading-8 break-words\"><a data-i13n=\"cpos:4;pos:1\" href=\"https:\/\/fr.news.yahoo.com\/inoxtag-raconte-travers%C3%A9e-l-atlantique-084013196.html\" data-ylk=\"slk:Inoxtag raconte sa travers\u00e9e de l\u2019Atlantique aux c\u00f4t\u00e9s de Guirec Soud\u00e9e, sa nouvelle vid\u00e9o \u00e9v\u00e8nement;cpos:4;pos:1;elm:context_link;itc:0;sec:content-canvas;outcm:mb_qualified_link;_E:mb_qualified_link;ct:story;\" class=\"link  yahoo-link\" target=\"_blank\" rel=\"noopener\"> Inoxtag raconte sa travers\u00e9e de l\u2019Atlantique aux c\u00f4t\u00e9s de Guirec Soud\u00e9e, sa nouvelle vid\u00e9o \u00e9v\u00e8nement <\/a><\/p>\n<p class=\"mb-4 text-lg md:leading-8 break-words\">Le cr\u00e9ateur de contenu Miguel Mattioli, de son vrai nom, a pr\u00e9f\u00e9r\u00e9 dire la v\u00e9rit\u00e9. \u00ab Fr\u00e9rot, je ne prendrai pas de balle. Attends, \u00e7a d\u00e9pend. C\u2019est compliqu\u00e9. Je dis un vrai truc. \u00bb, commence Michou, h\u00e9sitant. Il regarde ses comptes sur son t\u00e9l\u00e9phone pour v\u00e9rifier le montant et le cr\u00e9ateur finit par l\u00e2cher le morceau : \u00ab OK, 2024, \u00e7a dit quoi ? Mec, c\u2019est \u00e9norme. Mais mec, je suis choqu\u00e9 moi-m\u00eame, l\u00e0. En 2024, ma cha\u00eene YouTube a g\u00e9n\u00e9r\u00e9 1 298 556 euros \u00bb.<\/p>\n<p>Plusieurs sources de revenus<\/p>\n<p class=\"mb-4 text-lg md:leading-8 break-words\">Michou insiste sur le fait que cette somme ne repr\u00e9sente avec son revenu net : \u00ab Quand je vois ce que j\u2019ai g\u00e9n\u00e9r\u00e9 et ce que j\u2019ai sur mon compte, je me dis que j\u2019ai d\u00fb abuser quelque part. Mais je pense que c\u2019est les imp\u00f4ts, la production, etc. il y a beaucoup de choses. \u00bb<\/p>\n<p class=\"mb-4 text-lg md:leading-8 break-words\">L\u2019influenceur g\u00e9n\u00e8re \u00e9galement de l\u2019argent gr\u00e2ce \u00e0 son compte Twitch, \u00ab des partenariats commerciaux, merchandising, musique, \u00e9v\u00e9nements \u00bb, et aussi gr\u00e2ce \u00e0 sa cha\u00eene de restauration, explique le m\u00e9dia sp\u00e9cialis\u00e9\u00a0<a data-i13n=\"cpos:5;pos:1\" href=\"https:\/\/lessentieldeleco.fr\/3266-combien-gagne-michou\/#:~:text=Michou%2C%2023%20ans%2C%20influenceur%20star,%2C%20Twitch%2C%20marques%20et%20restauration.\" rel=\"nofollow noopener\" target=\"_blank\" data-ylk=\"slk:L\u2019Essentiel de l\u2019\u00c9co;cpos:5;pos:1;elm:context_link;itc:0;sec:content-canvas\" class=\"link \">L\u2019Essentiel de l\u2019\u00c9co<\/a>, qui le place au deuxi\u00e8me rang des cr\u00e9ateurs fran\u00e7ais les mieux r\u00e9mun\u00e9r\u00e9s, derri\u00e8re Squeezie.<\/p>\n<p class=\"mb-4 text-lg md:leading-8 break-words\">La semaine derni\u00e8re, 40 000 spectateurs ont assist\u00e9 \u00e0 la diffusion au cin\u00e9ma du premier des quatre \u00e9pisodes de Terminal, une s\u00e9rie hebdomadaire produite par Michou, pour sa cha\u00eene Youtube. Mise en ligne dimanche, cette premi\u00e8re partie a cumul\u00e9 plus de 4,3 millions de vues en trois jours.<\/p>\n<p class=\"mb-4 text-lg md:leading-8 break-words\">Tourn\u00e9 en Espagne, ce jeu de survie place une quinzaine de personnalit\u00e9s d\u2019internet dans un a\u00e9roport abandonn\u00e9 o\u00f9 elles doivent \u00e9chapper \u00e0 des soldats. \u00ab C\u2019est un projet \u00e0 plus d\u2019un million d\u2019euros \u00bb qui a mobilis\u00e9 250 personnes, a d\u00e9taill\u00e9 \u00e0 l\u2019AFP le cr\u00e9ateur de 23 ans, bien loin des premi\u00e8res pastilles film\u00e9es dans sa chambre il y a pr\u00e8s de dix ans.<\/p>\n<p class=\"mb-4 text-lg md:leading-8 break-words\"><a data-i13n=\"cpos:6;pos:1\" href=\"https:\/\/fr.news.yahoo.com\/coll%C3%A9giens-d-%C3%A9pinay-font-millions-164513849.html\" data-ylk=\"slk:Ces coll\u00e9giens d\u2019\u00c9pinay font des millions de vues avec leur webs\u00e9rie sur leur quotidien en REP;cpos:6;pos:1;elm:context_link;itc:0;sec:content-canvas;outcm:mb_qualified_link;_E:mb_qualified_link;ct:story;\" class=\"link  yahoo-link\" target=\"_blank\" rel=\"noopener\"> Ces coll\u00e9giens d\u2019\u00c9pinay font des millions de vues avec leur webs\u00e9rie sur leur quotidien en REP <\/a><\/p>\n<p class=\"mb-4 text-lg md:leading-8 break-words\"><a data-i13n=\"cpos:7;pos:1\" href=\"https:\/\/fr.news.yahoo.com\/c-%C3%A0-gad-elmaleh-revient-195232842.html\" data-ylk=\"slk:Dans \u00ab C \u00e0 Vous \u00bb, Gad Elmaleh revient sur les accusations de plagiat dont il avait fait l\u2019objet;cpos:7;pos:1;elm:context_link;itc:0;sec:content-canvas;outcm:mb_qualified_link;_E:mb_qualified_link;ct:story;\" class=\"link  yahoo-link\" target=\"_blank\" rel=\"noopener\"> Dans \u00ab C \u00e0 Vous \u00bb, Gad Elmaleh revient sur les accusations de plagiat dont il avait fait l\u2019objet <\/a><\/p>\n","protected":false},"excerpt":{"rendered":"Somme faramineuse. L\u2019influenceur star Michou (10 millions d\u2019abonn\u00e9s) \u00e9tait l\u2019invit\u00e9 de McFly et Carlito, ce jeudi 18 septembre,&hellip;\n","protected":false},"author":2,"featured_media":408544,"comment_status":"","ping_status":"","sticky":false,"template":"","format":"standard","meta":{"footnotes":""},"categories":[1359],"tags":[54022,58,59,1011,27,54023,6976,973,2784],"class_list":{"0":"post-408543","1":"post","2":"type-post","3":"status-publish","4":"format-standard","5":"has-post-thumbnail","7":"category-people","8":"tag-chaine-de-restauration","9":"tag-divertissement","10":"tag-entertainment","11":"tag-fr","12":"tag-france","13":"tag-mcfly","14":"tag-michou","15":"tag-people","16":"tag-youtube"},"share_on_mastodon":{"url":"https:\/\/pubeurope.com\/@fr\/115245766631767294","error":""},"_links":{"self":[{"href":"https:\/\/www.europesays.com\/fr\/wp-json\/wp\/v2\/posts\/408543","targetHints":{"allow":["GET"]}}],"collection":[{"href":"https:\/\/www.europesays.com\/fr\/wp-json\/wp\/v2\/posts"}],"about":[{"href":"https:\/\/www.europesays.com\/fr\/wp-json\/wp\/v2\/types\/post"}],"author":[{"embeddable":true,"href":"https:\/\/www.europesays.com\/fr\/wp-json\/wp\/v2\/users\/2"}],"replies":[{"embeddable":true,"href":"https:\/\/www.europesays.com\/fr\/wp-json\/wp\/v2\/comments?post=408543"}],"version-history":[{"count":0,"href":"https:\/\/www.europesays.com\/fr\/wp-json\/wp\/v2\/posts\/408543\/revisions"}],"wp:featuredmedia":[{"embeddable":true,"href":"https:\/\/www.europesays.com\/fr\/wp-json\/wp\/v2\/media\/408544"}],"wp:attachment":[{"href":"https:\/\/www.europesays.com\/fr\/wp-json\/wp\/v2\/media?parent=408543"}],"wp:term":[{"taxonomy":"category","embeddable":true,"href":"https:\/\/www.europesays.com\/fr\/wp-json\/wp\/v2\/categories?post=408543"},{"taxonomy":"post_tag","embeddable":true,"href":"https:\/\/www.europesays.com\/fr\/wp-json\/wp\/v2\/tags?post=408543"}],"curies":[{"name":"wp","href":"https:\/\/api.w.org\/{rel}","templated":true}]}}