{"id":408553,"date":"2025-09-22T03:17:41","date_gmt":"2025-09-22T03:17:41","guid":{"rendered":"https:\/\/www.europesays.com\/fr\/408553\/"},"modified":"2025-09-22T03:17:41","modified_gmt":"2025-09-22T03:17:41","slug":"tence-un-inspirant-cine-debat-autour-du-documentaire-de-julien-ouguergouz-madame-le-maire","status":"publish","type":"post","link":"https:\/\/www.europesays.com\/fr\/408553\/","title":{"rendered":"Tence : un inspirant cin\u00e9-d\u00e9bat autour du documentaire de Julien Ouguergouz \u00ab\u00a0Madame Le Maire\u00a0\u00bb"},"content":{"rendered":"<p>\t\t\t\t\t\t\t\t\t\t\t\t\t\t\t\t\t\t\t\t\t\t\t\t\t\t\t\t\t\t\t\t\t\t\t\t\t\t\t\t\t\t\t\t\t\t\t\t\t\t\t\t\t\t\t\t\t\t\t\t\t\t\t<a href=\"https:\/\/www.lacommere43.fr\/component\/banners\/click\/1820.html\" target=\"_blank\" title=\"Maison Velay septembre 2025\" rel=\"noopener\"><br \/>\n\t\t\t\t\t\t\t<img decoding=\"async\" loading=\"lazy\" src=\"https:\/\/www.europesays.com\/fr\/wp-content\/uploads\/2025\/09\/1758511058_92_La_Commre_43_Pav__H600_x_L600_px2025.jpg\" alt=\"Maison Velay septembre 2025\"\/><br \/>\n\t\t\t\t\t\t<\/a><\/p>\n<p>\t\t\t\t\t\t\t\t\t\t\t\t\t\t\t\t\t\t\t\t\t\t\t\t\t\t\t\t\t\t\t\t\t\t\t\t\t\t\t\t\t\t\t\t\t\t\t\t\t\t\t\t\t\t\t\t\t\t\t\t\t\t\t<a href=\"https:\/\/www.lacommere43.fr\/component\/banners\/click\/1819.html\" target=\"_blank\" title=\"Saint-Romain-Lachalm Durieux Fermetures septembre 2025\" rel=\"noopener\"><br \/>\n\t\t\t\t\t\t\t<img decoding=\"async\" loading=\"lazy\" src=\"https:\/\/www.europesays.com\/fr\/wp-content\/uploads\/2025\/09\/La-Commre-43---17-09-au-07-10-25-carrs.gif\" alt=\"Saint-Romain-Lachalm Durieux Fermetures septembre 2025\"\/><br \/>\n\t\t\t\t\t\t<\/a><\/p>\n<p><strong>L&rsquo;\u00e9quipe de Cin\u00e9-Tence avait encore fait un choix judicieux en programmant \u00ab\u00a0Madame Le Maire\u00a0\u00bb, un documentaire r\u00e9alis\u00e9 par Julien Ouguergouz tourn\u00e9 pendant la campagne des municipales de 2020 \u00e0 Firminy.\u00a0<\/strong><\/p>\n<p>M\u00eame si l&rsquo;affluence n&rsquo;\u00e9tait pas au rendez-vous qu&rsquo;aurait justifi\u00e9e cette proposition de cin\u00e9-d\u00e9bat, les spectateurs venus vendredi soir au cin\u00e9ma \u00e0 Tence n&rsquo;ont pas regrett\u00e9 leur choix. Les \u00e9changes nourris \u00e0 l&rsquo;issue de la projection en pr\u00e9sence de Julien Ouguergouz le r\u00e9alisateur,\u00a0Mathieu Lesueur le producteur, et du sujet m\u00eame de ce documentaire Anne-Sophie Putot, en t\u00e9moignaient.<\/p>\n<p><strong>Les municipales de 2020 \u00e0 Firminy<\/strong><\/p>\n<p>Le film invite \u00e0 plonger dans la campagne municipale de 2020 \u00e0 Firminy o\u00f9 la candidate Anne-Sophie Putot m\u00e8ne la liste d&rsquo;union de gauche L&rsquo;\u00c9lan citoyen, pour faire barrage au maire communiste sortant Marc Petit, son ancien alli\u00e9 politique. Elle estime qu&rsquo;il ne peut pas briguer un nouveau mandat de maire alors qu&rsquo;il a \u00e9t\u00e9 condamn\u00e9 pour agression sexuelle\u00a0en f\u00e9vrier et novembre 2019, son pourvoi en cassation a \u00e9t\u00e9 rejet\u00e9 d\u00e9but 2020.\u00a0Marc Petit n&rsquo;a pas \u00e9t\u00e9 r\u00e9\u00e9lu, Anne-Sophie Putot n&rsquo;a pas remport\u00e9 le scrutin non plus. Julien Luya, candidat Les R\u00e9publicains en 2020, devient maire. Firminy bascule \u00e0 droite. Anne-Sophie sera la seule \u00e9lue sur sa liste et devient une conseill\u00e8re d&rsquo;opposition.<\/p>\n<p><strong>Une pr\u00e9cieuse connivence<\/strong><\/p>\n<p>Le r\u00e9alisateur connaissait Anne-Sophie Putot avant de d\u00e9buter le tournage, d\u00e9marr\u00e9 pendant le premier confinement. La candidate lui avait demande de r\u00e9aliser une vid\u00e9o pour elle au tout d\u00e9but de sa campagne. Apr\u00e8s ce premier passage d&rsquo;Anne-Sophie Putot derri\u00e8re sa cam\u00e9ra, Julien Ouguergouz a l&rsquo;id\u00e9e de la filmer pendant toute la campagne, sur le terrain avec son \u00e9quipe, face aux autres candidats lors de d\u00e9bats dans les m\u00e9dias, mais aussi chez elle, lorsque cette\u00a0m\u00e8re de famille c\u00e9libataire, qui\u00a0travaille toute la semaine, s&rsquo;occupe de ses deux enfants. Leur connivence permet au cin\u00e9aste de rentrer dans l&rsquo;intimit\u00e9 de cette candidate singuli\u00e8re.<\/p>\n<p><strong>Une femme nouvelle<\/strong><\/p>\n<p>Ce documentaire de cr\u00e9ation, qui joue avec les codes du polar, se suit avec un vif int\u00e9r\u00eat, questionnant efficacement autour des questions d&rsquo;engagement, de valeurs, la place des femmes dans la vie publique&#8230; Et au-del\u00e0, il donne \u00e0 voir, au fur et \u00e0 mesure que la campagne avance, comment Anne-Sophie Putot se transforme, prend de l&rsquo;assurance, trouve en elle, et gr\u00e2ce aux camarades mobilis\u00e9s autour d&rsquo;elle, des ressources pour acqu\u00e9rir une stature de femme politique. Une mue saisissante.<\/p>\n<p>Forte de cette exp\u00e9rience, de son mandat d&rsquo;opposante v\u00e9cu dans la douleur, mais riche d&rsquo;apprentissages, Anne-Sophie Putot pr\u00e9voit de se lancer \u00e0 nouveau dans la bataille des municipales en mars 2026.<\/p>\n","protected":false},"excerpt":{"rendered":"L&rsquo;\u00e9quipe de Cin\u00e9-Tence avait encore fait un choix judicieux en programmant \u00ab\u00a0Madame Le Maire\u00a0\u00bb, un documentaire r\u00e9alis\u00e9 par&hellip;\n","protected":false},"author":2,"featured_media":408554,"comment_status":"","ping_status":"","sticky":false,"template":"","format":"standard","meta":{"footnotes":""},"categories":[1354],"tags":[2281,58,59,2282,1346,1011,27,2280,2284,2285,2283,1360],"class_list":{"0":"post-408553","1":"post","2":"type-post","3":"status-publish","4":"format-standard","5":"has-post-thumbnail","7":"category-films","8":"tag-actualite-43","9":"tag-divertissement","10":"tag-entertainment","11":"tag-faits-divers-auvergne","12":"tag-films","13":"tag-fr","14":"tag-france","15":"tag-information-haute-loire","16":"tag-infos-43","17":"tag-journal-haute-loire","18":"tag-la-commere-43","19":"tag-movies"},"share_on_mastodon":{"url":"https:\/\/pubeurope.com\/@fr\/115245786914885977","error":""},"_links":{"self":[{"href":"https:\/\/www.europesays.com\/fr\/wp-json\/wp\/v2\/posts\/408553","targetHints":{"allow":["GET"]}}],"collection":[{"href":"https:\/\/www.europesays.com\/fr\/wp-json\/wp\/v2\/posts"}],"about":[{"href":"https:\/\/www.europesays.com\/fr\/wp-json\/wp\/v2\/types\/post"}],"author":[{"embeddable":true,"href":"https:\/\/www.europesays.com\/fr\/wp-json\/wp\/v2\/users\/2"}],"replies":[{"embeddable":true,"href":"https:\/\/www.europesays.com\/fr\/wp-json\/wp\/v2\/comments?post=408553"}],"version-history":[{"count":0,"href":"https:\/\/www.europesays.com\/fr\/wp-json\/wp\/v2\/posts\/408553\/revisions"}],"wp:featuredmedia":[{"embeddable":true,"href":"https:\/\/www.europesays.com\/fr\/wp-json\/wp\/v2\/media\/408554"}],"wp:attachment":[{"href":"https:\/\/www.europesays.com\/fr\/wp-json\/wp\/v2\/media?parent=408553"}],"wp:term":[{"taxonomy":"category","embeddable":true,"href":"https:\/\/www.europesays.com\/fr\/wp-json\/wp\/v2\/categories?post=408553"},{"taxonomy":"post_tag","embeddable":true,"href":"https:\/\/www.europesays.com\/fr\/wp-json\/wp\/v2\/tags?post=408553"}],"curies":[{"name":"wp","href":"https:\/\/api.w.org\/{rel}","templated":true}]}}