{"id":408559,"date":"2025-09-22T03:20:27","date_gmt":"2025-09-22T03:20:27","guid":{"rendered":"https:\/\/www.europesays.com\/fr\/408559\/"},"modified":"2025-09-22T03:20:27","modified_gmt":"2025-09-22T03:20:27","slug":"marina-fois-aborde-la-mort-de-son-frere-avec-audrey-crespo-mara","status":"publish","type":"post","link":"https:\/\/www.europesays.com\/fr\/408559\/","title":{"rendered":"Marina Fo\u00efs aborde la mort de son fr\u00e8re avec Audrey Crespo-Mara"},"content":{"rendered":"<p>    Marina Fo\u00efs dans \u00abSept \u00e0 huit\u00bb.<br \/>\n                Capture \u00e9cran<\/p>\n<p>La journaliste de TF1 a re\u00e7u dans son portrait de la semaine pour \u00abSept \u00e0 huit\u00bb le t\u00e9moignage touchant de l\u2019actrice bient\u00f4t \u00e0 l\u2019affiche du biopic sur Simone Signoret, Moi qui t\u2019aimais.<\/p>\n<p class=\"fig-paragraph\">\u00abElle ne s\u2019est jamais autant confi\u00e9e\u00bb, sp\u00e9cifie\u00a0<a href=\"http:\/\/tvmag.lefigaro.fr\/programme-tv\/people\/une-sedation-profonde-audrey-crespo-mara-raconte-les-derniers-instants-de-thierry-ardisson-dans-quotidien-20250902\" target=\"_blank\" data-fig-type=\"Article\" rel=\"noopener\" data-gtm-custom-categorie=\"navigation\" data-gtm-custom-action=\"crossclick\" data-gtm-custom-label=\"Contextuel\" data-gtm-event=\"customEventSPE\" data-fig-domain=\"TVMAG\"><strong>Audrey Crespo-Mara<\/strong><\/a> \u00a0en pr\u00e9ambule de son portrait diffus\u00e9 ce dimanche 21 septembre dans \u00abSept \u00e0 huit\u00bb. L\u2019actrice\u00a0<a href=\"http:\/\/tvmag.lefigaro.fr\/programme-tv\/people\/j-etais-tres-proche-de-marina-fois-limite-amoureux-les-revelations-de-pierre-francois-martin-laval-sur-l-histoire-des-robins-des-bois-20231027\" target=\"_blank\" data-fig-type=\"Article\" rel=\"noopener\" data-gtm-custom-categorie=\"navigation\" data-gtm-custom-action=\"crossclick\" data-gtm-custom-label=\"Contextuel\" data-gtm-event=\"customEventSPE\" data-fig-domain=\"TVMAG\"><strong>Marina Fo\u00efs<\/strong><\/a> \u00a0\u00e9voque face \u00e0 la journaliste de TF1 ses origines, ses histoires d\u2019amour et un deuil qui l\u2019a profond\u00e9ment marqu\u00e9.<\/p>\n<p class=\"fig-paragraph\">Quand elle a 29 ans, elle perd son fr\u00e8re dans un accident d\u2019avion. Il avait 32 ans. \u00abOn \u00e9tait tr\u00e8s proches\u00bb assure Marina Fo\u00efs avant d\u2019\u00e9voquer une anecdote\u00a0: \u00abquand il y avait des conflits avec les parents, il prenait syst\u00e9matiquement ma d\u00e9fense, m\u00eame quand j\u2019avais tort\u00bb. \u00abUn vrai grand fr\u00e8re\u00bb, comme elle le souligne.<\/p>\n<blockquote class=\"fig-quote&#10;    \">\n<p class=\"fig-quote__text\">Je ne suis pas croyante. Pour moi, la mort, c\u2019est la fin.<\/p>\n<p>            Marina Fo\u00efs dans \u00abSept \u00e0 huit\n    <\/p><\/blockquote>\n<p>                                    <a class=\"fig-a11y-skip a11y-hidden\" href=\"#fig-a11y-skip-main-inarticle\"><br \/>\n        Passer la publicit\u00e9<br \/>\n    <\/a><\/p>\n<p class=\"fig-paragraph\">Elle vit alors \u00abun deuil qui touche aux souvenirs et \u00e0 l\u2019enfance\u00bb. Au point qu\u2019elle refuse de retourner en Italie, elle a la double nationalit\u00e9, pendant 10 ans \u00abparce que c\u2019\u00e9tait toutes nos vacances\u00bb. \u00abJe ne suis pas croyante. Pour moi, la mort, c\u2019est la fin. Il n\u2019y a pas de dialogue, il n\u2019y a que l\u2019absence. C\u2019est une conversation qui s\u2019est brutalement interrompue\u00bb, explique-t-elle sur TF1 avant d\u2019exprimer\u00a0: \u00abJ\u2019ai consid\u00e9r\u00e9 qu\u2019il m\u2019avait abandonn\u00e9e, qu\u2019il m\u2019avait laiss\u00e9e terminer ma vie sans lui.\u00bb<\/p>\n<p class=\"fig-paragraph\">Hasard de la vie, avant de conna\u00eetre cette terrible perte, elle rencontre \u00e0 la m\u00eame p\u00e9riode celui qui deviendra le p\u00e8re de ses enfants. Le r\u00e9alisateur\u00a0<a href=\"http:\/\/www.lefigaro.fr\/cinema\/ceremonie-oscars\/oscars-2022-le-realisateur-eric-lartigau-tres-heureux-de-la-victoire-de-coda-20220329\" target=\"_blank\" data-fig-type=\"Article\" rel=\"noopener\" data-gtm-custom-categorie=\"navigation\" data-gtm-custom-action=\"crossclick\" data-gtm-custom-label=\"Contextuel\" data-gtm-event=\"customEventSPE\" data-fig-domain=\"LEFIGARO\">Eric Lartigau<\/a>. Aujourd\u2019hui s\u00e9par\u00e9s, ils ont eu deux fils. Lazare n\u00e9 en 2004 et George n\u00e9 en 2008. \u00abOn s\u2019est rencontr\u00e9 10 jours avant la mort de mon fr\u00e8re\u00bb, se souvient l\u2019actrice. \u00abLa vie m\u2019a apport\u00e9 un immense bonheur et un immense malheur\u00bb. \u00abLa tristesse n\u2019emp\u00eache pas la joie\u00bb, philosophe Marina Fo\u00efs qui insiste pour pr\u00e9ciser que \u00abla joie est une discipline, un exercice\u00bb.<\/p>\n","protected":false},"excerpt":{"rendered":"Marina Fo\u00efs dans \u00abSept \u00e0 huit\u00bb. Capture \u00e9cran La journaliste de TF1 a re\u00e7u dans son portrait de&hellip;\n","protected":false},"author":2,"featured_media":408560,"comment_status":"","ping_status":"","sticky":false,"template":"","format":"standard","meta":{"footnotes":""},"categories":[8],"tags":[17979,58,59,1011,27,21497,199],"class_list":{"0":"post-408559","1":"post","2":"type-post","3":"status-publish","4":"format-standard","5":"has-post-thumbnail","7":"category-divertissement","8":"tag-audrey-crespo-mara","9":"tag-divertissement","10":"tag-entertainment","11":"tag-fr","12":"tag-france","13":"tag-marina-fois","14":"tag-tf1"},"share_on_mastodon":{"url":"https:\/\/pubeurope.com\/@fr\/115245798065680689","error":""},"_links":{"self":[{"href":"https:\/\/www.europesays.com\/fr\/wp-json\/wp\/v2\/posts\/408559","targetHints":{"allow":["GET"]}}],"collection":[{"href":"https:\/\/www.europesays.com\/fr\/wp-json\/wp\/v2\/posts"}],"about":[{"href":"https:\/\/www.europesays.com\/fr\/wp-json\/wp\/v2\/types\/post"}],"author":[{"embeddable":true,"href":"https:\/\/www.europesays.com\/fr\/wp-json\/wp\/v2\/users\/2"}],"replies":[{"embeddable":true,"href":"https:\/\/www.europesays.com\/fr\/wp-json\/wp\/v2\/comments?post=408559"}],"version-history":[{"count":0,"href":"https:\/\/www.europesays.com\/fr\/wp-json\/wp\/v2\/posts\/408559\/revisions"}],"wp:featuredmedia":[{"embeddable":true,"href":"https:\/\/www.europesays.com\/fr\/wp-json\/wp\/v2\/media\/408560"}],"wp:attachment":[{"href":"https:\/\/www.europesays.com\/fr\/wp-json\/wp\/v2\/media?parent=408559"}],"wp:term":[{"taxonomy":"category","embeddable":true,"href":"https:\/\/www.europesays.com\/fr\/wp-json\/wp\/v2\/categories?post=408559"},{"taxonomy":"post_tag","embeddable":true,"href":"https:\/\/www.europesays.com\/fr\/wp-json\/wp\/v2\/tags?post=408559"}],"curies":[{"name":"wp","href":"https:\/\/api.w.org\/{rel}","templated":true}]}}