{"id":408582,"date":"2025-09-22T03:39:24","date_gmt":"2025-09-22T03:39:24","guid":{"rendered":"https:\/\/www.europesays.com\/fr\/408582\/"},"modified":"2025-09-22T03:39:24","modified_gmt":"2025-09-22T03:39:24","slug":"les-bons-plans-max-radio-du-22-09-au-28-09","status":"publish","type":"post","link":"https:\/\/www.europesays.com\/fr\/408582\/","title":{"rendered":"Les Bons Plans Max Radio du 22\/09 au 28\/09"},"content":{"rendered":"<p>Chaque semaine, retrouvez les meilleurs bons plans de Grenoble et Chamb\u00e9ry ! <br \/>Que vous soyez \u00e0 la recherche d&rsquo;activit\u00e9s, de sorties, d&rsquo;\u00e9v\u00e9nements ou de bonnes adresses, nous vous partageons tout ce qu&rsquo;il ne faut pas manquer.<\/p>\n<p>Les Bons Plans \u00e0 Grenoble :<\/p>\n<p> <b>Rendez-vous : jusqu&rsquo;au 24 septembre, de 14h30 \u00e0 18h, au Parc de Sevre.<\/b><\/p>\n<p>Le cirque Zavattoni pr\u00e9sente la Pat&rsquo;patrouille \u00e0 Meylan<br \/>Venez applaudir les trap\u00e9ziers, les jongleurs, les magiciens, 1h30 de spectacle tout le long accompagn\u00e9 de super-h\u00e9ros de la Pat&rsquo; patrouille<\/p>\n<p>Le cirque et la Pat&rsquo;Patrouille r\u00e9unis dans un spectacle unique pour le plus grand bonheur des petits !<\/p>\n<p>Venez vivre un moment magique en famille : retrouvez vos super-h\u00e9ros pr\u00e9f\u00e9r\u00e9s de la Pat&rsquo;Patrouille, accompagn\u00e9s de num\u00e9ros spectaculaires avec trap\u00e9ziste, jongleur, magicien et clown.<br \/>Et pour cl\u00f4turer ce merveilleux spectacle, une s\u00e9ance photo avec l&rsquo;un des personnages de la Pat&rsquo;Patrouille sera offerte \u00e0 tous les enfants !<\/p>\n<p><a class=\"url\" href=\"https:\/\/www.grenoble-tourisme.com\/fr\/decouvrir\/evenements\/agenda\/detail\/cirque-zavattony-presente-la-pat-patrouille-7511952\/\" target=\"_blank\" rel=\"nofollow noopener\">En savoir plus.<\/a><\/p>\n<tr>\n<td class=\"defaut\"><a href=\"https:\/\/www.radioscoop.com\/agenda\/javascript:void(0)\" onclick=\"parent.RS.diaporama.addMedia(708071) ;\" rel=\"nofollow noopener\" target=\"_blank\"><img loading=\"lazy\" decoding=\"async\" src=\"https:\/\/www.europesays.com\/fr\/wp-content\/uploads\/2025\/09\/1758512353_973_img\" width=\"506\" height=\"640\" border=\"0\" title=\"cjzfh\"\/><\/a><\/td>\n<\/tr>\n<p> <b>Rendez-vous : jusqu&rsquo;au 8 novembre, de 14h \u00e0 18h, au Moulins de Villancourt.<\/b><\/p>\n<p>La Biennale internationale d&rsquo;art non objectif revient aux Moulins de Villancourt pour une huiti\u00e8me \u00e9dition !<\/p>\n<p>Organis\u00e9e pour la premi\u00e8re fois par l&rsquo;association Aropano (Association Roland Or\u00e9p\u00fck pour l&rsquo;art non-objectif) sous la direction de Tilman Hoepfl, elle d\u00e9voile les \u0153uvres de 19 artistes venus des quatre coins du globe avec leurs peintures, sculptures, installations, performances&#8230;<\/p>\n<p><a class=\"url\" href=\"https:\/\/www.grenoble-tourisme.com\/fr\/decouvrir\/evenements\/agenda\/detail\/la-biennale-internationale-d-art-non-objectif-8eme-edition-7520717\/\" target=\"_blank\" rel=\"nofollow noopener\">En savoir plus.<\/a><\/p>\n<tr>\n<td class=\"defaut\"><a href=\"https:\/\/www.radioscoop.com\/agenda\/javascript:void(0)\" onclick=\"parent.RS.diaporama.addMedia(708073) ;\" rel=\"nofollow noopener\" target=\"_blank\"><img loading=\"lazy\" decoding=\"async\" src=\"https:\/\/www.europesays.com\/fr\/wp-content\/uploads\/2025\/09\/1758512354_151_img\" width=\"640\" height=\"294\" border=\"0\" title=\"dvruzy\"\/><\/a><\/td>\n<\/tr>\n<p> <b>Rendez-vous : le 26 septembre, de 20h30 \u00e0 00h, \u00e0 L&rsquo;Atrium.<\/b><\/p>\n<p>Ella Rabeson, chante en plusieurs langues et excelle dans l&rsquo;improvisation vocale. Accompagn\u00e9e de musiciens talentueux, elle propose un jazz riche, teint\u00e9 de ses origines et d&rsquo;une grande diversit\u00e9 stylistique.<\/p>\n<p>Ella Rabeson, chanteuse d&rsquo;origine malgache, est n\u00e9e \u00e0 La R\u00e9union dans une famille de musiciens. Sous son berceau, son papa, pianiste de renom, avait install\u00e9 un \u00e9lectrophone sur lequel tournaient les disques d&rsquo;Ella Fitzgerald, dont ses parents lui avaient donn\u00e9 le pr\u00e9nom. C&rsquo;est dire si elle \u00e9tait pr\u00e9destin\u00e9e \u00e0 devenir elle-m\u00eame musicienne !<br \/>Poss\u00e9dant un timbre naturel, sa voix exprime des \u00e9motions bien diff\u00e9rentes selon qu&rsquo;elle interpr\u00e8te des ballades ou qu&rsquo;elle chante sur des tempi plus enlev\u00e9s.<\/p>\n<p>Avec une diction parfaite, elle chante aussi bien en anglais et en fran\u00e7ais qu&rsquo;en malgache.<br \/>Rare chanteuse improvisatrice \u2013 influence de la grande Ella ? \u2013, elle scate avec \u00e9l\u00e9gance sur des harmonies modernes et s&rsquo;amuse tout autant \u00e0 imiter un trombone sur un bon vieux standard. Interpr\u00e9tant \u00e9galement les bossas, elle chante alors en portugais. Invit\u00e9e de tr\u00e8s nombreux \u00e9v\u00e9nements jazz, son r\u00e9pertoire est tr\u00e8s ouvert et si le Jazz reste son influence principale, l&rsquo;on devine que ses origines pointent ici et l\u00e0 dans ses tr\u00e8s belles interpr\u00e9tations.<\/p>\n<p>Une premi\u00e8re soir\u00e9e id\u00e9ale pour l&rsquo;ouverture de cette 21e saison avec ce concert in\u00e9dit qui annonce une programmation riche en nouveaut\u00e9 !<br \/>Le guitariste Bruno Bellemin, avec qui Ella a enregistr\u00e9 r\u00e9cemment un album et le contrebassiste Laurent Courtois accompagneront avec le swing qu&rsquo;on leur conna\u00eet cette chanteuse de grand talent.<\/p>\n<p><a class=\"url\" href=\"https:\/\/www.grenoble-tourisme.com\/fr\/decouvrir\/evenements\/agenda\/detail\/ella-rabeson-7464573\/\" target=\"_blank\" rel=\"nofollow noopener\">Je prends ma place !<\/a><\/p>\n<tr>\n<td class=\"defaut\"><a href=\"https:\/\/www.radioscoop.com\/agenda\/javascript:void(0)\" onclick=\"parent.RS.diaporama.addMedia(708075) ;\" rel=\"nofollow noopener\" target=\"_blank\"><img loading=\"lazy\" decoding=\"async\" src=\"https:\/\/www.europesays.com\/fr\/wp-content\/uploads\/2025\/09\/1758512356_521_img\" width=\"640\" height=\"480\" border=\"0\" title=\"nhhgf\"\/><\/a><\/td>\n<\/tr>\n<p> <b>Rendez-vous : le 27 et 28 septembre, de 10h \u00e0 18h, au Ch\u00e2teau de Pupeti\u00e8res.<\/b><\/p>\n<p>Situ\u00e9 en Is\u00e8re, le ch\u00e2teau de Pupeti\u00e8res organise sa 13\u00e8me \u00e9dition des Journ\u00e9es des Plantes : exposants professionnels, animations sur stands, conf\u00e9rences, visites du ch\u00e2teau et restauration sur place.<\/p>\n<p>Un \u00ab\u00a0\u00e9v\u00e9nement jardin\u00a0\u00bb annuel qui se d\u00e9roule le dernier week-end de septembre : un rendez vous pour tous les passionn\u00e9s de jardins et amateurs de plantes rares.<br \/>Sp\u00e9cialistes du monde v\u00e9g\u00e9tal, p\u00e9pini\u00e9ristes, horticulteurs, et rosi\u00e9ristes sont r\u00e9unis et vous apportent des conseils et informations pratiques. Associations, artisans et artistes pr\u00e9senteront leur cr\u00e9ations originales autour du jardin.<br \/>L&rsquo;\u00e9v\u00e8nement a pour parrain Mario Luraschi.<\/p>\n<p>Plus de 100 exposants, des partenaires, des animations, des conf\u00e9rences, une exposition, des ateliers et des visites du ch\u00e2teau vous seront propos\u00e9s au cours de ce week-end.<\/p>\n<p><a class=\"url\" href=\"https:\/\/www.grenoble-tourisme.com\/fr\/decouvrir\/evenements\/agenda\/detail\/journees-des-plantes-2025-5577623\/\" target=\"_blank\" rel=\"nofollow noopener\">Je prends ma place !<\/a><\/p>\n<tr>\n<td class=\"defaut\"><a href=\"https:\/\/www.radioscoop.com\/agenda\/javascript:void(0)\" onclick=\"parent.RS.diaporama.addMedia(708076) ;\" rel=\"nofollow noopener\" target=\"_blank\"><img loading=\"lazy\" decoding=\"async\" src=\"https:\/\/www.europesays.com\/fr\/wp-content\/uploads\/2025\/09\/1758512358_765_img\" width=\"471\" height=\"640\" border=\"0\" title=\"hvhhv\"\/><\/a><\/td>\n<\/tr>\n<p> <b>Rendez-vous : le 27 septembre, sur la Place Henri Barbusse.<\/b><\/p>\n<p><a class=\"url\" href=\"https:\/\/www.grenoble-tourisme.com\/fr\/decouvrir\/evenements\/agenda\/detail\/51eme-foire-aux-chevres-de-la-saint-michel-6644112\/\" target=\"_blank\" rel=\"nofollow noopener\">Je prends ma place !<\/a><\/p>\n<tr>\n<td class=\"defaut\"><a href=\"https:\/\/www.radioscoop.com\/agenda\/javascript:void(0)\" onclick=\"parent.RS.diaporama.addMedia(708082) ;\" rel=\"nofollow noopener\" target=\"_blank\"><img loading=\"lazy\" decoding=\"async\" src=\"https:\/\/www.europesays.com\/fr\/wp-content\/uploads\/2025\/09\/1758512360_759_img\" width=\"453\" height=\"640\" border=\"0\" title=\"gvnh\"\/><\/a><\/td>\n<\/tr>\n<p> <b>Rendez-vous : le 27 septembre, de 10h \u00e0 23h, au Centre chor\u00e9graphique national de Grenoble.<\/b><\/p>\n<p>Le temps d&rsquo;une journ\u00e9e, le CCN de Grenoble devient le lieu de rassemblement d&rsquo;amateur\u00b7ice\u00b7s de tous les styles de danse.<br \/>L&rsquo;IMPACT Festival vous donne rendez-vous pour une nouvelle \u00e9dition plac\u00e9e sous le signe de la diversit\u00e9.<\/p>\n<p>Et si le temps d&rsquo;une journ\u00e9e, le Centre chor\u00e9graphique national de Grenoble devenait le lieu de rassemblement d&rsquo;amateur\u00b7ice\u00b7s de tous les styles de danse ?<\/p>\n<p>L&rsquo;IMPACT Festival vous donne rendez-vous samedi 27 septembre 2025 pour une nouvelle \u00e9dition plac\u00e9e sous le signe de la diversit\u00e9.<br \/>DIVERSIT\u00c9 des esth\u00e9tiques contemporaines qui offriront un aper\u00e7u de la richesse de l&rsquo;art chor\u00e9graphique.<br \/>DIVERSIT\u00c9 des styles de danses, urbaines, sociales et folkloriques r\u00e9unies pour l&rsquo;occasion.<br \/>DIVERSIT\u00c9 de formats : performances, workshops pro, temps de pratique ouverts \u00e0 tous\u00b7tes, battle open styles, DJset.<br \/>DIVERSIT\u00c9 de rythmes et d&rsquo;\u00e9nergies, des ateliers du matin aux propositions festives de fin de journ\u00e9e.<br \/>DIVERSIT\u00c9 de participant\u00b7e\u00b7s : curieux\u00b7se\u00b7s, n\u00e9ophytes ou initi\u00e9\u00b7e\u00b7s, danseur\u00b7euse\u00b7s amateur\u00b7ice\u00b7s et professionnel\u00b7le\u00b7s venu\u00b7e\u00b7s de Grenoble, Lyon, Paris et d&rsquo;autres territoires.<\/p>\n<p>Dans les studios, sur sc\u00e8ne, dans l&rsquo;espace public comme dans les espaces informels, la danse investit chaque recoin, invitant \u00e0 la d\u00e9couverte et \u00e0 l&rsquo;exp\u00e9rimentation.<\/p>\n<p>L&rsquo;IMPACT Festival se veut ainsi le reflet, concentr\u00e9 et festif, de ce qui fait vivre le CCN toute l&rsquo;ann\u00e9e : soutenir la cr\u00e9ation, accompagner les artistes, favoriser la transmission et ouvrir la danse \u00e0 tous les publics.<\/p>\n<p><a class=\"url\" href=\"https:\/\/www.grenoble-tourisme.com\/fr\/decouvrir\/evenements\/agenda\/detail\/impact-festival-7446082\/\" target=\"_blank\" rel=\"nofollow noopener\">Je prends ma place !<\/a><\/p>\n<tr>\n<td class=\"defaut\"><a href=\"https:\/\/www.radioscoop.com\/agenda\/javascript:void(0)\" onclick=\"parent.RS.diaporama.addMedia(708083) ;\" rel=\"nofollow noopener\" target=\"_blank\"><img loading=\"lazy\" decoding=\"async\" src=\"https:\/\/www.europesays.com\/fr\/wp-content\/uploads\/2025\/09\/1758512362_566_img\" width=\"640\" height=\"335\" border=\"0\" title=\"bjghch\"\/><\/a><\/td>\n<\/tr>\n<p> <b>Rendez-vous : le 28 septembre, de 9h \u00e0 12h, les d\u00e9parts et arriv\u00e9es sont \u00e0 l&rsquo;Anneau de vitesse.<\/b><\/p>\n<p>Une balade \u00e0 v\u00e9lo insolite. Dans une ambiance conviviale, d\u00e9couvrez la ville autrement en visitant \u00e0 v\u00e9lo des monuments historiques, enceintes sportives, b\u00e2timents administratifs, usines, sc\u00e8nes musicales ?<\/p>\n<p><a class=\"url\" href=\"https:\/\/www.grenoble-tourisme.com\/fr\/decouvrir\/evenements\/agenda\/detail\/velotour-grenoble-6646955\/\" target=\"_blank\" rel=\"nofollow noopener\">Je prends ma place !<\/a><\/p>\n<tr>\n<td class=\"defaut\"><a href=\"https:\/\/www.radioscoop.com\/agenda\/javascript:void(0)\" onclick=\"parent.RS.diaporama.addMedia(708084) ;\" rel=\"nofollow noopener\" target=\"_blank\"><img loading=\"lazy\" decoding=\"async\" src=\"https:\/\/www.europesays.com\/fr\/wp-content\/uploads\/2025\/09\/1758512364_399_img\" width=\"640\" height=\"237\" border=\"0\" title=\"vhvggf\"\/><\/a><\/td>\n<\/tr>\n<p><\/p>\n","protected":false},"excerpt":{"rendered":"Chaque semaine, retrouvez les meilleurs bons plans de Grenoble et Chamb\u00e9ry ! Que vous soyez \u00e0 la recherche&hellip;\n","protected":false},"author":2,"featured_media":408583,"comment_status":"","ping_status":"","sticky":false,"template":"","format":"standard","meta":{"footnotes":""},"categories":[9566],"tags":[1111,11,2430,677,12362,1777,674,1011,27,2731,12,7518,25],"class_list":{"0":"post-408582","1":"post","2":"type-post","3":"status-publish","4":"format-standard","5":"has-post-thumbnail","7":"category-grenoble","8":"tag-actu","9":"tag-actualites","10":"tag-auvergne-rhone-alpes","11":"tag-bons-plans","12":"tag-chambry","13":"tag-eu","14":"tag-europe","15":"tag-fr","16":"tag-france","17":"tag-grenoble","18":"tag-news","19":"tag-octobre","20":"tag-republique-francaise"},"share_on_mastodon":{"url":"https:\/\/pubeurope.com\/@fr\/115245873582399030","error":""},"_links":{"self":[{"href":"https:\/\/www.europesays.com\/fr\/wp-json\/wp\/v2\/posts\/408582","targetHints":{"allow":["GET"]}}],"collection":[{"href":"https:\/\/www.europesays.com\/fr\/wp-json\/wp\/v2\/posts"}],"about":[{"href":"https:\/\/www.europesays.com\/fr\/wp-json\/wp\/v2\/types\/post"}],"author":[{"embeddable":true,"href":"https:\/\/www.europesays.com\/fr\/wp-json\/wp\/v2\/users\/2"}],"replies":[{"embeddable":true,"href":"https:\/\/www.europesays.com\/fr\/wp-json\/wp\/v2\/comments?post=408582"}],"version-history":[{"count":0,"href":"https:\/\/www.europesays.com\/fr\/wp-json\/wp\/v2\/posts\/408582\/revisions"}],"wp:featuredmedia":[{"embeddable":true,"href":"https:\/\/www.europesays.com\/fr\/wp-json\/wp\/v2\/media\/408583"}],"wp:attachment":[{"href":"https:\/\/www.europesays.com\/fr\/wp-json\/wp\/v2\/media?parent=408582"}],"wp:term":[{"taxonomy":"category","embeddable":true,"href":"https:\/\/www.europesays.com\/fr\/wp-json\/wp\/v2\/categories?post=408582"},{"taxonomy":"post_tag","embeddable":true,"href":"https:\/\/www.europesays.com\/fr\/wp-json\/wp\/v2\/tags?post=408582"}],"curies":[{"name":"wp","href":"https:\/\/api.w.org\/{rel}","templated":true}]}}