{"id":408606,"date":"2025-09-22T03:56:21","date_gmt":"2025-09-22T03:56:21","guid":{"rendered":"https:\/\/www.europesays.com\/fr\/408606\/"},"modified":"2025-09-22T03:56:21","modified_gmt":"2025-09-22T03:56:21","slug":"une-equipe-b-a-marseille-la-decision-choquante-du-psg","status":"publish","type":"post","link":"https:\/\/www.europesays.com\/fr\/408606\/","title":{"rendered":"Une \u00e9quipe B \u00e0 Marseille ? La d\u00e9cision choquante du PSG"},"content":{"rendered":"<p><a href=\"https:\/\/www.goal.com\/fr\/news\/le-classique-om-psg-reporte-la-drole-de-raison\/bltb2444c2a90165b86\" target=\"_self\" rel=\"noopener\">Le Paris Saint-Germain pensait vivre une grande soir\u00e9e ce dimanche au V\u00e9lodrome pour le Classique contre l\u2019Olympique de Marseille, mais la m\u00e9t\u00e9o en a d\u00e9cid\u00e9 autrement<\/a>. <a href=\"https:\/\/www.goal.com\/fr\/listes\/om-psg-face-au-ballon-d-or-le-soir-ou-le-football-francais-a-decide-de-se-saboter\/bltfb26dd267f41e9ca\" target=\"_self\" rel=\"noopener\">La rencontre, pr\u00e9vue initialement le 21 septembre \u00e0 20h45, a \u00e9t\u00e9 report\u00e9e par la Ligue de Football Professionnel \u00e0 ce lundi 22 septembre \u00e0 20h, apr\u00e8s la d\u00e9cision de la Pr\u00e9fecture des Bouches-du-Rh\u00f4ne<\/a>. Si ce report appara\u00eet logique au regard des intemp\u00e9ries, il place le club parisien dans une situation pour le moins inconfortable. En effet, la c\u00e9r\u00e9monie du Ballon d\u2019Or a lieu ce m\u00eame soir au Th\u00e9\u00e2tre du Ch\u00e2telet, \u00e0 Paris, et plusieurs joueurs du PSG sont directement concern\u00e9s.<\/p>\n","protected":false},"excerpt":{"rendered":"Le Paris Saint-Germain pensait vivre une grande soir\u00e9e ce dimanche au V\u00e9lodrome pour le Classique contre l\u2019Olympique de&hellip;\n","protected":false},"author":2,"featured_media":408607,"comment_status":"","ping_status":"","sticky":false,"template":"","format":"standard","meta":{"footnotes":""},"categories":[2814],"tags":[1111,11,1777,674,1011,27,66,884,53498,12,91,882,25],"class_list":{"0":"post-408606","1":"post","2":"type-post","3":"status-publish","4":"format-standard","5":"has-post-thumbnail","7":"category-marseille","8":"tag-actu","9":"tag-actualites","10":"tag-eu","11":"tag-europe","12":"tag-fr","13":"tag-france","14":"tag-ligue-1","15":"tag-marseille","16":"tag-marseille-vs-paris-saint-germain","17":"tag-news","18":"tag-paris-saint-germain","19":"tag-provence-alpes-cote-dazur","20":"tag-republique-francaise"},"share_on_mastodon":{"url":"https:\/\/pubeurope.com\/@fr\/115245939626160700","error":""},"_links":{"self":[{"href":"https:\/\/www.europesays.com\/fr\/wp-json\/wp\/v2\/posts\/408606","targetHints":{"allow":["GET"]}}],"collection":[{"href":"https:\/\/www.europesays.com\/fr\/wp-json\/wp\/v2\/posts"}],"about":[{"href":"https:\/\/www.europesays.com\/fr\/wp-json\/wp\/v2\/types\/post"}],"author":[{"embeddable":true,"href":"https:\/\/www.europesays.com\/fr\/wp-json\/wp\/v2\/users\/2"}],"replies":[{"embeddable":true,"href":"https:\/\/www.europesays.com\/fr\/wp-json\/wp\/v2\/comments?post=408606"}],"version-history":[{"count":0,"href":"https:\/\/www.europesays.com\/fr\/wp-json\/wp\/v2\/posts\/408606\/revisions"}],"wp:featuredmedia":[{"embeddable":true,"href":"https:\/\/www.europesays.com\/fr\/wp-json\/wp\/v2\/media\/408607"}],"wp:attachment":[{"href":"https:\/\/www.europesays.com\/fr\/wp-json\/wp\/v2\/media?parent=408606"}],"wp:term":[{"taxonomy":"category","embeddable":true,"href":"https:\/\/www.europesays.com\/fr\/wp-json\/wp\/v2\/categories?post=408606"},{"taxonomy":"post_tag","embeddable":true,"href":"https:\/\/www.europesays.com\/fr\/wp-json\/wp\/v2\/tags?post=408606"}],"curies":[{"name":"wp","href":"https:\/\/api.w.org\/{rel}","templated":true}]}}