{"id":408615,"date":"2025-09-22T04:03:25","date_gmt":"2025-09-22T04:03:25","guid":{"rendered":"https:\/\/www.europesays.com\/fr\/408615\/"},"modified":"2025-09-22T04:03:25","modified_gmt":"2025-09-22T04:03:25","slug":"emegha-repond-aux-critiques-geubbels-pas-au-niveau-les-tops-et-flops","status":"publish","type":"post","link":"https:\/\/www.europesays.com\/fr\/408615\/","title":{"rendered":"Emegha r\u00e9pond aux critiques, Geubbels pas au niveau&#8230; Les tops et flops"},"content":{"rendered":"<p><strong>TOPS\/FLOPS \u2013 <\/strong>L\u2019entr\u00e9e d\u00e9cisive d\u2019Emegha, l\u2019impact de Dicko ou la triste premi\u00e8re p\u00e9riode\u00a0: retrouvez ce qui a retenu l\u2019attention de la r\u00e9daction apr\u00e8s la victoire de Strasbourg chez le Paris\u00a0FC (2-3).<\/p>\n<p class=\"fig-paragraph\"><strong>TOPS<\/strong><\/p>\n<p>Emegha a pli\u00e9 le match<\/p>\n<p class=\"fig-paragraph\">Entr\u00e9 \u00e0 l\u2019heure de jeu, Emanuel Emegha \u00e9tait attendu, lui dont l\u2019officialisation de\u00a0<a href=\"http:\/\/www.lefigaro.fr\/sports\/football\/premier-league-emanuel-emegha-signe-a-chelsea-mais-jouera-a-partir-de-la-saison-prochaine-20250912\" data-fig-type=\"NewsFlash\" data-gtm-custom-categorie=\"navigation\" data-gtm-custom-action=\"crossclick\" data-gtm-custom-label=\"Contextuel\" data-gtm-event=\"customEventSPE\" data-fig-domain=\"LEFIGARO\" target=\"_blank\" rel=\"noopener\">son futur transfert \u00e0 Chelsea<\/a>\u00a0n\u2019a pas du tout plu aux ultras strasbourgeois qui lui ont demand\u00e9 de \u00abrendre son brassard\u00bb\u00a0<a href=\"http:\/\/www.lefigaro.fr\/sports\/football\/ligue-1\/ligue-1-la-banderole-des-ultras-strasbourgeois-anti-emegha-est-inadmissible-conteste-rosenior-20250915\" data-fig-type=\"NewsFlash\" data-gtm-custom-categorie=\"navigation\" data-gtm-custom-action=\"crossclick\" data-gtm-custom-label=\"Contextuel\" data-gtm-event=\"customEventSPE\" data-fig-domain=\"LEFIGARO\" target=\"_blank\" rel=\"noopener\">via une banderole<\/a>. Il lui a fallu un quart d\u2019heure pour bien n\u00e9gocier une contre-attaque et offrir le but du break \u00e0 Gu\u00e9la Dou\u00e9 (78e, 0-2). Puis il a agi comme le buteur qu\u2019il est, sur un coup franc d\u00e9vi\u00e9, tel un renard des surfaces au 2nd poteau (87e, 1-3). Le niveau de jeu du N\u00e9erlandais demeure intact, son engagement sur la pelouse aussi.<\/p>\n<p>                                    <a class=\"fig-a11y-skip a11y-hidden\" href=\"#fig-a11y-skip-main-inarticle\"><br \/>\n        Passer la publicit\u00e9<br \/>\n    <\/a><\/p>\n<p>Dicko avait r\u00e9veill\u00e9 Paris<\/p>\n<p class=\"fig-paragraph\">La t\u00eate dans le seau, le PFC s\u2019est relanc\u00e9 dans les dix derni\u00e8res minutes gr\u00e2ce \u00e0 Nouha Dicko. L\u2019attaquant malien de 33 ans, qui d\u00e9couvre la L1 cette saison, a repris d\u2019une t\u00eate pr\u00e9cise un centre d\u2019Ilan Kebbal (81e, 1-2). Il s\u2019est mu\u00e9 en passeur d\u00e9cisif avec beaucoup de r\u00e9ussite, o\u00f9 malgr\u00e9 un bon placement, il a rat\u00e9 sa frappe qui a profit\u00e9 \u00e0 Alimani Gory (90e+4, 2-3).<\/p>\n<p class=\"fig-body-link\">\n            \u00c0 lire aussi<br \/>\n        <a class=\"fig-body-link__link\" href=\"http:\/\/www.lefigaro.fr\/sports\/football\/ligue-1\/ligue-1-strasbourg-stoppe-la-serie-du-paris-fc-et-grimpe-sur-le-podium-20250921\" data-fig-type=\"NewsFlash\" data-gtm-custom-categorie=\"navigation\" data-gtm-custom-action=\"crossclick\" data-gtm-custom-label=\"Contextuel\" data-gtm-event=\"customEventSPE\" data-fig-domain=\"LEFIGARO\" target=\"_blank\" rel=\"noopener\">Ligue\u00a01\u00a0: Strasbourg stoppe la s\u00e9rie du Paris\u00a0FC et grimpe sur le podium<br \/>\n    <\/a>\n<\/p>\n<p class=\"fig-paragraph\"><strong>FLOPS<\/strong><\/p>\n<p>Geubbels pas au niveau<\/p>\n<p class=\"fig-paragraph\">Avec Moses Simon d\u2019un c\u00f4t\u00e9 et Ilan Kebbal de l\u2019autre, Willem Geubbels pouvait profiter d\u2019ailiers virevoltants et propices \u00e0 des centres de qualit\u00e9. L\u2019attaquant de 24 ans a n\u00e9anmoins manqu\u00e9 de promptitude sur un bon service de Simon, o\u00f9 il n\u2019a fait qu\u2019effleurer le ballon aux six m\u00e8tres (45e+2). Avant \u00e7a, il n\u2019avait pas su se d\u00e9marquer assez pour reprendre correctement de la t\u00eate un autre centre du Nig\u00e9rian (29e). Remplac\u00e9 \u00e0 la mi-temps par Gory, buteur en fin de match.<\/p>\n<p>Une premi\u00e8re p\u00e9riode soporifique<\/p>\n<p class=\"fig-paragraph\">Si vous n\u2019avez pas vu les 45 premi\u00e8res minutes au stade Jean-Bouin, vous n\u2019avez presque rien manqu\u00e9. Ni Franciliens, ni Alsaciens n\u2019ont su faire monter la cadence en d\u00e9pit de conditions de jeu id\u00e9ales, d\u2019une m\u00e9t\u00e9o cl\u00e9mente \u00e0 une pelouse en bon \u00e9tat. Avec un seul tir (pour un but) \u00e0 la pause, le RCSA s\u2019\u00e9tait content\u00e9 du service minimum. Le PFC avait surtout manqu\u00e9 d\u2019efficacit\u00e9 et de tranchant.<\/p>\n","protected":false},"excerpt":{"rendered":"TOPS\/FLOPS \u2013 L\u2019entr\u00e9e d\u00e9cisive d\u2019Emegha, l\u2019impact de Dicko ou la triste premi\u00e8re p\u00e9riode\u00a0: retrouvez ce qui a retenu&hellip;\n","protected":false},"author":2,"featured_media":408616,"comment_status":"","ping_status":"","sticky":false,"template":"","format":"standard","meta":{"footnotes":""},"categories":[1888],"tags":[1111,1928,11,1927,1777,674,1011,27,12,1926,626,445,1925,4448,25],"class_list":{"0":"post-408615","1":"post","2":"type-post","3":"status-publish","4":"format-standard","5":"has-post-thumbnail","7":"category-paris","8":"tag-actu","9":"tag-actu-paris","10":"tag-actualites","11":"tag-actualites-paris","12":"tag-eu","13":"tag-europe","14":"tag-fr","15":"tag-france","16":"tag-news","17":"tag-news-paris","18":"tag-paris","19":"tag-paris-fc","20":"tag-paris-news","21":"tag-rc-strasbourg","22":"tag-republique-francaise"},"share_on_mastodon":{"url":"https:\/\/pubeurope.com\/@fr\/115245967169227811","error":""},"_links":{"self":[{"href":"https:\/\/www.europesays.com\/fr\/wp-json\/wp\/v2\/posts\/408615","targetHints":{"allow":["GET"]}}],"collection":[{"href":"https:\/\/www.europesays.com\/fr\/wp-json\/wp\/v2\/posts"}],"about":[{"href":"https:\/\/www.europesays.com\/fr\/wp-json\/wp\/v2\/types\/post"}],"author":[{"embeddable":true,"href":"https:\/\/www.europesays.com\/fr\/wp-json\/wp\/v2\/users\/2"}],"replies":[{"embeddable":true,"href":"https:\/\/www.europesays.com\/fr\/wp-json\/wp\/v2\/comments?post=408615"}],"version-history":[{"count":0,"href":"https:\/\/www.europesays.com\/fr\/wp-json\/wp\/v2\/posts\/408615\/revisions"}],"wp:featuredmedia":[{"embeddable":true,"href":"https:\/\/www.europesays.com\/fr\/wp-json\/wp\/v2\/media\/408616"}],"wp:attachment":[{"href":"https:\/\/www.europesays.com\/fr\/wp-json\/wp\/v2\/media?parent=408615"}],"wp:term":[{"taxonomy":"category","embeddable":true,"href":"https:\/\/www.europesays.com\/fr\/wp-json\/wp\/v2\/categories?post=408615"},{"taxonomy":"post_tag","embeddable":true,"href":"https:\/\/www.europesays.com\/fr\/wp-json\/wp\/v2\/tags?post=408615"}],"curies":[{"name":"wp","href":"https:\/\/api.w.org\/{rel}","templated":true}]}}