{"id":408622,"date":"2025-09-22T04:08:12","date_gmt":"2025-09-22T04:08:12","guid":{"rendered":"https:\/\/www.europesays.com\/fr\/408622\/"},"modified":"2025-09-22T04:08:12","modified_gmt":"2025-09-22T04:08:12","slug":"lorraine-de-lukraine-aux-vosges-une-voix-toute-tracee-dans-le-chant-lyrique-pour-bohdan-potebnia","status":"publish","type":"post","link":"https:\/\/www.europesays.com\/fr\/408622\/","title":{"rendered":"Lorraine. De l\u2019Ukraine aux Vosges, une \u00ab\u00a0voix\u00a0\u00bb toute trac\u00e9e dans le chant lyrique pour Bohdan Potebnia"},"content":{"rendered":"<p>Aussi loin qu\u2019il se souvienne, Bohdan Potebnia a toujours chant\u00e9. A la maison, au bord des rivi\u00e8res, sous les ponts et tous les lieux chers \u00e0 son enfance ukrainienne, dans son petit village de Kozary. \u00ab\u00a0Mon p\u00e8re avait remarqu\u00e9 que je criais beaucoup. Pour me canaliser, il m\u2019a orient\u00e9 vers le chant\u00a0\u00bb, se souvient, \u00e9mu, le presque trentenaire. Ce directeur d\u2019une maison de la culture, trompettiste et accord\u00e9oniste \u00e0 ses heures, a \u00e9t\u00e9 d\u00e9terminant dans le parcours de son cadet, dans l\u2019univers musical. Mais le d\u00e9clenchement de la guerre en Ukraine en 2014 a rebattu les cartes. Et a \u00e9t\u00e9 fatal au p\u00e8re de famille d\u00e9c\u00e9d\u00e9 en 2020, alors qu\u2019il s\u2019\u00e9tait engag\u00e9 comme militaire dans ce conflit qui oppose son pays \u00e0 la Russie.<\/p>\n<p>Bohdan Potebnia a eu plus de chance&#8230;.<\/p>\n","protected":false},"excerpt":{"rendered":"Aussi loin qu\u2019il se souvienne, Bohdan Potebnia a toujours chant\u00e9. A la maison, au bord des rivi\u00e8res, sous&hellip;\n","protected":false},"author":2,"featured_media":408623,"comment_status":"","ping_status":"","sticky":false,"template":"","format":"standard","meta":{"footnotes":""},"categories":[1590],"tags":[11,1687,1796,778,1777,674,107,873,12,3456,4604,220,774],"class_list":{"0":"post-408622","1":"post","2":"type-post","3":"status-publish","4":"format-standard","5":"has-post-thumbnail","7":"category-ukraine","8":"tag-actualites","9":"tag-culture-loisirs","10":"tag-edition-epinal","11":"tag-epinal","12":"tag-eu","13":"tag-europe","14":"tag-fil-info","15":"tag-musique","16":"tag-news","17":"tag-region-lorraine","18":"tag-selection-abonne","19":"tag-ukraine","20":"tag-vosges"},"share_on_mastodon":{"url":"https:\/\/pubeurope.com\/@fr\/115245986895732507","error":""},"_links":{"self":[{"href":"https:\/\/www.europesays.com\/fr\/wp-json\/wp\/v2\/posts\/408622","targetHints":{"allow":["GET"]}}],"collection":[{"href":"https:\/\/www.europesays.com\/fr\/wp-json\/wp\/v2\/posts"}],"about":[{"href":"https:\/\/www.europesays.com\/fr\/wp-json\/wp\/v2\/types\/post"}],"author":[{"embeddable":true,"href":"https:\/\/www.europesays.com\/fr\/wp-json\/wp\/v2\/users\/2"}],"replies":[{"embeddable":true,"href":"https:\/\/www.europesays.com\/fr\/wp-json\/wp\/v2\/comments?post=408622"}],"version-history":[{"count":0,"href":"https:\/\/www.europesays.com\/fr\/wp-json\/wp\/v2\/posts\/408622\/revisions"}],"wp:featuredmedia":[{"embeddable":true,"href":"https:\/\/www.europesays.com\/fr\/wp-json\/wp\/v2\/media\/408623"}],"wp:attachment":[{"href":"https:\/\/www.europesays.com\/fr\/wp-json\/wp\/v2\/media?parent=408622"}],"wp:term":[{"taxonomy":"category","embeddable":true,"href":"https:\/\/www.europesays.com\/fr\/wp-json\/wp\/v2\/categories?post=408622"},{"taxonomy":"post_tag","embeddable":true,"href":"https:\/\/www.europesays.com\/fr\/wp-json\/wp\/v2\/tags?post=408622"}],"curies":[{"name":"wp","href":"https:\/\/api.w.org\/{rel}","templated":true}]}}