{"id":408628,"date":"2025-09-22T04:11:12","date_gmt":"2025-09-22T04:11:12","guid":{"rendered":"https:\/\/www.europesays.com\/fr\/408628\/"},"modified":"2025-09-22T04:11:12","modified_gmt":"2025-09-22T04:11:12","slug":"le-prix-du-deutschland-ticket-va-encore-augmenter","status":"publish","type":"post","link":"https:\/\/www.europesays.com\/fr\/408628\/","title":{"rendered":"le prix du Deutschland Ticket va encore augmenter"},"content":{"rendered":"<p>\u00c0 chaque ann\u00e9e son augmentation de prix\u2026 Celui du Deutschlandticket va passer de 58\u00a0\u20ac actuellement \u00e0 63\u00a0\u20ac par mois l\u2019an prochain. Cette d\u00e9cision a \u00e9t\u00e9 prise lors de la r\u00e9cente Conf\u00e9rence des ministres allemands des Transports \u00e0 Munich. <\/p>\n<p>Le Deutschlandticket permet de voyager en transports publics r\u00e9gionaux et locaux dans tout le pays. Il est en vigueur depuis mai\u00a02023 et, selon les chiffres du secteur, est utilis\u00e9 par environ 14\u00a0millions de personnes. Au d\u00e9but de l\u2019ann\u00e9e, son prix est pass\u00e9 de 49\u00a0\u20ac \u00e0 58\u00a0\u20ac.<\/p>\n<p>Cette nouvelle augmentation de prix au 1er\u00a0janvier 2026 est due \u00e0 un litige financier entre le gouvernement f\u00e9d\u00e9ral et les L\u00e4nder. Le Deutschlandticket serait moins cher que les abonnements pr\u00e9c\u00e9dents, ce qui entra\u00eene des pertes de recettes\u2026<\/p>\n<p>Le prix du ticket est fix\u00e9 par la Conf\u00e9rence des ministres des Transports des L\u00e4nder allemands. L\u2019augmentation sera ensuite formellement approuv\u00e9e par le Bundesrat, la chambre des L\u00e4nder. \u00c0 partir de 2027, le prix du Deutschlandticket sera d\u00e9termin\u00e9 selon un m\u00e9canisme fixe (et non plus par une n\u00e9gociation politique), a indiqu\u00e9 le ministre bavarois des Transports, Christian Bernreiter, apr\u00e8s la conf\u00e9rence de Munich.<\/p>\n","protected":false},"excerpt":{"rendered":"\u00c0 chaque ann\u00e9e son augmentation de prix\u2026 Celui du Deutschlandticket va passer de 58\u00a0\u20ac actuellement \u00e0 63\u00a0\u20ac par&hellip;\n","protected":false},"author":2,"featured_media":408629,"comment_status":"","ping_status":"","sticky":false,"template":"","format":"standard","meta":{"footnotes":""},"categories":[1587],"tags":[11,672,2649,1804,3542,1805,1803,2880,1777,674,107,1801,12,1802,640,2879,2803],"class_list":{"0":"post-408628","1":"post","2":"type-post","3":"status-publish","4":"format-standard","5":"has-post-thumbnail","7":"category-allemagne","8":"tag-actualites","9":"tag-allemagne","10":"tag-bas-rhin","11":"tag-bundesrepublik-deutschland","12":"tag-circulation","13":"tag-de","14":"tag-deutschland","15":"tag-edition-strasbourg","16":"tag-eu","17":"tag-europe","18":"tag-fil-info","19":"tag-germany","20":"tag-news","21":"tag-republique-federale-dallemagne","22":"tag-strasbourg","23":"tag-strasbourg-ville","24":"tag-transport"},"share_on_mastodon":{"url":"https:\/\/pubeurope.com\/@fr\/115245998621126783","error":""},"_links":{"self":[{"href":"https:\/\/www.europesays.com\/fr\/wp-json\/wp\/v2\/posts\/408628","targetHints":{"allow":["GET"]}}],"collection":[{"href":"https:\/\/www.europesays.com\/fr\/wp-json\/wp\/v2\/posts"}],"about":[{"href":"https:\/\/www.europesays.com\/fr\/wp-json\/wp\/v2\/types\/post"}],"author":[{"embeddable":true,"href":"https:\/\/www.europesays.com\/fr\/wp-json\/wp\/v2\/users\/2"}],"replies":[{"embeddable":true,"href":"https:\/\/www.europesays.com\/fr\/wp-json\/wp\/v2\/comments?post=408628"}],"version-history":[{"count":0,"href":"https:\/\/www.europesays.com\/fr\/wp-json\/wp\/v2\/posts\/408628\/revisions"}],"wp:featuredmedia":[{"embeddable":true,"href":"https:\/\/www.europesays.com\/fr\/wp-json\/wp\/v2\/media\/408629"}],"wp:attachment":[{"href":"https:\/\/www.europesays.com\/fr\/wp-json\/wp\/v2\/media?parent=408628"}],"wp:term":[{"taxonomy":"category","embeddable":true,"href":"https:\/\/www.europesays.com\/fr\/wp-json\/wp\/v2\/categories?post=408628"},{"taxonomy":"post_tag","embeddable":true,"href":"https:\/\/www.europesays.com\/fr\/wp-json\/wp\/v2\/tags?post=408628"}],"curies":[{"name":"wp","href":"https:\/\/api.w.org\/{rel}","templated":true}]}}