{"id":408642,"date":"2025-09-22T04:23:09","date_gmt":"2025-09-22T04:23:09","guid":{"rendered":"https:\/\/www.europesays.com\/fr\/408642\/"},"modified":"2025-09-22T04:23:09","modified_gmt":"2025-09-22T04:23:09","slug":"f1-apres-labaissement-du-drapeau-a-damier-bakou-le-classement-est-modifie","status":"publish","type":"post","link":"https:\/\/www.europesays.com\/fr\/408642\/","title":{"rendered":"F1 Apr\u00e8s l&rsquo;abaissement du drapeau \u00e0 damier (Bakou), le classement est modifi\u00e9 !"},"content":{"rendered":"<p>Le Grand-Prix d\u2019Azerba\u00efdjan de F1 2025 a vu son classement \u00e9voluer, apr\u00e8s l\u2019abaissement du drapeau \u00e0 damier. En effet, un pilote Williams a \u00e9t\u00e9 sanctionn\u00e9 d\u2019une p\u00e9nalit\u00e9 de dix secondes, apr\u00e8s avoir coup\u00e9 la ligne. La raison, un accrochage avec Franco Colapinto. Apr\u00e8s visionnage des vid\u00e9os, les commissaires ont rapidement tranch\u00e9, en fin d\u2019\u00e9preuve. Toutefois, compte tenu qu\u2019Alexander Albon, d\u00e9sign\u00e9 coupable, avait d\u00e9j\u00e0 observ\u00e9 ses arr\u00eats au stand, la Direction de course a retranch\u00e9 les 10 secondes en question \u00e0 son temps final.<\/p>\n<p>F1 : deux points retranch\u00e9s sur le permis d\u2019Alexander Albon<\/p>\n<p>Cons\u00e9quence directe pour le Tha\u00eflandais, au lieu d\u2019\u00eatre class\u00e9 onzi\u00e8me et \u00e0 la porte des points, c\u2019est \u00e0 la treizi\u00e8me place que ce dernier s\u2019est vu r\u00e9trograd\u00e9. Voici les d\u00e9tails de la d\u00e9cision rendue par la FIA. A noter que deux points lui ont \u00e9galement \u00e9t\u00e9 retir\u00e9s, sur sa licence. Soit, d\u00e9sormais, un total de 4 sur 12.<\/p>\n<blockquote class=\"twitter-tweet\">\n<p dir=\"ltr\" lang=\"en\">DOC 44 \u2013 Infringement \u2013 Car 23 \u2013 Causing a collision <a href=\"https:\/\/t.co\/nVLPv627jK\">https:\/\/t.co\/nVLPv627jK<\/a> <a href=\"https:\/\/twitter.com\/hashtag\/AzerbaijanGP?src=hash&amp;ref_src=twsrc%5Etfw\" target=\"_blank\" rel=\"noopener\">#AzerbaijanGP<\/a> <a href=\"https:\/\/twitter.com\/hashtag\/F1?src=hash&amp;ref_src=twsrc%5Etfw\" target=\"_blank\" rel=\"noopener\">#F1<\/a> <a href=\"https:\/\/twitter.com\/hashtag\/FIA?src=hash&amp;ref_src=twsrc%5Etfw\" target=\"_blank\" rel=\"noopener\">#FIA<\/a> <a href=\"https:\/\/t.co\/2YYn6bUIl2\">pic.twitter.com\/2YYn6bUIl2<\/a><\/p>\n<p>\u2014 FIA (@fia) <a href=\"https:\/\/twitter.com\/fia\/status\/1969752715656917336?ref_src=twsrc%5Etfw\" target=\"_blank\" rel=\"noopener\">September 21, 2025<\/a><\/p>\n<\/blockquote>\n<p>\u201cTout d\u2019abord, aujourd\u2019hui a \u00e9t\u00e9 un excellent r\u00e9sultat pour l\u2019\u00e9quipe et pour Carlos, qui l\u2019attendait depuis longtemps\u201c, d\u00e9clarait <a href=\"https:\/\/lemagsportauto.ouest-france.fr\/tag\/alexander-albon\" target=\"_blank\" rel=\"noopener\">Alexander Albon<\/a> apr\u00e8s le Grand-Prix d\u2019Azerba\u00efdjan de F1 2025. Partageant l\u2019enthousiasme \u00e0 l\u2019\u00e9gard du premier podium d\u00e9croch\u00e9 par Williams, depuis un certain George Russell, en Belgique. \u201cCarlos a r\u00e9alis\u00e9 un week-end impeccable et la voiture \u00e9tait rapide, ce qui \u00e9tait formidable. Malheureusement pour moi, je pense que les qualifications d\u2019hier nous ont mis en difficult\u00e9 pour la course. Je m\u2019attendais \u00e0 ce que nous soyons rapides aujourd\u2019hui, et nous l\u2019avons \u00e9t\u00e9 en piste lorsque nous avons pu profiter de l\u2019air pur. <\/p>\n<p>Mais la d\u00e9gradation \u00e9tait assez faible aujourd\u2019hui, ce qui a limit\u00e9 notre progression lorsque nous \u00e9tions sous DRS et la piste est devenue un peu instable par moments. Le circuit de Singapour est tr\u00e8s diff\u00e9rent, nous allons donc analyser tout ce week-end et esp\u00e9rer marquer de bons points la prochaine fois.\u201d, concluait l\u2019int\u00e9ress\u00e9, qui se tourne d\u00e9j\u00e0 vers l\u2019\u00e9preuve de Singapour, qui aura lieu dans un peu moins de deux semaines.<\/p>\n<p>Voici \u00e9galement la r\u00e9action du pilote Alpine, Franco Colapinto, dans la foul\u00e9e du drapeau \u00e0 damier. Ce dernier revenant notamment sur son accrochage avec la Williams.<\/p>\n<p>\u00ab Je tiens d\u2019abord \u00e0 remercier toute l\u2019\u00e9quipe, qui a travaill\u00e9 dur pour que la voiture soit pr\u00eate \u00e0 s\u2019\u00e9lancer depuis la grille\u201c, commentait Franco Colapinto, dimanche soir dernier. \u201cC\u2019\u00e9tait un gros effort collectif et cela montre la coh\u00e9sion de l\u2019\u00e9curie, m\u00eame dans les moments compliqu\u00e9s. C\u2019est dommage de ne pas avoir pu les r\u00e9compenser avec un bon r\u00e9sultat. Nous savions avant le d\u00e9part que ce serait difficile et cela s\u2019est confirm\u00e9. Avec notre package actuel, il faut que tout se passe \u00e0 la perfection et avoir un brin de r\u00e9ussite. <\/p>\n<p>Cela n\u2019a pas \u00e9t\u00e9 le cas aujourd\u2019hui. J\u2019ai tout donn\u00e9 et j\u2019ai pris un bon d\u00e9part. Apr\u00e8s mon arr\u00eat, <strong>je me suis battu avec Alex [Albon] et j\u2019ai \u00e9t\u00e9 envoy\u00e9 en t\u00eate-\u00e0-queue<\/strong>, ce qui m\u2019a fait perdre beaucoup de temps. Le comportement de la voiture a ensuite chang\u00e9, peut-\u00eatre \u00e0 cause de d\u00e9g\u00e2ts, et nous avons d\u00fb composer avec cela jusqu\u2019\u00e0 l\u2019arriv\u00e9e. Nous devons continuer \u00e0 travailler d\u2019arrache-pied pour tirer le maximum des prochains rendez-vous. \u00bb, ajoutait enfin le rookie, poursuivant ainsi sa longue s\u00e9rie de Grand-Prix sans le moindre point marqu\u00e9.<\/p>\n<p>Pour m\u00e9moire, voici le nouveau classement du Grand-Prix d\u2019Azerba\u00efdjan de F1 2025, rectifi\u00e9 apr\u00e8s l\u2019arriv\u00e9e, suite \u00e0 l\u2019application de la p\u00e9nalit\u00e9 inflig\u00e9e \u00e0 Alexander Albon.<\/p>\n<ol>\n<li>Max Verstappen (Red Bull Honda)<\/li>\n<li>George Russell (Mercedes)<\/li>\n<li>Carlos Sainz (Williams Mercedes)<\/li>\n<li>Kimi Antonelli (Mercedes)<\/li>\n<li>Liam Lawson (Racing Bulls Honda)<\/li>\n<li>Yuki Tsunoda (Red Bull Honda)<\/li>\n<li>Lando Norris (Mclaren Mercedes)<\/li>\n<li>Lewis Hamilton (Ferrari)<\/li>\n<li>Charles Leclerc (Ferrari)<\/li>\n<li>Isack Hadjar (Racing Bulls Honda)<\/li>\n<li>Gabriel Bortoleto (Sauber)<\/li>\n<li>Oliver Bearman (Haas)<\/li>\n<li>Alexander Albon (Williams)<\/li>\n<li>Esteban Ocon (Haas)<\/li>\n<li>Fernando Alonso (Aston Martin)<\/li>\n<li>Nico Hulkenberg (Sauber)<\/li>\n<li>Lance Stroll (Aston Martin)<\/li>\n<li>Pierre Gasly (Alpine)<\/li>\n<li>Franco Colapinto (Alpine)<\/li>\n<\/ol>\n<p>Article publi\u00e9 le 22\/09\/2025 \u00e0 5h56<\/p>\n<p>                                                            <script async src=\"https:\/\/platform.twitter.com\/widgets.js\" charset=\"utf-8\"><\/script><\/p>\n","protected":false},"excerpt":{"rendered":"Le Grand-Prix d\u2019Azerba\u00efdjan de F1 2025 a vu son classement \u00e9voluer, apr\u00e8s l\u2019abaissement du drapeau \u00e0 damier. En&hellip;\n","protected":false},"author":2,"featured_media":408643,"comment_status":"","ping_status":"","sticky":false,"template":"","format":"standard","meta":{"footnotes":""},"categories":[1412],"tags":[2239,1981,1451,1452,1453,1454,1455,1011,27,60],"class_list":{"0":"post-408642","1":"post","2":"type-post","3":"status-publish","4":"format-standard","5":"has-post-thumbnail","7":"category-f1","8":"tag-alexander-albon","9":"tag-classement","10":"tag-f1","11":"tag-formula-1","12":"tag-formula1","13":"tag-formule-1","14":"tag-formule1","15":"tag-fr","16":"tag-france","17":"tag-sports"},"share_on_mastodon":{"url":"https:\/\/pubeurope.com\/@fr\/115246045812635596","error":""},"_links":{"self":[{"href":"https:\/\/www.europesays.com\/fr\/wp-json\/wp\/v2\/posts\/408642","targetHints":{"allow":["GET"]}}],"collection":[{"href":"https:\/\/www.europesays.com\/fr\/wp-json\/wp\/v2\/posts"}],"about":[{"href":"https:\/\/www.europesays.com\/fr\/wp-json\/wp\/v2\/types\/post"}],"author":[{"embeddable":true,"href":"https:\/\/www.europesays.com\/fr\/wp-json\/wp\/v2\/users\/2"}],"replies":[{"embeddable":true,"href":"https:\/\/www.europesays.com\/fr\/wp-json\/wp\/v2\/comments?post=408642"}],"version-history":[{"count":0,"href":"https:\/\/www.europesays.com\/fr\/wp-json\/wp\/v2\/posts\/408642\/revisions"}],"wp:featuredmedia":[{"embeddable":true,"href":"https:\/\/www.europesays.com\/fr\/wp-json\/wp\/v2\/media\/408643"}],"wp:attachment":[{"href":"https:\/\/www.europesays.com\/fr\/wp-json\/wp\/v2\/media?parent=408642"}],"wp:term":[{"taxonomy":"category","embeddable":true,"href":"https:\/\/www.europesays.com\/fr\/wp-json\/wp\/v2\/categories?post=408642"},{"taxonomy":"post_tag","embeddable":true,"href":"https:\/\/www.europesays.com\/fr\/wp-json\/wp\/v2\/tags?post=408642"}],"curies":[{"name":"wp","href":"https:\/\/api.w.org\/{rel}","templated":true}]}}