{"id":408648,"date":"2025-09-22T04:26:12","date_gmt":"2025-09-22T04:26:12","guid":{"rendered":"https:\/\/www.europesays.com\/fr\/408648\/"},"modified":"2025-09-22T04:26:12","modified_gmt":"2025-09-22T04:26:12","slug":"caterina-murino-devenue-maman-a-47-ans-une-des-medecins-que-jai-consultes-ma-dit-vous-ne-voulez-un-enfant-que-par-vanite","status":"publish","type":"post","link":"https:\/\/www.europesays.com\/fr\/408648\/","title":{"rendered":"Caterina Murino, devenue maman \u00e0 47 ans : \u00abUne des m\u00e9decins que j&rsquo;ai consult\u00e9s m&rsquo;a dit : \u201cVous ne voulez un enfant que par vanit\u00e9\u201d\u00bb"},"content":{"rendered":"<p class=\"has-dropcap\">Apr\u00e8s avoir donn\u00e9 naissance le 21 ao\u00fbt \u00e0 son fils <strong>Demetrio Tancredi<\/strong>, <a href=\"https:\/\/www.vanityfair.fr\/galerie\/les-plus-beaux-looks-de-caterina-murino\" target=\"_blank\" rel=\"noopener\"><strong>Caterina Murino<\/strong><\/a> fait part de ses r\u00e9flexions, notamment sur le fait d&rsquo;<strong>\u00eatre devenue m\u00e8re pour la premi\u00e8re fois \u00e0 l&rsquo;\u00e2ge de 47 ans<\/strong>. \u00ab\u00a0Pour l&rsquo;instant, il ressemble \u00e0 son p\u00e8re. C&rsquo;est dr\u00f4le de voir Edoardo avec un visage de b\u00e9b\u00e9 \u00bb, commente Caterina Murino dans une interview au <a data-offer-url=\"https:\/\/www.corriere.it\/cronache\/25_settembre_21\/caterina-murino-mamma-intervista-b3de897b-494b-450e-b112-1c058c366xlk.shtml?refresh_ce\" class=\"external-link\" data-event-click=\"{&quot;element&quot;:&quot;ExternalLink&quot;,&quot;outgoingURL&quot;:&quot;https:\/\/www.corriere.it\/cronache\/25_settembre_21\/caterina-murino-mamma-intervista-b3de897b-494b-450e-b112-1c058c366xlk.shtml?refresh_ce&quot;}\" href=\"https:\/\/www.corriere.it\/cronache\/25_settembre_21\/caterina-murino-mamma-intervista-b3de897b-494b-450e-b112-1c058c366xlk.shtml?refresh_ce\" rel=\"nofollow noopener\" target=\"_blank\">Corriere della sera<\/a>, donnant \u00e0 son compagnon fran\u00e7ais, Edouard, un pr\u00e9nom italien. Elle a \u00e9galement confi\u00e9 avoir pris 20 kilos pendant sa grossesse : \u00ab\u00a0Je n&rsquo;ai jamais aussi bien mang\u00e9 de ma vie. Beaucoup de myrtilles, des \u0153ufs durs, un peu de viande parce que j&rsquo;avais besoin de fer m\u00eame si je suis presque v\u00e9g\u00e9tarienne, et beaucoup de lentilles et beaucoup de fruits. \u00bb<\/p>\n<p>Mais surtout, elle a \u00e9voqu\u00e9 ses <strong>deux fausses couches,<\/strong> \u00ab \u00e0 39 et 40 ans : j&rsquo;ai suivi une th\u00e9rapie, la psychologue m&rsquo;a donn\u00e9 les cl\u00e9s pour m&rsquo;aider. \u00bb D&rsquo;o\u00f9 la premi\u00e8re id\u00e9e d&rsquo;<strong>envisager une adoption :<\/strong> \u00ab Je ne sais pas comment \u00e7a se passe en Italie. En France, il y a un premier entretien o\u00f9 l&rsquo;on explique tous les aspects juridiques. Lors du deuxi\u00e8me entretien, je me suis retrouv\u00e9e assise \u00e0 c\u00f4t\u00e9 de 80 autres couples. C&rsquo;\u00e9tait une exp\u00e9rience terrible. Pendant deux heures et demie, on vous montre une vid\u00e9o avec des enfants de tous \u00e2ges qui disent : \u00ab\u00a0Nous chercherons notre p\u00e8re biologique toute notre vie. \u00bb La vie a ensuite eu d&rsquo;autres projets pour elle, m\u00eame si son choix de devenir m\u00e8re \u00e0 47 ans en a surpris plus d&rsquo;un, comme en t\u00e9moignent les messages re\u00e7us sur les r\u00e9seaux sociaux : \u00ab\u00a0La plupart d&rsquo;entre eux sont de merveilleux messages de femmes \u00e0 qui je donne l&rsquo;espoir de donner naissance \u00e0 un \u00e2ge aussi avanc\u00e9. Je pense \u00e0 ces femmes qui se battent encore et qui n&rsquo;ont pas d&rsquo;enfant dans les bras \u00bb, d\u00e9clare Caterina Murino.<\/p>\n<p>Vittorio Zunino Celotto\/Getty Images<\/p>\n","protected":false},"excerpt":{"rendered":"Apr\u00e8s avoir donn\u00e9 naissance le 21 ao\u00fbt \u00e0 son fils Demetrio Tancredi, Caterina Murino fait part de ses&hellip;\n","protected":false},"author":2,"featured_media":408649,"comment_status":"","ping_status":"","sticky":false,"template":"","format":"standard","meta":{"footnotes":""},"categories":[1359],"tags":[1000,8416,58,59,1011,27,973,6747],"class_list":{"0":"post-408648","1":"post","2":"type-post","3":"status-publish","4":"format-standard","5":"has-post-thumbnail","7":"category-people","8":"tag-celebrites","9":"tag-digital_syndication","10":"tag-divertissement","11":"tag-entertainment","12":"tag-fr","13":"tag-france","14":"tag-people","15":"tag-textabovecentergridwidth"},"share_on_mastodon":{"url":"https:\/\/pubeurope.com\/@fr\/115246057665390231","error":""},"_links":{"self":[{"href":"https:\/\/www.europesays.com\/fr\/wp-json\/wp\/v2\/posts\/408648","targetHints":{"allow":["GET"]}}],"collection":[{"href":"https:\/\/www.europesays.com\/fr\/wp-json\/wp\/v2\/posts"}],"about":[{"href":"https:\/\/www.europesays.com\/fr\/wp-json\/wp\/v2\/types\/post"}],"author":[{"embeddable":true,"href":"https:\/\/www.europesays.com\/fr\/wp-json\/wp\/v2\/users\/2"}],"replies":[{"embeddable":true,"href":"https:\/\/www.europesays.com\/fr\/wp-json\/wp\/v2\/comments?post=408648"}],"version-history":[{"count":0,"href":"https:\/\/www.europesays.com\/fr\/wp-json\/wp\/v2\/posts\/408648\/revisions"}],"wp:featuredmedia":[{"embeddable":true,"href":"https:\/\/www.europesays.com\/fr\/wp-json\/wp\/v2\/media\/408649"}],"wp:attachment":[{"href":"https:\/\/www.europesays.com\/fr\/wp-json\/wp\/v2\/media?parent=408648"}],"wp:term":[{"taxonomy":"category","embeddable":true,"href":"https:\/\/www.europesays.com\/fr\/wp-json\/wp\/v2\/categories?post=408648"},{"taxonomy":"post_tag","embeddable":true,"href":"https:\/\/www.europesays.com\/fr\/wp-json\/wp\/v2\/tags?post=408648"}],"curies":[{"name":"wp","href":"https:\/\/api.w.org\/{rel}","templated":true}]}}