{"id":408654,"date":"2025-09-22T04:29:11","date_gmt":"2025-09-22T04:29:11","guid":{"rendered":"https:\/\/www.europesays.com\/fr\/408654\/"},"modified":"2025-09-22T04:29:11","modified_gmt":"2025-09-22T04:29:11","slug":"les-createurs-de-casa-del-papel-devoilent-une-serie-catastrophe","status":"publish","type":"post","link":"https:\/\/www.europesays.com\/fr\/408654\/","title":{"rendered":"Les cr\u00e9ateurs de Casa del Papel d\u00e9voilent une s\u00e9rie catastrophe"},"content":{"rendered":"<p itemprop=\"description\">Les cr\u00e9ateurs de Casa del Papel ont<br \/>\nd\u00e9cid\u00e9 de d\u00e9voiler une fiction catastrophe qui glace le sang aux<br \/>\nspectateurs de Netflix.<\/p>\n<p>Apr\u00e8s avoir marqu\u00e9 l\u2019histoire de Netflix avec La Casa de<br \/>\nPapel, \u00c1lex Pina et Esther Mart\u00ednez signent leur grand retour<br \/>\nsur la plateforme avec <strong>El Refugio<br \/>\nAt\u00f3mico.<\/strong> Depuis sa mise en ligne le 19 septembre<br \/>\n2025, la s\u00e9rie s\u2019est imm\u00e9diatement hiss\u00e9e en t\u00eate <a href=\"https:\/\/www.bibamagazine.fr\/culture\/netflix\/serie-argentine-top-netflix-pepite-scenaristique-moment-personne-avait-venir-488275.html\" target=\"_blank\" rel=\"noopener\"><br \/>\ndes programmes les plus visionn\u00e9s,<\/a> confirmant le flair du duo<br \/>\nespagnol pour les fictions captivantes.<\/p>\n<p>Une question intrigue pourtant les spectateurs : ce sc\u00e9nario<br \/>\ncauchemardesque est-il inspir\u00e9 d\u2019une histoire vraie ? Un monde au<br \/>\nbord du chaos Au c\u0153ur du r\u00e9cit, on retrouve Max, un homme bris\u00e9 par<br \/>\nla mort de sa compagne. Alors que le monde se pr\u00e9pare \u00e0 une<br \/>\nTroisi\u00e8me Guerre mondiale, sa libert\u00e9 s\u2019effrite. Il rejoint sa<br \/>\nfamille, des milliardaires qui ont investi dans le Kimera<br \/>\nUnderground Park, un gigantesque complexe souterrain situ\u00e9 \u00e0 275<br \/>\nm\u00e8tres de profondeur.<\/p>\n<p>Cette s\u00e9rie Netflix va vous angoisser pour le restant de votre<br \/>\nsemaine<\/p>\n<p>Con\u00e7u pour r\u00e9sister sept ans \u00e0 une catastrophe plan\u00e9taire, ce<br \/>\nrefuge ne ressemble en rien \u00e0 un bunker classique. Salles de sport,<br \/>\nspa et \u00e9quipements haut de gamme y recr\u00e9ent un luxe artificiel,<br \/>\nloin de l\u2019apocalypse qui menace \u00e0 la surface. Mais derri\u00e8re ces<br \/>\nmurs d\u2019acier, <strong>les tensions montent rapidement.<\/strong><br \/>\nDeux familles li\u00e9es par un pass\u00e9 trouble voient ressurgir de vieux<br \/>\nd\u00e9mons, et la promesse de s\u00e9curit\u00e9 se transforme en pi\u00e8ge<br \/>\nsuffocant.<\/p>\n<p><img decoding=\"async\" src=\"https:\/\/www.europesays.com\/fr\/wp-content\/uploads\/2025\/09\/1758515351_529_hqdefault.jpg\" width=\"100%\" height=\"auto\"\/><\/p>\n<p>El Refugio At\u00f3mico ne se contente pas de jouer <a href=\"https:\/\/www.bibamagazine.fr\/culture\/netflix\/serie-carton-sulfureux-inattendu-netflix-488288.html\" target=\"_blank\" rel=\"noopener\"><br \/>\nla carte du suspense<\/a> : la s\u00e9rie flirte avec une angoisse bien<br \/>\nr\u00e9elle. Car si le sc\u00e9nario est une fiction, il fait \u00e9cho \u00e0 des<br \/>\npr\u00e9occupations actuelles. En 2022, l\u2019\u00e9crivain am\u00e9ricain Douglas<br \/>\nRushkoff publiait Survival of the Richest: Escape Fantasies of<br \/>\nthe Tech Billionaires. Dans cet essai, il d\u00e9crivait comment<br \/>\ncertains milliardaires investissent massivement dans des bunkers<br \/>\nfuturistes pour se pr\u00e9parer \u00e0 l\u2019apocalypse, allant jusqu\u2019\u00e0 imaginer<br \/>\ndes espaces luxueux aux proportions extravagantes.<\/p>\n<p>Une intrigue qui laisse tout le monde<br \/>\nsans voix<\/p>\n<p>Ce n\u2019est pas la premi\u00e8re fois que la plateforme joue avec cette<br \/>\nfronti\u00e8re entre r\u00e9alit\u00e9 et fiction. Ces derniers mois, de nombreux<br \/>\ntitres inspir\u00e9s de faits r\u00e9els ont attir\u00e9 les foules, de Soleil<br \/>\nNoir \u00e0 Une nature sauvage, en passant par Too Much ou<br \/>\nLes Mortes. El Refugio At\u00f3mico s\u2019inscrit dans<br \/>\ncette m\u00eame veine, brouillant les pistes entre imagination et<br \/>\n<a href=\"https:\/\/www.bibamagazine.fr\/culture\/tele-series\/cette-nouvelle-serie-mexicaine-netflix-est-inspiree-dun-fait-reel-des-annees-60-qui-a-marque-le-pays-487273.html\" target=\"_blank\" rel=\"noopener\"><br \/>\ninqui\u00e9tudes contemporaines.<\/a><\/p>\n<p>Avec son rythme effr\u00e9n\u00e9, ses d\u00e9cors claustrophobes et ses<br \/>\npersonnages rong\u00e9s par leurs secrets, la s\u00e9rie se regarde comme un<br \/>\ncompte \u00e0 rebours. Les abonn\u00e9s Netflix ne s\u2019y trompent pas :<br \/>\n<strong>\u00ab\u00a0J\u2019ai regard\u00e9 en une seule traite\u00a0\u00bb,<\/strong><br \/>\nconfient d\u00e9j\u00e0 certains spectateurs conquis. Une preuve que Pina et<br \/>\nMart\u00ednez ont encore trouv\u00e9 la formule parfaite pour nous enfermer<br \/>\ndans un huis clos aussi luxueux qu\u2019angoissant.<\/p>\n","protected":false},"excerpt":{"rendered":"Les cr\u00e9ateurs de Casa del Papel ont d\u00e9cid\u00e9 de d\u00e9voiler une fiction catastrophe qui glace le sang aux&hellip;\n","protected":false},"author":2,"featured_media":408655,"comment_status":"","ping_status":"","sticky":false,"template":"","format":"standard","meta":{"footnotes":""},"categories":[1356],"tags":[58,59,1011,27,252,1364,729],"class_list":{"0":"post-408654","1":"post","2":"type-post","3":"status-publish","4":"format-standard","5":"has-post-thumbnail","7":"category-television","8":"tag-divertissement","9":"tag-entertainment","10":"tag-fr","11":"tag-france","12":"tag-television","13":"tag-tv","14":"tag-yout_video"},"share_on_mastodon":{"url":"https:\/\/pubeurope.com\/@fr\/115246070007877865","error":""},"_links":{"self":[{"href":"https:\/\/www.europesays.com\/fr\/wp-json\/wp\/v2\/posts\/408654","targetHints":{"allow":["GET"]}}],"collection":[{"href":"https:\/\/www.europesays.com\/fr\/wp-json\/wp\/v2\/posts"}],"about":[{"href":"https:\/\/www.europesays.com\/fr\/wp-json\/wp\/v2\/types\/post"}],"author":[{"embeddable":true,"href":"https:\/\/www.europesays.com\/fr\/wp-json\/wp\/v2\/users\/2"}],"replies":[{"embeddable":true,"href":"https:\/\/www.europesays.com\/fr\/wp-json\/wp\/v2\/comments?post=408654"}],"version-history":[{"count":0,"href":"https:\/\/www.europesays.com\/fr\/wp-json\/wp\/v2\/posts\/408654\/revisions"}],"wp:featuredmedia":[{"embeddable":true,"href":"https:\/\/www.europesays.com\/fr\/wp-json\/wp\/v2\/media\/408655"}],"wp:attachment":[{"href":"https:\/\/www.europesays.com\/fr\/wp-json\/wp\/v2\/media?parent=408654"}],"wp:term":[{"taxonomy":"category","embeddable":true,"href":"https:\/\/www.europesays.com\/fr\/wp-json\/wp\/v2\/categories?post=408654"},{"taxonomy":"post_tag","embeddable":true,"href":"https:\/\/www.europesays.com\/fr\/wp-json\/wp\/v2\/tags?post=408654"}],"curies":[{"name":"wp","href":"https:\/\/api.w.org\/{rel}","templated":true}]}}