{"id":40866,"date":"2025-04-21T06:51:09","date_gmt":"2025-04-21T06:51:09","guid":{"rendered":"https:\/\/www.europesays.com\/fr\/40866\/"},"modified":"2025-04-21T06:51:09","modified_gmt":"2025-04-21T06:51:09","slug":"sabalenka-soffre-une-quatrieme-finale-a-stuttgart-apres-sa-victoire-face-a-jasmine-paolini","status":"publish","type":"post","link":"https:\/\/www.europesays.com\/fr\/40866\/","title":{"rendered":"Sabalenka s\u2019offre une quatri\u00e8me finale \u00e0 Stuttgart apr\u00e8s sa victoire face \u00e0 Jasmine Paolini"},"content":{"rendered":"<p>L\u2019Italienne s\u2019est bien d\u00e9fendue (7-5, 6-4) mais n\u2019a pu emp\u00eacher la num\u00e9ro 1 mondiale d\u2019aller d\u00e9fier Jelena Ostapenko en finale.<\/p>\n<p class=\"fig-paragraph\">Premi\u00e8re finale de l\u2019ann\u00e9e sur terre battue pour\u00a0<a href=\"http:\/\/www.lefigaro.fr\/sports\/tennis\/tennis-furieuse-aryna-sabalenka-sort-son-telephone-portable-en-plein-match-pour-capturer-la-trace-d-une-balle-20250420\" data-fig-type=\"NewsFlash\" data-gtm-custom-categorie=\"navigation\" data-gtm-custom-action=\"crossclick\" data-gtm-custom-label=\"Contextuel\" data-gtm-event=\"customEventSPE\" data-fig-domain=\"LEFIGARO\" target=\"_blank\" rel=\"noopener\">Aryna Sabalenka<\/a>. La num\u00e9ro 1 mondiale s&rsquo;est qualifi\u00e9e dimanche pour sa quatri\u00e8me finale du tournoi WTA 500 de Stuttgart, et tentera de d\u00e9crocher son premier titre sur l&rsquo;ocre souabe lundi face \u00e0 la Lettone Jelena Ostapenko. Dimanche apr\u00e8s-midi, Sabalenka a jou\u00e9 \u00e0 se faire peur face \u00e0 l&rsquo;Italienne Jasmine Paolini, 6e joueuse mondiale, en s&rsquo;imposant en deux sets 7-5, 6-4, mais en conc\u00e9dant \u00e0 quatre reprises sa mise en jeu.<\/p>\n<p class=\"fig-paragraph\">Apr\u00e8s avoir empoch\u00e9 le gain de la premi\u00e8re manche (7-5) sur le service de Paolini, finaliste \u00e0 Roland-Garros et Wimbledon en 2024, Sabalenka a \u00e9t\u00e9 break\u00e9e d&rsquo;entr\u00e9e en d\u00e9but de seconde manche, avant de revenir au contact de l&rsquo;Italienne, de serrer le jeu et de s&rsquo;imposer sur sa premi\u00e8re balle de match gr\u00e2ce \u00e0 un coup droit gagnant. \u00abElle a m&rsquo;a oblig\u00e9 \u00e0 me battre sur chaque point, c&rsquo;est toujours une grande bataille contre elle. J&rsquo;ai d\u00fb travailler pour obtenir la victoire. Je ne sais pas ce qui a fait la diff\u00e9rence \u00e0 la fin. J&rsquo;ai essay\u00e9 de rester agressive\u00bb, a comment\u00e9 Sabalenka.<\/p>\n<p>Une neuvi\u00e8me finale sur terre battue pour la Bi\u00e9lorusse<\/p>\n<p class=\"fig-paragraph\">Pour sa cinqui\u00e8me participation au tournoi de Stuttgart, dont le plateau avec six des sept premi\u00e8res mondiales n&rsquo;a rien \u00e0 envier \u00e0 un WTA 1000, Sabalenka disputera lundi sa quatri\u00e8me finale. \u00abEsp\u00e9rons que ce sera la bonne\u00bb, a-t-elle souri apr\u00e8s sa victoire en demies. Ce sera sa neuvi\u00e8me finale sur terre battue, elle qui s&rsquo;est impos\u00e9e en WTA 1000 \u00e0 Madrid (2021 et 2023). Battue \u00e0 Stuttgart en 2021 par l&rsquo;Australienne Ashleigh Barty et par la Polonaise Iga Swiatek en 2022 et 2023, Sabalenka s&rsquo;\u00e9tait arr\u00eat\u00e9e l&rsquo;ann\u00e9e derni\u00e8re en quarts de finale. Cette ann\u00e9e, elle devra se m\u00e9fier de la Lettone\u00a0<a href=\"http:\/\/www.lefigaro.fr\/sports\/tennis\/tennis-jelena-ostapenko-ecarte-alexandrova-a-stuttgart-et-file-en-finale-20250420\" data-fig-type=\"NewsFlash\" data-gtm-custom-categorie=\"navigation\" data-gtm-custom-action=\"crossclick\" data-gtm-custom-label=\"Contextuel\" data-gtm-event=\"customEventSPE\" data-fig-domain=\"LEFIGARO\" target=\"_blank\" rel=\"noopener\">Jelena Ostapenko, qui a domin\u00e9 Ekaterina Alexandrova dimanche<\/a>\u00a0en deux sets 6-4, 6-4.<\/p>\n<p class=\"fig-paragraph\">Laur\u00e9ate \u00e0 seulement 20 ans de Roland-Garros en 2017, Jelena Ostapenko n&rsquo;a eu besoin que d&rsquo;une heure et demie (1h29) pour franchir l&rsquo;obstacle Alexandrova, ne c\u00e9dant sa mise en jeu qu&rsquo;\u00e0 une seule reprise en tout d\u00e9but de quart de finale. Plus puissante, elle a ma\u00eetris\u00e9 pour la premi\u00e8re fois son adversaire sur terre battue pour leur troisi\u00e8me affrontement sur cette surface. La Lettone visera un neuvi\u00e8me titre sur le circuit, le dernier remontant \u00e0 Linz (Autriche), en f\u00e9vrier 2024, quand elle avait domin\u00e9 Alexandrova en deux sets. Cette saison, elle s&rsquo;est inclin\u00e9e en finale du WTA 1000 de Doha\u00a0<a href=\"http:\/\/www.lefigaro.fr\/sports\/tennis\/tennis-anisimova-bat-ostapenko-et-remporte-son-premier-masters-1000-a-doha-20250215\" data-fig-type=\"NewsFlash\" data-gtm-custom-categorie=\"navigation\" data-gtm-custom-action=\"crossclick\" data-gtm-custom-label=\"Contextuel\" data-gtm-event=\"customEventSPE\" data-fig-domain=\"LEFIGARO\" target=\"_blank\" rel=\"noopener\">contre l&rsquo;Am\u00e9ricaine Amanda Anisimova<\/a>\u00a0mi-f\u00e9vrier.<\/p>\n","protected":false},"excerpt":{"rendered":"L\u2019Italienne s\u2019est bien d\u00e9fendue (7-5, 6-4) mais n\u2019a pu emp\u00eacher la num\u00e9ro 1 mondiale d\u2019aller d\u00e9fier Jelena Ostapenko&hellip;\n","protected":false},"author":2,"featured_media":40867,"comment_status":"","ping_status":"","sticky":false,"template":"","format":"standard","meta":{"footnotes":""},"categories":[1415],"tags":[47,7615,4169,525,1981,4178,4179,1011,27,1114,3996,4177,4176,4174,4175,1980,4171,60,12500,1467,4172,4173,4170],"class_list":{"0":"post-40866","1":"post","2":"type-post","3":"status-publish","4":"format-standard","5":"has-post-thumbnail","7":"category-tennis","8":"tag-actualite","9":"tag-aryna-sabalenka","10":"tag-atp","11":"tag-calendrier","12":"tag-classement","13":"tag-coupe-davis","14":"tag-fed-cup","15":"tag-fr","16":"tag-france","17":"tag-infos","18":"tag-jeux-olympiques","19":"tag-masters-1000","20":"tag-masters-500","21":"tag-masters-series","22":"tag-open-daustralie","23":"tag-resultats","24":"tag-roland-garros","25":"tag-sports","26":"tag-stuttgart","27":"tag-tennis","28":"tag-us-open","29":"tag-wimbledon","30":"tag-wta"},"share_on_mastodon":{"url":"https:\/\/pubeurope.com\/@fr\/114374631943581611","error":""},"_links":{"self":[{"href":"https:\/\/www.europesays.com\/fr\/wp-json\/wp\/v2\/posts\/40866","targetHints":{"allow":["GET"]}}],"collection":[{"href":"https:\/\/www.europesays.com\/fr\/wp-json\/wp\/v2\/posts"}],"about":[{"href":"https:\/\/www.europesays.com\/fr\/wp-json\/wp\/v2\/types\/post"}],"author":[{"embeddable":true,"href":"https:\/\/www.europesays.com\/fr\/wp-json\/wp\/v2\/users\/2"}],"replies":[{"embeddable":true,"href":"https:\/\/www.europesays.com\/fr\/wp-json\/wp\/v2\/comments?post=40866"}],"version-history":[{"count":0,"href":"https:\/\/www.europesays.com\/fr\/wp-json\/wp\/v2\/posts\/40866\/revisions"}],"wp:featuredmedia":[{"embeddable":true,"href":"https:\/\/www.europesays.com\/fr\/wp-json\/wp\/v2\/media\/40867"}],"wp:attachment":[{"href":"https:\/\/www.europesays.com\/fr\/wp-json\/wp\/v2\/media?parent=40866"}],"wp:term":[{"taxonomy":"category","embeddable":true,"href":"https:\/\/www.europesays.com\/fr\/wp-json\/wp\/v2\/categories?post=40866"},{"taxonomy":"post_tag","embeddable":true,"href":"https:\/\/www.europesays.com\/fr\/wp-json\/wp\/v2\/tags?post=40866"}],"curies":[{"name":"wp","href":"https:\/\/api.w.org\/{rel}","templated":true}]}}