{"id":408660,"date":"2025-09-22T04:32:10","date_gmt":"2025-09-22T04:32:10","guid":{"rendered":"https:\/\/www.europesays.com\/fr\/408660\/"},"modified":"2025-09-22T04:32:10","modified_gmt":"2025-09-22T04:32:10","slug":"des-chercheurs-decouvrent-quel-est-laliment-le-plus-nefaste-pour-la-sante-au-monde","status":"publish","type":"post","link":"https:\/\/www.europesays.com\/fr\/408660\/","title":{"rendered":"Des chercheurs d\u00e9couvrent quel est l&rsquo;aliment le plus n\u00e9faste pour la sant\u00e9 au monde"},"content":{"rendered":"<p class=\"mb-4 text-lg md:leading-8 break-words\">Nous pourrons enregistrer environ 20 % de nouveaux cas de diab\u00e8te, de maladies coronariennes et d&rsquo;accidents vasculaires c\u00e9r\u00e9braux en moins d&rsquo;ici 2050, si toute la population consommaient deux fruits par jour et s&rsquo;abstenaient de viande transform\u00e9e comme les saucisses et les hamburgers. C&rsquo;est la conclusion d&rsquo;une \u00e9tude men\u00e9e par l&rsquo;Universit\u00e9 de Wageningen et le Centre de recherche (WUR) sur les habitants des Pays-Bas. Les chercheurs ont publi\u00e9 leurs r\u00e9sultats dans The Lancet.<\/p>\n<p>22 % des nouveaux cas de diab\u00e8te de type 2 et 21 % des cas de maladies coronariennes pourraient \u00eatre \u00e9vit\u00e9s<\/p>\n<p class=\"mb-4 text-lg md:leading-8 break-words\">La plupart connaissent les recommandations : consommer deux fruits et 200 grammes de l\u00e9gumes par jour, privil\u00e9gier les produits \u00e0 base de c\u00e9r\u00e9ales compl\u00e8tes et limiter la consommation de viande rouge et de viande transform\u00e9e. Cependant, peu de personnes respectent r\u00e9ellement ces conseils. Et si c&rsquo;\u00e9tait le cas ? Quel serait l&rsquo;impact sur notre sant\u00e9 ? Le chercheur Ming-Jie Frederick Duan et ses coll\u00e8gues ont men\u00e9 une \u00e9tude aupr\u00e8s de la population n\u00e9erlandaise.<\/p>\n<p>Consommer plus de fruits et \u00e9liminer la viande transform\u00e9e<\/p>\n<p class=\"mb-4 text-lg md:leading-8 break-words\">Les scientifiques ont ainsi examin\u00e9 les effets des recommandations alimentaires individuelles formul\u00e9es par le Conseil de la sant\u00e9 des Pays-Bas. Les plus grands b\u00e9n\u00e9fices pour la sant\u00e9 semblent provenir de deux ajustements : consommer plus de fruits et \u00e9liminer la viande transform\u00e9e. En \u00e9liminant la viande transform\u00e9e, 22 % des nouveaux cas de diab\u00e8te (&#8230;)<\/p>\n<p>Publicit\u00e9<\/p>\n<p>Publicit\u00e9<\/p>\n<p>Publicit\u00e9<\/p>\n<p>Publicit\u00e9<\/p>\n<p class=\"mb-4 text-lg md:leading-8 break-words\"><a href=\"https:\/\/www.topsante.com\/nutrition_et_recettes\/bien_choisir_ses_aliments\/des-chercheurs-decouvrent-quel-est-laliment-le-plus-nefaste-pour-la-sante-au-monde-912205?utm_campaign=partenariat&amp;utm_source=yahoo-articles&amp;utm_medium=flux\" rel=\"nofollow noopener\" target=\"_blank\" data-ylk=\"slk:Lire la suite sur Top Sant\u00e9;elm:context_link;itc:0;sec:content-canvas\" class=\"link \">Lire la suite sur Top Sant\u00e9<\/a><\/p>\n<p class=\"mb-4 text-lg md:leading-8 break-words\"><a href=\"https:\/\/www.topsante.com\/medecine\/medicaments\/un-pharmacienne-alerte-si-vous-prenez-lun-de-ces-6-medicaments-ne-buvez-surtout-pas-de-coca-927801?utm_campaign=partenariat&amp;utm_source=yahoo-articles&amp;utm_medium=flux\" rel=\"nofollow noopener\" target=\"_blank\" data-ylk=\"slk:Un pharmacienne alerte : si vous prenez l&#039;un de ces 6 m\u00e9dicaments, ne buvez surtout pas de Coca;elm:context_link;itc:0;sec:content-canvas\" class=\"link \">Un pharmacienne alerte : si vous prenez l&rsquo;un de ces 6 m\u00e9dicaments, ne buvez surtout pas de Coca<\/a><br \/><a href=\"https:\/\/www.topsante.com\/medecine\/maladies_neurologiques\/une-etude-sur-pres-de-100-000-personnes-a-prouve-que-cet-aliment-peut-proteger-contre-alzheimer-927840?utm_campaign=partenariat&amp;utm_source=yahoo-articles&amp;utm_medium=flux\" rel=\"nofollow noopener\" target=\"_blank\" data-ylk=\"slk:Une \u00e9tude sur pr\u00e8s de 100 000 personnes a prouv\u00e9 que cet aliment peut prot\u00e9ger contre Alzheimer;elm:context_link;itc:0;sec:content-canvas\" class=\"link \">Une \u00e9tude sur pr\u00e8s de 100 000 personnes a prouv\u00e9 que cet aliment peut prot\u00e9ger contre Alzheimer<\/a><br \/><a href=\"https:\/\/www.topsante.com\/nutrition_et_recettes\/manger_equilibre\/conseils_dietetiques\/quel-est-le-meilleur-moment-pour-prendre-son-petit-dejeuner-ce-nest-pas-au-reveil-927710?utm_campaign=partenariat&amp;utm_source=yahoo-articles&amp;utm_medium=flux\" rel=\"nofollow noopener\" target=\"_blank\" data-ylk=\"slk:Quel est le meilleur moment pour prendre son petit-d\u00e9jeuner ? Indice, ce n&#039;est pas au r\u00e9veil;elm:context_link;itc:0;sec:content-canvas\" class=\"link \">Quel est le meilleur moment pour prendre son petit-d\u00e9jeuner ? Indice, ce n&rsquo;est pas au r\u00e9veil<\/a><br \/><a href=\"https:\/\/www.topsante.com\/nutrition_et_recettes\/les_bons_aliments\/poissons\/laliment-que-vous-devriez-consommer-davantage-en-vieillissant-927714?utm_campaign=partenariat&amp;utm_source=yahoo-articles&amp;utm_medium=flux\" rel=\"nofollow noopener\" target=\"_blank\" data-ylk=\"slk:Il y a un aliment que vous devriez consommer davantage en vieillissant : il s&#039;agit de ...;elm:context_link;itc:0;sec:content-canvas\" class=\"link \">Il y a un aliment que vous devriez consommer davantage en vieillissant : il s&rsquo;agit de &#8230;<\/a><br \/><a href=\"https:\/\/www.topsante.com\/nutrition_et_recettes\/bien_choisir_ses_aliments\/decrypter_les_etiquettes\/voici-comment-choisir-un-bon-miel-au-supermarche-selon-le-dr-cohen-927706?utm_campaign=partenariat&amp;utm_source=yahoo-articles&amp;utm_medium=flux\" rel=\"nofollow noopener\" target=\"_blank\" data-ylk=\"slk:Les &quot;faux miels&quot; \u00e0 \u00e9viter au supermarch\u00e9, selon un m\u00e9decin : &quot;Certains proviennent de Chine&quot;;elm:context_link;itc:0;sec:content-canvas\" class=\"link \">Les \u00ab\u00a0faux miels\u00a0\u00bb \u00e0 \u00e9viter au supermarch\u00e9, selon un m\u00e9decin : \u00ab\u00a0Certains proviennent de Chine\u00a0\u00bb<\/a><\/p>\n","protected":false},"excerpt":{"rendered":"Nous pourrons enregistrer environ 20 % de nouveaux cas de diab\u00e8te, de maladies coronariennes et d&rsquo;accidents vasculaires c\u00e9r\u00e9braux&hellip;\n","protected":false},"author":2,"featured_media":408661,"comment_status":"","ping_status":"","sticky":false,"template":"","format":"standard","meta":{"footnotes":""},"categories":[10],"tags":[3358,3359,1011,27,72,3361,3360,3357,71],"class_list":{"0":"post-408660","1":"post","2":"type-post","3":"status-publish","4":"format-standard","5":"has-post-thumbnail","7":"category-sante","8":"tag-centre-de-recherche","9":"tag-diabete-de-type-2","10":"tag-fr","11":"tag-france","12":"tag-health","13":"tag-la-population","14":"tag-la-sante","15":"tag-maladies-coronariennes","16":"tag-sante"},"share_on_mastodon":{"url":"https:\/\/pubeurope.com\/@fr\/115246081274436512","error":""},"_links":{"self":[{"href":"https:\/\/www.europesays.com\/fr\/wp-json\/wp\/v2\/posts\/408660","targetHints":{"allow":["GET"]}}],"collection":[{"href":"https:\/\/www.europesays.com\/fr\/wp-json\/wp\/v2\/posts"}],"about":[{"href":"https:\/\/www.europesays.com\/fr\/wp-json\/wp\/v2\/types\/post"}],"author":[{"embeddable":true,"href":"https:\/\/www.europesays.com\/fr\/wp-json\/wp\/v2\/users\/2"}],"replies":[{"embeddable":true,"href":"https:\/\/www.europesays.com\/fr\/wp-json\/wp\/v2\/comments?post=408660"}],"version-history":[{"count":0,"href":"https:\/\/www.europesays.com\/fr\/wp-json\/wp\/v2\/posts\/408660\/revisions"}],"wp:featuredmedia":[{"embeddable":true,"href":"https:\/\/www.europesays.com\/fr\/wp-json\/wp\/v2\/media\/408661"}],"wp:attachment":[{"href":"https:\/\/www.europesays.com\/fr\/wp-json\/wp\/v2\/media?parent=408660"}],"wp:term":[{"taxonomy":"category","embeddable":true,"href":"https:\/\/www.europesays.com\/fr\/wp-json\/wp\/v2\/categories?post=408660"},{"taxonomy":"post_tag","embeddable":true,"href":"https:\/\/www.europesays.com\/fr\/wp-json\/wp\/v2\/tags?post=408660"}],"curies":[{"name":"wp","href":"https:\/\/api.w.org\/{rel}","templated":true}]}}