{"id":408665,"date":"2025-09-22T04:34:13","date_gmt":"2025-09-22T04:34:13","guid":{"rendered":"https:\/\/www.europesays.com\/fr\/408665\/"},"modified":"2025-09-22T04:34:13","modified_gmt":"2025-09-22T04:34:13","slug":"michou-devoile-le-revenu-enorme-genere-par-sa-chaine-youtube-lannee-derniere-2","status":"publish","type":"post","link":"https:\/\/www.europesays.com\/fr\/408665\/","title":{"rendered":"Michou d\u00e9voile le revenu \u00ab\u00a0\u00e9norme\u00a0\u00bb g\u00e9n\u00e9r\u00e9 par sa cha\u00eene YouTube l\u2019ann\u00e9e derni\u00e8re"},"content":{"rendered":"<p>        <img decoding=\"async\" loading=\"lazy\" src=\"https:\/\/www.europesays.com\/fr\/wp-content\/uploads\/2025\/09\/a590a72_upload-1-tfnqpi5xdgub-afp-20241101-36ld4xb-v1-midres-francemediatvnrjmusicaward.jpg\"  width=\"728\" height=\"409\" alt=\"Le youtubeur fran\u00e7ais Michou pose sur le tapis rouge \u00e0 son arriv\u00e9e pour assister \u00e0 la 26e \u00e9dition de la c\u00e9r\u00e9monie des NRJ Music Awards au Palais des Festivals, \u00e0 Cannes, dans le sud-est de la France, le 1er novembre 2024.\"\/>  <\/p>\n<p>VALERY HACHE \/ AFP<\/p>\n<p>Le youtubeur fran\u00e7ais Michou pose sur le tapis rouge \u00e0 son arriv\u00e9e pour assister \u00e0 la 26e \u00e9dition de la c\u00e9r\u00e9monie des NRJ Music Awards au Palais des Festivals, \u00e0 Cannes, dans le sud-est de la France, le 1er novembre 2024.<\/p>\n<p class=\"asset asset-text\">YOUTUBE &#8211; Somme faramineuse. L\u2019influenceur star <a href=\"https:\/\/www.huffingtonpost.fr\/people\/article\/michou-annonce-sa-separation-avec-elsa-bois-et-denonce-la-toxicite-des-reseaux_246327.html\" target=\"_blank\" rel=\"noopener nofollow\" title=\"Nouvelle fen\u00eatre\">Michou <\/a>(10\u00a0millions d\u2019abonn\u00e9s) \u00e9tait l\u2019invit\u00e9 de <a href=\"https:\/\/www.google.com\/search?q=McFly+et+Carlito+le+huffpost&amp;rlz=1C1GCEA_enFR1144FR1144&amp;oq=McFly+et+Carlito+le+huffpost&amp;gs_lcrp=EgZjaHJvbWUyBggAEEUYOTIHCAEQABiABDIHCAIQABiABDIHCAMQABiABDIHCAQQABiABDIHCAUQABiABDIHCAYQABiABDIHCAcQABiABDIHCAgQABiABDIHCAkQABiABNIBCDE5NDJqMGo3qAIAsAIA&amp;sourceid=chrome&amp;ie=UTF-8\" target=\"_blank\" rel=\"noopener nofollow\" title=\"Nouvelle fen\u00eatre\">McFly et Carlito<\/a>, ce jeudi 18\u00a0septembre, dans leur nouvelle vid\u00e9o concept \u00ab\u00a0PAINBALL\u00a0: si t\u2019es pas honn\u00eate, tu souffres\u00a0\u00bb. Le cr\u00e9ateur de 23\u00a0ans a d\u00fb r\u00e9v\u00e9ler au cours de ce jeu le montant g\u00e9n\u00e9r\u00e9 par sa cha\u00eene Youtube en 2024. Et c\u2019est colossal.<\/p>\n<p class=\"asset asset-text\">Comme le rapporte <a href=\"https:\/\/www.ozap.com\/actu\/cest-enorme-face-a-mcfly-et-carlito-michou-devoile-les-revenus-generes-par-sa-chaine-youtube-en-2024\/651695\" target=\"_blank\" rel=\"noopener nofollow\" title=\"Nouvelle fen\u00eatre\">PureM\u00e9dias<\/a>, Carlito a questionn\u00e9 Michou\u00a0: \u00ab\u00a0quel est ton revenu AdSense (revenu g\u00e9n\u00e9r\u00e9 par YouTube, NDLR) sur l\u2019ann\u00e9e 2024\u00a0?\u00a0\u00bb. S\u2019il ne r\u00e9pondait pas, selon les r\u00e8gles \u00e9tablies, l\u2019influenceur se serait fait tirer dessus avec une balle de painball.<\/p>\n<p class=\"asset asset-text\">Le cr\u00e9ateur de contenu Miguel Mattioli, de son vrai nom, a pr\u00e9f\u00e9r\u00e9 dire la v\u00e9rit\u00e9. \u00ab\u00a0Fr\u00e9rot, je ne prendrai pas de balle. Attends, \u00e7a d\u00e9pend. C\u2019est compliqu\u00e9. Je dis un vrai truc.\u00a0\u00bb, commence Michou, h\u00e9sitant. Il regarde ses comptes sur son t\u00e9l\u00e9phone pour v\u00e9rifier le montant et le cr\u00e9ateur finit par l\u00e2cher le morceau\u00a0: \u00ab\u00a0OK, 2024, \u00e7a dit quoi\u00a0? Mec, c\u2019est \u00e9norme. Mais mec, je suis choqu\u00e9 moi-m\u00eame, l\u00e0. En 2024, ma cha\u00eene YouTube a g\u00e9n\u00e9r\u00e9 1\u00a0298\u00a0556\u00a0euros\u00a0\u00bb.<\/p>\n<p>    Plusieurs sources de revenu    <\/p>\n<p class=\"asset asset-text\">Michou insiste sur le fait que cette somme ne repr\u00e9sente avec son revenu net\u00a0: \u00ab\u00a0Quand je vois ce que j\u2019ai g\u00e9n\u00e9r\u00e9 et ce que j\u2019ai sur mon compte, je me dis que j\u2019ai d\u00fb abuser quelque part. Mais je pense que c\u2019est les imp\u00f4ts, la production, etc. il y a beaucoup de choses.\u00a0\u00bb<\/p>\n<p class=\"asset asset-text\">L\u2019influenceur g\u00e9n\u00e8re \u00e9galement de l\u2019argent gr\u00e2ce \u00e0 son compte Twitch, \u00ab\u00a0des partenariats commerciaux, merchandising, musique, \u00e9v\u00e9nements\u00a0\u00bb, et aussi gr\u00e2ce \u00e0 sa cha\u00eene de restauration, explique le m\u00e9dia sp\u00e9cialis\u00e9 <a href=\"https:\/\/lessentieldeleco.fr\/3266-combien-gagne-michou\/#:~:text=Michou%2C%2023%20ans%2C%20influenceur%20star,%2C%20Twitch%2C%20marques%20et%20restauration.\" target=\"_blank\" rel=\"noopener nofollow\" title=\"Nouvelle fen\u00eatre\">L\u2019Essentiel de l\u2019\u00c9co<\/a>, qui le place au deuxi\u00e8me rang des cr\u00e9ateurs fran\u00e7ais les mieux r\u00e9mun\u00e9r\u00e9s, derri\u00e8re Squeezie.<\/p>\n<p class=\"asset asset-text\">La semaine derni\u00e8re, 40\u00a0000 spectateurs ont assist\u00e9 \u00e0 la diffusion au cin\u00e9ma du premier des quatre \u00e9pisodes de Terminal, une s\u00e9rie hebdomadaire produite par Michou, pour sa cha\u00eene Youtube. Mise en ligne dimanche, cette premi\u00e8re partie a cumul\u00e9 plus de 4,3\u00a0millions de vues en trois jours.<\/p>\n<p class=\"asset asset-text\">Tourn\u00e9 en Espagne, ce jeu de survie place une quinzaine de personnalit\u00e9s d\u2019internet dans un a\u00e9roport abandonn\u00e9 o\u00f9 elles doivent \u00e9chapper \u00e0 des soldats. \u00ab\u00a0C\u2019est un projet \u00e0 plus d\u2019un million d\u2019euros\u00a0\u00bb qui a mobilis\u00e9 250 personnes, a d\u00e9taill\u00e9 \u00e0 l\u2019AFP le cr\u00e9ateur de 23\u00a0ans, bien loin des premi\u00e8res pastilles film\u00e9es dans sa chambre il y a pr\u00e8s de dix ans.<\/p>\n","protected":false},"excerpt":{"rendered":"VALERY HACHE \/ AFP Le youtubeur fran\u00e7ais Michou pose sur le tapis rouge \u00e0 son arriv\u00e9e pour assister&hellip;\n","protected":false},"author":2,"featured_media":408666,"comment_status":"","ping_status":"","sticky":false,"template":"","format":"standard","meta":{"footnotes":""},"categories":[8],"tags":[58,59,1011,27,2480,310,938,2784],"class_list":{"0":"post-408665","1":"post","2":"type-post","3":"status-publish","4":"format-standard","5":"has-post-thumbnail","7":"category-divertissement","8":"tag-divertissement","9":"tag-entertainment","10":"tag-fr","11":"tag-france","12":"tag-influenceurs","13":"tag-internet","14":"tag-reseaux-sociaux","15":"tag-youtube"},"share_on_mastodon":{"url":"https:\/\/pubeurope.com\/@fr\/115246089723023039","error":""},"_links":{"self":[{"href":"https:\/\/www.europesays.com\/fr\/wp-json\/wp\/v2\/posts\/408665","targetHints":{"allow":["GET"]}}],"collection":[{"href":"https:\/\/www.europesays.com\/fr\/wp-json\/wp\/v2\/posts"}],"about":[{"href":"https:\/\/www.europesays.com\/fr\/wp-json\/wp\/v2\/types\/post"}],"author":[{"embeddable":true,"href":"https:\/\/www.europesays.com\/fr\/wp-json\/wp\/v2\/users\/2"}],"replies":[{"embeddable":true,"href":"https:\/\/www.europesays.com\/fr\/wp-json\/wp\/v2\/comments?post=408665"}],"version-history":[{"count":0,"href":"https:\/\/www.europesays.com\/fr\/wp-json\/wp\/v2\/posts\/408665\/revisions"}],"wp:featuredmedia":[{"embeddable":true,"href":"https:\/\/www.europesays.com\/fr\/wp-json\/wp\/v2\/media\/408666"}],"wp:attachment":[{"href":"https:\/\/www.europesays.com\/fr\/wp-json\/wp\/v2\/media?parent=408665"}],"wp:term":[{"taxonomy":"category","embeddable":true,"href":"https:\/\/www.europesays.com\/fr\/wp-json\/wp\/v2\/categories?post=408665"},{"taxonomy":"post_tag","embeddable":true,"href":"https:\/\/www.europesays.com\/fr\/wp-json\/wp\/v2\/tags?post=408665"}],"curies":[{"name":"wp","href":"https:\/\/api.w.org\/{rel}","templated":true}]}}