{"id":408667,"date":"2025-09-22T04:35:13","date_gmt":"2025-09-22T04:35:13","guid":{"rendered":"https:\/\/www.europesays.com\/fr\/408667\/"},"modified":"2025-09-22T04:35:13","modified_gmt":"2025-09-22T04:35:13","slug":"ressuciter-son-ipod-classic-en-2025-cest-possible","status":"publish","type":"post","link":"https:\/\/www.europesays.com\/fr\/408667\/","title":{"rendered":"ressuciter son iPod Classic en 2025 c&rsquo;est possible !"},"content":{"rendered":"<p class=\"sc-29e2a271-0 jjhUrQ\">Le coffret comprend un bo\u00eetier avant\/arri\u00e8re en aluminium avec panneaux en verre, cadre, visserie et surtout une carte \u00e9lectronique ajoutant Bluetooth et charge USB\u2011C, pens\u00e9e pour les iPod 5e \u00e0 7e g\u00e9n\u00e9ration. La construction vise la simplicit\u00e9 d\u2019assemblage, avec une d\u00e9marche quasi plug\u2011and\u2011play et des outils basiques, m\u00eame si la d\u00e9pose du capot arri\u00e8re exige un levier fin et de la patience. Le r\u00e9sultat d\u00e9livre une esth\u00e9tique sobre, des mat\u00e9riaux premium et une prise en main solide, dans une \u00e9paisseur accrue mais coh\u00e9rente avec la batterie plus g\u00e9n\u00e9reuse.<\/p>\n<p class=\"sc-29e2a271-0 jjhUrQ\">Le port USB\u2011C sert uniquement \u00e0 charger l\u2019iPod, tandis que la synchronisation musicale passe toujours par le connecteur 30 broches historique et iTunes\/logiciels compatibles. Un t\u00e9moin lumineux d\u00e9di\u00e9 informe de l\u2019\u00e9tat de charge (rouge puis vert), la jauge \u00e0 l\u2019\u00e9cran n\u2019\u00e9tant pas aliment\u00e9e lors de la charge USB\u2011C. Cette approche \u00e9vite de toucher \u00e0 la carte m\u00e8re, pr\u00e9servant la compatibilit\u00e9 g\u00e9n\u00e9rale tout en modernisant l\u2019usage au quotidien.<\/p>\n","protected":false},"excerpt":{"rendered":"Le coffret comprend un bo\u00eetier avant\/arri\u00e8re en aluminium avec panneaux en verre, cadre, visserie et surtout une carte&hellip;\n","protected":false},"author":2,"featured_media":408668,"comment_status":"","ping_status":"","sticky":false,"template":"","format":"standard","meta":{"footnotes":""},"categories":[7],"tags":[1011,27,43,40,41,39,42,44],"class_list":{"0":"post-408667","1":"post","2":"type-post","3":"status-publish","4":"format-standard","5":"has-post-thumbnail","7":"category-sciences-et-technologies","8":"tag-fr","9":"tag-france","10":"tag-science","11":"tag-science-and-technology","12":"tag-sciences","13":"tag-sciences-et-technologies","14":"tag-technologies","15":"tag-technology"},"share_on_mastodon":{"url":"https:\/\/pubeurope.com\/@fr\/115246093017586585","error":""},"_links":{"self":[{"href":"https:\/\/www.europesays.com\/fr\/wp-json\/wp\/v2\/posts\/408667","targetHints":{"allow":["GET"]}}],"collection":[{"href":"https:\/\/www.europesays.com\/fr\/wp-json\/wp\/v2\/posts"}],"about":[{"href":"https:\/\/www.europesays.com\/fr\/wp-json\/wp\/v2\/types\/post"}],"author":[{"embeddable":true,"href":"https:\/\/www.europesays.com\/fr\/wp-json\/wp\/v2\/users\/2"}],"replies":[{"embeddable":true,"href":"https:\/\/www.europesays.com\/fr\/wp-json\/wp\/v2\/comments?post=408667"}],"version-history":[{"count":0,"href":"https:\/\/www.europesays.com\/fr\/wp-json\/wp\/v2\/posts\/408667\/revisions"}],"wp:featuredmedia":[{"embeddable":true,"href":"https:\/\/www.europesays.com\/fr\/wp-json\/wp\/v2\/media\/408668"}],"wp:attachment":[{"href":"https:\/\/www.europesays.com\/fr\/wp-json\/wp\/v2\/media?parent=408667"}],"wp:term":[{"taxonomy":"category","embeddable":true,"href":"https:\/\/www.europesays.com\/fr\/wp-json\/wp\/v2\/categories?post=408667"},{"taxonomy":"post_tag","embeddable":true,"href":"https:\/\/www.europesays.com\/fr\/wp-json\/wp\/v2\/tags?post=408667"}],"curies":[{"name":"wp","href":"https:\/\/api.w.org\/{rel}","templated":true}]}}