{"id":408669,"date":"2025-09-22T04:36:24","date_gmt":"2025-09-22T04:36:24","guid":{"rendered":"https:\/\/www.europesays.com\/fr\/408669\/"},"modified":"2025-09-22T04:36:24","modified_gmt":"2025-09-22T04:36:24","slug":"amazon-devant-la-justice-soupconne-davoir-ruse-pour-accroitre-ses-abonnes-prime","status":"publish","type":"post","link":"https:\/\/www.europesays.com\/fr\/408669\/","title":{"rendered":"Amazon devant la justice, soup\u00e7onn\u00e9 d\u2019avoir rus\u00e9 pour accro\u00eetre ses abonn\u00e9s Prime"},"content":{"rendered":"<p>Le g\u00e9ant du commerce est accus\u00e9 d\u2019avoir sciemment d\u00e9ploy\u00e9 des interfaces manipulatrices pour amener les consommateurs, au moment de payer leur achat, \u00e0 s\u2019abonner au service Prime.<\/p>\n<p class=\"fig-paragraph\"><a href=\"http:\/\/www.lefigaro.fr\/secteur\/high-tech\/dossier\/netflix-disney-amazon-prime-les-secrets-des-geants-de-la-vod\" data-fig-type=\"Topic\" data-gtm-custom-categorie=\"navigation\" data-gtm-custom-action=\"crossclick\" data-gtm-custom-label=\"Contextuel\" data-gtm-event=\"customEventSPE\" data-fig-domain=\"LEFIGARO\" rel=\"nofollow noopener\" target=\"_blank\">Amazon<\/a>\u00a0affronte d\u00e8s lundi un proc\u00e8s aux \u00c9tats-Unis, qui doit d\u00e9terminer si le g\u00e9ant du commerce \u00e9lectronique a d\u00e9ploy\u00e9 ou non des astuces ill\u00e9gales pour contraindre des millions de clients \u00e0 s&rsquo;abonner \u00e0 son service payant Prime et rendre la r\u00e9siliation quasi impossible.<\/p>\n<p class=\"fig-paragraph\">L&rsquo;affaire a \u00e9t\u00e9 ouverte en 2023 par l&rsquo;agence am\u00e9ricaine de protection des consommateurs, la FTC. Elle accuse Amazon d&rsquo;avoir sciemment d\u00e9ploy\u00e9 des interfaces manipulatrices, appel\u00e9es \u00abdark patterns\u00bb, pour amener les consommateurs, au moment de payer leur achat, \u00e0 s&rsquo;abonner en plus au service Prime pour 139 dollars par an.<\/p>\n<p>                                    <a class=\"fig-a11y-skip a11y-hidden\" href=\"#fig-a11y-skip-main-inarticle\"><br \/>\n        Passer la publicit\u00e9<br \/>\n    <\/a><\/p>\n<p class=\"fig-paragraph\">L&rsquo;affaire se concentre sur deux accusations: avoir gagn\u00e9 des abonn\u00e9s sans leur consentement explicite gr\u00e2ce \u00e0 des processus de paiement confus et avoir cr\u00e9\u00e9 un syst\u00e8me d&rsquo;annulation d\u00e9lib\u00e9r\u00e9ment complexe, surnomm\u00e9 en interne \u00abIliade\u00bb, du nom du po\u00e8me d&rsquo;Hom\u00e8re sur la longue et difficile guerre de Troie. L&rsquo;affaire sera examin\u00e9e devant la cour f\u00e9d\u00e9rale de Seattle par un jury pr\u00e9sid\u00e9 par le juge John Chun, \u00e9galement charg\u00e9 d&rsquo;une autre affaire lanc\u00e9e par la FTC contre Amazon, cette fois pour des accusations de monopole ill\u00e9gal. Cet autre dossier sera jug\u00e9 en 2027.<\/p>\n<p>Des \u00abinscriptions non sollicit\u00e9es\u00bb \u00e0 Prime<\/p>\n<p class=\"fig-paragraph\">Ces affaires font partie d&rsquo;une s\u00e9rie de poursuites r\u00e9centes entam\u00e9es aussi bien sous l&rsquo;administration d\u00e9mocrate que r\u00e9publicaine pour limiter la domination sans partage de plusieurs grandes entreprises des technologies, telles que Google ou Apple, apr\u00e8s des ann\u00e9es de mansu\u00e9tude gouvernementale.<\/p>\n<p class=\"fig-paragraph\">D&rsquo;apr\u00e8s les documents de la Cour, Amazon avait connaissance de l&rsquo;existence r\u00e9pandue d&rsquo;\u00abinscriptions non sollicit\u00e9es\u00bb \u00e0 Prime, mais s&rsquo;est oppos\u00e9e aux changements qui auraient r\u00e9duit leurs nombres et donc ses revenus.<\/p>\n<p class=\"fig-paragraph\">Selon la FTC, le processus de paiement d&rsquo;Amazon obligeait les clients \u00e0 naviguer dans des interfaces compliqu\u00e9es, o\u00f9 le refus de l&rsquo;adh\u00e9sion \u00e0 Prime n\u00e9cessitait de cliquer sur de petits liens discrets, tandis que l&rsquo;adh\u00e9sion se r\u00e9alisait en cliquant sur de gros boutons bien en \u00e9vidence. Le prix et le renouvellement automatique \u00e9taient souvent cach\u00e9s ou en petits caract\u00e8res.<\/p>\n<p>Un processus de r\u00e9siliation confus<\/p>\n<p class=\"fig-paragraph\">\u00abPendant des ann\u00e9es, Amazon a sciemment tromp\u00e9 des millions de consommateurs en les incitant \u00e0 s&rsquo;inscrire \u00e0 son service Amazon Prime \u00e0 leur insu\u00bb, indique l&rsquo;accusation initiale. Les abonnements Prime repr\u00e9sentaient 25 milliards de dollars du chiffre d&rsquo;affaires annuel d&rsquo;Amazon, selon le dossier d&rsquo;accusation de 2023. Prime est devenu central dans le mod\u00e8le commercial d&rsquo;Amazon, car ces abonn\u00e9s d\u00e9pensent beaucoup plus sur la plateforme que les non-membres.<\/p>\n<p>                                    <a class=\"fig-a11y-skip a11y-hidden\" href=\"#fig-a11y-skip-main-inarticle_mtf\"><br \/>\n        Passer la publicit\u00e9<br \/>\n    <\/a><\/p>\n<p class=\"fig-paragraph\">Le proc\u00e8s vise aussi le processus de r\u00e9siliation d&rsquo;Amazon, qui obligeait les clients \u00e0 naviguer, selon la FTC, dans un \u00ablabyrinthe\u00bb de quatre pages, six clics et 15 options pour annuler l&rsquo;abonnement. La FTC demande \u00e0 la cour de prononcer des sanctions, d&rsquo;accorder des compensations financi\u00e8res et d&rsquo;enjoindre l&rsquo;entreprise \u00e0 changer ses pratiques.<\/p>\n<p class=\"fig-paragraph\">L&rsquo;affaire se fonde en partie sur la loi ROSCA, entr\u00e9e en vigueur en 2010, qui interdit de facturer des services en ligne activ\u00e9s par d\u00e9faut, sans indiquer clairement les conditions, ni obtenir le consentement explicite des clients et fournir des proc\u00e9dures simples de d\u00e9sabonnement. La FTC affirme qu&rsquo;Amazon a manqu\u00e9 \u00e0 ses exigences. La d\u00e9fense d&rsquo;Amazon consistera principalement \u00e0 faire valoir que cette loi et les autres r\u00e9glementations n&rsquo;interdisent pas clairement les pratiques en d\u00e9bat et que la FTC est all\u00e9e trop loin. L&rsquo;entreprise a aussi dit qu&rsquo;elle avait am\u00e9lior\u00e9 ses processus d&rsquo;inscription et d&rsquo;annulation et que les accusations \u00e9taient caduques.<\/p>\n<p class=\"fig-paragraph\">Le proc\u00e8s devrait durer environ quatre semaines et s&rsquo;appuiera largement sur les communications et les documents internes d&rsquo;Amazon, ainsi que sur les t\u00e9moignages des dirigeants et des experts du groupe.<\/p>\n","protected":false},"excerpt":{"rendered":"Le g\u00e9ant du commerce est accus\u00e9 d\u2019avoir sciemment d\u00e9ploy\u00e9 des interfaces manipulatrices pour amener les consommateurs, au moment&hellip;\n","protected":false},"author":2,"featured_media":408670,"comment_status":"","ping_status":"","sticky":false,"template":"","format":"standard","meta":{"footnotes":""},"categories":[6],"tags":[4239,11776,35,33,34,73,1011,27],"class_list":{"0":"post-408669","1":"post","2":"type-post","3":"status-publish","4":"format-standard","5":"has-post-thumbnail","7":"category-economie","8":"tag-amazon","9":"tag-amazon-prime","10":"tag-business","11":"tag-economie","12":"tag-economy","13":"tag-etats-unis","14":"tag-fr","15":"tag-france"},"share_on_mastodon":{"url":"https:\/\/pubeurope.com\/@fr\/115246096945347153","error":""},"_links":{"self":[{"href":"https:\/\/www.europesays.com\/fr\/wp-json\/wp\/v2\/posts\/408669","targetHints":{"allow":["GET"]}}],"collection":[{"href":"https:\/\/www.europesays.com\/fr\/wp-json\/wp\/v2\/posts"}],"about":[{"href":"https:\/\/www.europesays.com\/fr\/wp-json\/wp\/v2\/types\/post"}],"author":[{"embeddable":true,"href":"https:\/\/www.europesays.com\/fr\/wp-json\/wp\/v2\/users\/2"}],"replies":[{"embeddable":true,"href":"https:\/\/www.europesays.com\/fr\/wp-json\/wp\/v2\/comments?post=408669"}],"version-history":[{"count":0,"href":"https:\/\/www.europesays.com\/fr\/wp-json\/wp\/v2\/posts\/408669\/revisions"}],"wp:featuredmedia":[{"embeddable":true,"href":"https:\/\/www.europesays.com\/fr\/wp-json\/wp\/v2\/media\/408670"}],"wp:attachment":[{"href":"https:\/\/www.europesays.com\/fr\/wp-json\/wp\/v2\/media?parent=408669"}],"wp:term":[{"taxonomy":"category","embeddable":true,"href":"https:\/\/www.europesays.com\/fr\/wp-json\/wp\/v2\/categories?post=408669"},{"taxonomy":"post_tag","embeddable":true,"href":"https:\/\/www.europesays.com\/fr\/wp-json\/wp\/v2\/tags?post=408669"}],"curies":[{"name":"wp","href":"https:\/\/api.w.org\/{rel}","templated":true}]}}