{"id":408681,"date":"2025-09-22T04:45:12","date_gmt":"2025-09-22T04:45:12","guid":{"rendered":"https:\/\/www.europesays.com\/fr\/408681\/"},"modified":"2025-09-22T04:45:12","modified_gmt":"2025-09-22T04:45:12","slug":"luniversite-de-toulon-est-un-acteur-de-stabilite-et-dequilibre-sur-son-territoire-son-president-fait-le-point-sur-la-rentree-etudiante","status":"publish","type":"post","link":"https:\/\/www.europesays.com\/fr\/408681\/","title":{"rendered":"\u00ab\u00a0L\u2019Universit\u00e9 de Toulon est un acteur de stabilit\u00e9 et d\u2019\u00e9quilibre sur son territoire\u00a0\u00bb: son pr\u00e9sident fait le point sur la rentr\u00e9e \u00e9tudiante"},"content":{"rendered":"<p>Depuis le 1er septembre, quelque 9 200 \u00e9tudiants font leur rentr\u00e9e \u00e0 l\u2019Universit\u00e9 de Toulon de fa\u00e7on \u00e9chelonn\u00e9e sur le mois. \u00c0 terme, ils devraient, comme l\u2019an pass\u00e9 \u00eatre environ 10 500 pour une ann\u00e9e \u00e0 la fois sereine et charni\u00e8re. Sereine car elle ne devrait pas conna\u00eetre de grand bouleversement ou r\u00e9volution. Charni\u00e8re, parce qu\u2019elle doit pr\u00e9parer l\u2019avenir, avec en ligne de mire la nouvelle offre de formation pour 2029 et la d\u00e9finition d\u2019une strat\u00e9gie pour la recherche \u00e0 l\u2019horizon 2035. C\u2019est ce qu\u2019explique Xavier Leroux, le pr\u00e9sident de l\u2019\u00e9tablissement.<\/p>\n<p><strong>Comment s\u2019est pass\u00e9e la rentr\u00e9e universitaire?<\/strong><\/p>\n<p>De fa\u00e7on sereine et simple. L\u2019ann\u00e9e derni\u00e8re avait marqu\u00e9 un tournant majeur avec la mise en place d\u2019une nouvelle offre de formation, orient\u00e9e vers les besoins du territoire. Cette ann\u00e9e est donc une phase de consolidation. Nous confirmons que les orientations prises en 2024 fonctionnent bien, tout en proc\u00e9dant aux ajustements n\u00e9cessaires pour am\u00e9liorer encore le dispositif.<\/p>\n<p><strong>Un \u00e9v\u00e9nement marquant?<\/strong><\/p>\n<p>Oui: <a href=\"https:\/\/www.varmatin.com\/education\/ecocampus-de-l-universite-le-batiment-e-montre-la-voie-1001276\" target=\"_blank\" rel=\"noopener\">l\u2019inauguration du b\u00e2timent IUT R\u00e9nov et du jardin de l\u2019IUT<\/a> (campus de La Garde, Ndlr), qui ont consid\u00e9rablement am\u00e9lior\u00e9 l\u2019image du campus et la qualit\u00e9 de vie \u00e9tudiante. \u00c0 cela s\u2019ajoute l\u2019ouverture, pr\u00e9vue en janvier, des Terrasses de Pi, un espace de restauration et de convivialit\u00e9 tr\u00e8s attendu en centre-ville, g\u00e9r\u00e9 par le Crous.<\/p>\n<p><strong>Cette ann\u00e9e voit aussi le lancement du contrat d\u2019objectifs, de moyens et de performance, le COMP. De quoi s\u2019agit-il?<\/strong><\/p>\n<p>Le COMP, c\u2019est le contrat d\u2019\u00e9tablissement pass\u00e9 entre l\u2019Universit\u00e9 et le minist\u00e8re de l\u2019Enseignement sup\u00e9rieur. C\u2019est un document strat\u00e9gique qui fixera nos grandes orientations pour les cinq prochaines ann\u00e9es. Il nous permettra de donner un cap clair et de rendre lisible notre projet pour le territoire.<\/p>\n<p><strong>Quels sont ses enjeux en termes de formation?<\/strong><\/p>\n<p>Le COMP pr\u00e9pare la prochaine grande \u00e9volution de l\u2019offre pr\u00e9vue pour 2029. Nous anticipons d\u00e9j\u00e0 les comp\u00e9tences n\u00e9cessaires demain, en lien avec les entreprises et acteurs socio-\u00e9conomiques. Nous poursuivons notre politique de mast\u00e9risation, qui vise \u00e0 faire passer la part d\u2019\u00e9tudiants inscrits en master de 16% \u00e0 20% (contre 18% en moyenne nationale). En parall\u00e8le, nous d\u00e9veloppons l\u2019alternance: mon objectif, lanc\u00e9 en 2023, \u00e9tait d\u2019atteindre 1.000 alternants, soit 10% des effectifs. Nous sommes d\u00e9j\u00e0 \u00e0 900 et devrions atteindre cette cible tr\u00e8s bient\u00f4t.<\/p>\n<p><strong>Vous \u00e9voquez les liens avec les diff\u00e9rents acteurs du territoire\u2026<\/strong><\/p>\n<p>Absolument. Ce contrat est le fruit d\u2019un dialogue constant avec nos partenaires locaux et nationaux: collectivit\u00e9s, institutions, monde \u00e9conomique, vie \u00e9tudiante. L\u2019universit\u00e9 ne peut agir seule: ce travail collaboratif garantit une strat\u00e9gie pertinente et adapt\u00e9e aux besoins du territoire, en formation comme en recherche.<\/p>\n<p><strong>Et au niveau de la recherche justement, quelles sont les priorit\u00e9s?<\/strong><\/p>\n<p>Nous avons lanc\u00e9 \u00e0 l\u2019automne 2024 une r\u00e9flexion pour d\u00e9finir notre nouvelle offre de recherche, \u00e0 horizon 2035. Le d\u00e9fi est majeur: d\u2019ici \u00e0 dix ans, la moiti\u00e9 de nos 300 enseignants-chercheurs partira \u00e0 la retraite. Nous devons donc identifier les comp\u00e9tences \u00e0 maintenir, \u00e0 acqu\u00e9rir ou \u00e0 r\u00e9orienter, pour continuer \u00e0 mener notre mission de service public: faire de la recherche fondamentale, qui nourrit la recherche appliqu\u00e9e de demain.<\/p>\n<p>L\u2019an pass\u00e9,<a href=\"https:\/\/www.varmatin.com\/vie-locale\/les-universites-sont-en-danger-toulon-tire-la-sonnette-d-alarme-sur-le-budget-2025-prevu-par-l-etat-960779\" target=\"_blank\" rel=\"noopener\"> les universit\u00e9s s\u2019inqui\u00e9taient de leur capacit\u00e9 \u00e0 poursuivre leurs missions face au projet de loi de finances 2025<\/a>. Qu\u2019en est-il aujourd\u2019hui?<\/p>\n<p>L\u2019Universit\u00e9 de Toulon rencontre de vraies difficult\u00e9s, mais gr\u00e2ce \u00e0 une gestion rigoureuse, nous fonctionnons correctement. La situation reste cependant tendue et incertaine: la construction du budget 2026 (de l\u2019\u00c9tat, Ndlr) ne se fera pas sans difficult\u00e9s. Nous attendons les d\u00e9cisions du gouvernement et leurs modalit\u00e9s d\u2019accompagnement. Ce que je sais, c\u2019est que nous continuerons \u00e0 assumer notre mission de service public et \u00e0 avancer car 10.500 jeunes nous sont confi\u00e9s. Mon objectif est de maintenir l\u2019universit\u00e9 comme un acteur de stabilit\u00e9 et d\u2019\u00e9quilibre sur son territoire.<\/p>\n<p><strong>De quel levier disposez-vous pour affronter ces difficult\u00e9s budg\u00e9taires?<\/strong><\/p>\n<p>Une avanc\u00e9e importante est la possibilit\u00e9 de r\u00e9organiser les capacit\u00e9s d\u2019accueil en interne. Nous pouvons d\u00e9sormais r\u00e9duire le nombre de places dans certaines licences pour en augmenter dans d\u2019autres, notamment les masters. Cette souplesse nous permet d\u2019ajuster notre offre aux besoins des \u00e9tudiants et du march\u00e9 de l\u2019emploi.<\/p>\n<p><strong>Un autre document important va \u00eatre valid\u00e9: le sch\u00e9ma directeur de la vie \u00e9tudiante 2025-2030. Quelles en sont les principales mesures?<\/strong><\/p>\n<p>Ce sch\u00e9ma, issu d\u2019une large concertation avec les \u00e9tudiants et nos partenaires, vise \u00e0 placer l\u2019\u00e9tudiant au c\u0153ur du projet universitaire, en am\u00e9liorant son cadre de vie et ses conditions de r\u00e9ussite. Deux axes majeurs se d\u00e9gagent: la sant\u00e9, avec le renforcement du service de sant\u00e9 universitaire, et les rythmes \u00e9tudiants, qu\u2019il s\u2019agisse de l\u2019organisation de la semaine, des semestres ou m\u00eame du cursus complet. Il faut tenir compte des parcours plus vari\u00e9s d\u2019aujourd\u2019hui, comme les ann\u00e9es de c\u00e9sure ou l\u2019engagement associatif. Un \u00e9tudiant de 2025 ne suit plus ses \u00e9tudes comme il y a quinze ans.<\/p>\n","protected":false},"excerpt":{"rendered":"Depuis le 1er septembre, quelque 9 200 \u00e9tudiants font leur rentr\u00e9e \u00e0 l\u2019Universit\u00e9 de Toulon de fa\u00e7on \u00e9chelonn\u00e9e&hellip;\n","protected":false},"author":2,"featured_media":408682,"comment_status":"","ping_status":"","sticky":false,"template":"","format":"standard","meta":{"footnotes":""},"categories":[9619],"tags":[1111,11,1777,674,1011,27,4075,12,882,25,2310],"class_list":{"0":"post-408681","1":"post","2":"type-post","3":"status-publish","4":"format-standard","5":"has-post-thumbnail","7":"category-toulon","8":"tag-actu","9":"tag-actualites","10":"tag-eu","11":"tag-europe","12":"tag-fr","13":"tag-france","14":"tag-jeunesse","15":"tag-news","16":"tag-provence-alpes-cote-dazur","17":"tag-republique-francaise","18":"tag-toulon"},"share_on_mastodon":{"url":"https:\/\/pubeurope.com\/@fr\/115246132351805006","error":""},"_links":{"self":[{"href":"https:\/\/www.europesays.com\/fr\/wp-json\/wp\/v2\/posts\/408681","targetHints":{"allow":["GET"]}}],"collection":[{"href":"https:\/\/www.europesays.com\/fr\/wp-json\/wp\/v2\/posts"}],"about":[{"href":"https:\/\/www.europesays.com\/fr\/wp-json\/wp\/v2\/types\/post"}],"author":[{"embeddable":true,"href":"https:\/\/www.europesays.com\/fr\/wp-json\/wp\/v2\/users\/2"}],"replies":[{"embeddable":true,"href":"https:\/\/www.europesays.com\/fr\/wp-json\/wp\/v2\/comments?post=408681"}],"version-history":[{"count":0,"href":"https:\/\/www.europesays.com\/fr\/wp-json\/wp\/v2\/posts\/408681\/revisions"}],"wp:featuredmedia":[{"embeddable":true,"href":"https:\/\/www.europesays.com\/fr\/wp-json\/wp\/v2\/media\/408682"}],"wp:attachment":[{"href":"https:\/\/www.europesays.com\/fr\/wp-json\/wp\/v2\/media?parent=408681"}],"wp:term":[{"taxonomy":"category","embeddable":true,"href":"https:\/\/www.europesays.com\/fr\/wp-json\/wp\/v2\/categories?post=408681"},{"taxonomy":"post_tag","embeddable":true,"href":"https:\/\/www.europesays.com\/fr\/wp-json\/wp\/v2\/tags?post=408681"}],"curies":[{"name":"wp","href":"https:\/\/api.w.org\/{rel}","templated":true}]}}