{"id":408693,"date":"2025-09-22T04:52:16","date_gmt":"2025-09-22T04:52:16","guid":{"rendered":"https:\/\/www.europesays.com\/fr\/408693\/"},"modified":"2025-09-22T04:52:16","modified_gmt":"2025-09-22T04:52:16","slug":"municipales-2026-laurence-ruffin-sera-la-candidate-ecologiste-a-la-mairie-de-grenoble-6","status":"publish","type":"post","link":"https:\/\/www.europesays.com\/fr\/408693\/","title":{"rendered":"Municipales 2026. Laurence Ruffin sera la candidate \u00e9cologiste \u00e0 la mairie de Grenoble"},"content":{"rendered":"<p>Laurence Ruffin sera la cheffe de file des <a href=\"https:\/\/www.ouest-france.fr\/politique\/eelv\/\" target=\"_self\" rel=\"noopener\">\u00c9cologistes<\/a> lors des <a href=\"https:\/\/www.ouest-france.fr\/elections\/municipales\/\" target=\"_self\" rel=\"noopener\">\u00e9lections municipales<\/a> de <a href=\"https:\/\/nimes.maville.com\/\/\" target=\"_self\" rel=\"noopener\">Grenoble<\/a> en 2026, le <a href=\"https:\/\/nimes.maville.com\/actu\/actudet_-stupefiants-eric-piolle-appelle-a-tester-anonymement-elus-et-ministres-_54135-6664477_actu.Htm\" target=\"_self\" rel=\"noopener\">maire \u00e9cologiste sortant \u00c9ric Piolle ne se repr\u00e9sentant pas<\/a>.<\/p>\n<p><strong>\u00ab\u00a0Laurence Ruffin a \u00e9t\u00e9 d\u00e9sign\u00e9e t\u00eate de liste par les militant\u00b7es de notre rassemblement des gauches, des \u00e9cologistes et des citoyen\u00b7nes\u00a0\u00bb<\/strong>, indique dimanche 21\u00a0septembre 2025 un communiqu\u00e9 publi\u00e9 par les \u00c9cologistes et les partis qui les soutiennent dont le PCF ou G\u00e9n\u00e9ration\u00b7s.<\/p>\n<p><strong>\u00ab\u00a0J\u2019\u00e9prouve une grande \u00e9motion et une profonde gratitude \u00e0 l\u2019annonce de ma d\u00e9signation [\u2026] Je suis enthousiaste, et je mesure pleinement l\u2019honneur, la responsabilit\u00e9 et l\u2019exigence que cela repr\u00e9sente\u00a0\u00bb<\/strong>, a \u00e9galement d\u00e9clar\u00e9 Mme\u00a0Ruffin, s\u0153ur du d\u00e9put\u00e9 Fran\u00e7ois Ruffin (ex-LFI), dans ce communiqu\u00e9.<\/p>\n<p>\u00c2g\u00e9e de 47\u00a0ans, mari\u00e9e et m\u00e8re de deux enfants, Laurence Ruffin est dipl\u00f4m\u00e9e de l\u2019\u00e9cole de commerce Essec et s\u2019est install\u00e9e dans la r\u00e9gion grenobloise en 2003. Depuis 2009, elle dirige Alma, une Scop \u00e9ditrice de logiciels, dont elle a quitt\u00e9 courant 2025 la direction g\u00e9n\u00e9rale pour en rester pr\u00e9sidente. Elle n\u2019est affili\u00e9e ni aux \u00c9cologistes ni \u00e0 aucun parti politique.<\/p>\n<p>Le vote l\u2019opposait \u00e0 Lucille Lheureux (Les \u00c9cologistes), adjointe d\u2019\u00c9ric Piolle depuis son premier mandat, \u00e0 partir de 2014 &#8211; apr\u00e8s deux mandats, ce dernier ne se repr\u00e9sente pas.<\/p>\n<p>\u00ab\u00a0Insinuations, mensonges\u2026\u00a0\u00bb<\/p>\n<p>Deux autres candidats, initialement en lice, se sont d\u00e9sist\u00e9s dans les jours ayant pr\u00e9c\u00e9d\u00e9 le vote\u00a0: Nicolas Beron Perez (PCF), conseiller municipal grenoblois suivi de Margot Belair (Les \u00c9cologistes), autre adjointe au maire.<\/p>\n<p>Ces d\u00e9sistements sont intervenus dans un contexte tendu, apr\u00e8s les r\u00e9v\u00e9lations du Dauphin\u00e9 Lib\u00e9r\u00e9 selon lesquelles Lucille Lheureux aurait subi des <strong>\u00ab\u00a0pressions\u00a0\u00bb<\/strong> et des <strong>\u00ab\u00a0intimidations\u00a0\u00bb<\/strong> de la part du maire de Grenoble pour retirer sa candidature.<\/p>\n<p>Lucille Lheureux a saisi en ce sens la cellule d\u2019\u00e9coute et d\u2019orientation des \u00c9cologistes le 2\u00a0septembre.<\/p>\n<p>Selon M\u00e9diapart, dans sa lettre de signalement, elle assure qu\u2019\u00c9ric Piolle a fait <strong>\u00ab\u00a0des insinuations, des mensonges et des sous-entendus\u00a0\u00bb<\/strong> sur sa vie priv\u00e9e, pour lui<strong> \u00ab\u00a0faire peur\u00a0\u00bb<\/strong>, ce que l\u2019int\u00e9ress\u00e9 a d\u00e9menti aupr\u00e8s du m\u00e9dia d\u2019investigation.<\/p>\n<p><strong>\u00ab\u00a0(Eric) Piolle, sa candidate, c\u2019est Laurence Ruffin, ils sont tr\u00e8s proches. Depuis le d\u00e9but il fait tout pour l\u2019imposer\u00a0\u00bb<\/strong>, a d\u00e9clar\u00e9 \u00e0 l\u2019AFP un proche de Lucille Lheureux.<\/p>\n<p>\u00c9ric Piolle est lui-m\u00eame au c\u0153ur d\u2019une temp\u00eate judiciaire et politique. Depuis juin\u00a02024, une enqu\u00eate est ouverte \u00e0 son encontre notamment pour <strong>\u00ab\u00a0concussion\u00a0\u00bb<\/strong>, ce qui lui a valu mardi d\u2019\u00eatre <a href=\"https:\/\/nimes.maville.com\/actu\/actudet_-vise-par-une-enquete-eric-piolle-suspendu-de-son-mandat-de-porte-parole-des-ecologistes-_54135-6978659_actu.Htm\" target=\"_self\" rel=\"noopener\">suspendu <strong>\u00ab\u00a0\u00e0 titre conservatoire\u00a0\u00bb<\/strong> de ses fonctions de porte-parole des \u00c9cologistes<\/a>.<\/p>\n<p>\u00a0<\/p>\n","protected":false},"excerpt":{"rendered":"Laurence Ruffin sera la cheffe de file des \u00c9cologistes lors des \u00e9lections municipales de Grenoble en 2026, le&hellip;\n","protected":false},"author":2,"featured_media":408132,"comment_status":"","ping_status":"","sticky":false,"template":"","format":"standard","meta":{"footnotes":""},"categories":[9566],"tags":[5734,1111,11,2430,5108,25199,1777,674,1011,27,2731,35207,1781,5415,3554,12,25,53974],"class_list":{"0":"post-408693","1":"post","2":"type-post","3":"status-publish","4":"format-standard","5":"has-post-thumbnail","7":"category-grenoble","8":"tag-5734","9":"tag-actu","10":"tag-actualites","11":"tag-auvergne-rhone-alpes","12":"tag-candidate","13":"tag-ecologiste","14":"tag-eu","15":"tag-europe","16":"tag-fr","17":"tag-france","18":"tag-grenoble","19":"tag-laurence","20":"tag-lorient","21":"tag-mairie","22":"tag-municipales","23":"tag-news","24":"tag-republique-francaise","25":"tag-ruffin"},"share_on_mastodon":{"url":"https:\/\/pubeurope.com\/@fr\/115246159839299960","error":""},"_links":{"self":[{"href":"https:\/\/www.europesays.com\/fr\/wp-json\/wp\/v2\/posts\/408693","targetHints":{"allow":["GET"]}}],"collection":[{"href":"https:\/\/www.europesays.com\/fr\/wp-json\/wp\/v2\/posts"}],"about":[{"href":"https:\/\/www.europesays.com\/fr\/wp-json\/wp\/v2\/types\/post"}],"author":[{"embeddable":true,"href":"https:\/\/www.europesays.com\/fr\/wp-json\/wp\/v2\/users\/2"}],"replies":[{"embeddable":true,"href":"https:\/\/www.europesays.com\/fr\/wp-json\/wp\/v2\/comments?post=408693"}],"version-history":[{"count":0,"href":"https:\/\/www.europesays.com\/fr\/wp-json\/wp\/v2\/posts\/408693\/revisions"}],"wp:featuredmedia":[{"embeddable":true,"href":"https:\/\/www.europesays.com\/fr\/wp-json\/wp\/v2\/media\/408132"}],"wp:attachment":[{"href":"https:\/\/www.europesays.com\/fr\/wp-json\/wp\/v2\/media?parent=408693"}],"wp:term":[{"taxonomy":"category","embeddable":true,"href":"https:\/\/www.europesays.com\/fr\/wp-json\/wp\/v2\/categories?post=408693"},{"taxonomy":"post_tag","embeddable":true,"href":"https:\/\/www.europesays.com\/fr\/wp-json\/wp\/v2\/tags?post=408693"}],"curies":[{"name":"wp","href":"https:\/\/api.w.org\/{rel}","templated":true}]}}