{"id":408694,"date":"2025-09-22T04:53:09","date_gmt":"2025-09-22T04:53:09","guid":{"rendered":"https:\/\/www.europesays.com\/fr\/408694\/"},"modified":"2025-09-22T04:53:09","modified_gmt":"2025-09-22T04:53:09","slug":"vern-sur-seiche-le-leopard-blanc-accueille-des-ateliers-de-colorimetrie","status":"publish","type":"post","link":"https:\/\/www.europesays.com\/fr\/408694\/","title":{"rendered":"Vern-sur-Seiche. Le L\u00e9opard blanc accueille des ateliers de colorim\u00e9trie"},"content":{"rendered":"<p>Un atelier de colorim\u00e9trie avait lieu mercredi, au sein de la boutique Le L\u00e9opard blanc, de Ludivine Lefort, avec Lucie Poirier, conseill\u00e8re en image pour Luciole conseil.<\/p>\n<p>Conseill\u00e8re en image et passionn\u00e9e par l\u2019univers de l\u2019apparence, l\u2019intervenante accompagne les personnes \u00e0 prendre soin de leur image \u00e0 travers les couleurs, les cosm\u00e9tiques, les morphologies et les styles dans le respect de leur personnalit\u00e9 et de leurs objectifs. Mercredi, elle accompagnait chacune des femmes qui participaient \u00e0 identifier les couleurs qui les flatteraient le mieux.\u00a0Les couleurs ont le pouvoir d\u2019illuminer les visages, de r\u00e9v\u00e9ler les atouts et m\u00eame de souligner la personnalit\u00e9, souligne-t-elle, en faisant d\u00e9filer, devant chacune, tout un nuancier de coloris.Le passage de plusieurs foulards color\u00e9s permet d\u2019identifier la palette de couleurs qui correspond \u00e0 chacune.\u00a0<\/p>\n<p>La professionnelle a d\u00e9livr\u00e9 quelques astuces pour aider \u00e0 ajouter de la couleur aux tenues de mani\u00e8re harmonieuse et sans trop en faire. <strong>\u00ab\u00a0Les mauvaises couleurs ont un impact sur le visage. Elles peuvent en d\u00e9stabiliser l\u2019\u00e9clat, le rendre plus fatigu\u00e9 ou m\u00eame plus p\u00e2le\u00a0\u00bb, <\/strong>ajoute Lucie Poirier. Tout s\u2019explique par la colorim\u00e9trie, l\u2019\u00e9tude des couleurs et de leurs effets sur l\u2019apparence en fonction du teint. Les participantes ont pu b\u00e9n\u00e9ficier de son expertise pour une image harmonieuse. Chacune est repartie avec son nuancier personnel.<\/p>\n<p>\u00a0<\/p>\n","protected":false},"excerpt":{"rendered":"Un atelier de colorim\u00e9trie avait lieu mercredi, au sein de la boutique Le L\u00e9opard blanc, de Ludivine Lefort,&hellip;\n","protected":false},"author":2,"featured_media":408695,"comment_status":"","ping_status":"","sticky":false,"template":"","format":"standard","meta":{"footnotes":""},"categories":[2821],"tags":[7617,1111,11,10036,15021,829,54027,1777,674,1011,27,54026,12,3086,584,25,9310],"class_list":{"0":"post-408694","1":"post","2":"type-post","3":"status-publish","4":"format-standard","5":"has-post-thumbnail","7":"category-rennes","8":"tag-accueille","9":"tag-actu","10":"tag-actualites","11":"tag-ateliers","12":"tag-blanc","13":"tag-bretagne","14":"tag-colorimetrie","15":"tag-eu","16":"tag-europe","17":"tag-fr","18":"tag-france","19":"tag-leopard","20":"tag-news","21":"tag-redon","22":"tag-rennes","23":"tag-republique-francaise","24":"tag-vern-sur-seiche"},"share_on_mastodon":{"url":"https:\/\/pubeurope.com\/@fr\/115246163926619900","error":""},"_links":{"self":[{"href":"https:\/\/www.europesays.com\/fr\/wp-json\/wp\/v2\/posts\/408694","targetHints":{"allow":["GET"]}}],"collection":[{"href":"https:\/\/www.europesays.com\/fr\/wp-json\/wp\/v2\/posts"}],"about":[{"href":"https:\/\/www.europesays.com\/fr\/wp-json\/wp\/v2\/types\/post"}],"author":[{"embeddable":true,"href":"https:\/\/www.europesays.com\/fr\/wp-json\/wp\/v2\/users\/2"}],"replies":[{"embeddable":true,"href":"https:\/\/www.europesays.com\/fr\/wp-json\/wp\/v2\/comments?post=408694"}],"version-history":[{"count":0,"href":"https:\/\/www.europesays.com\/fr\/wp-json\/wp\/v2\/posts\/408694\/revisions"}],"wp:featuredmedia":[{"embeddable":true,"href":"https:\/\/www.europesays.com\/fr\/wp-json\/wp\/v2\/media\/408695"}],"wp:attachment":[{"href":"https:\/\/www.europesays.com\/fr\/wp-json\/wp\/v2\/media?parent=408694"}],"wp:term":[{"taxonomy":"category","embeddable":true,"href":"https:\/\/www.europesays.com\/fr\/wp-json\/wp\/v2\/categories?post=408694"},{"taxonomy":"post_tag","embeddable":true,"href":"https:\/\/www.europesays.com\/fr\/wp-json\/wp\/v2\/tags?post=408694"}],"curies":[{"name":"wp","href":"https:\/\/api.w.org\/{rel}","templated":true}]}}