{"id":408696,"date":"2025-09-22T04:54:09","date_gmt":"2025-09-22T04:54:09","guid":{"rendered":"https:\/\/www.europesays.com\/fr\/408696\/"},"modified":"2025-09-22T04:54:09","modified_gmt":"2025-09-22T04:54:09","slug":"rennes-sur-le-podium-des-villes-les-plus-cyclables-devant-nantes-bordeaux-et-lyon","status":"publish","type":"post","link":"https:\/\/www.europesays.com\/fr\/408696\/","title":{"rendered":"Rennes sur le podium des villes les plus cyclables, devant Nantes, Bordeaux et Lyon"},"content":{"rendered":"<p>            Par<br \/>\n        <strong><br \/>\n            <a href=\"https:\/\/actu.fr\/auteur\/clemence-pays02-actu-fr\" title=\"Consulter tous les articles de Cl\u00e9mence Pays\" target=\"_blank\" rel=\"noopener\">Cl\u00e9mence Pays<\/a><br \/>\n        <\/strong><\/p>\n<p>        Publi\u00e9 le<\/p>\n<p>            22 sept. 2025 \u00e0 6h12        <\/p>\n<p>\u00c0 <a href=\"https:\/\/actu.fr\/rennes\/\" target=\"_blank\" rel=\"noopener\">Rennes<\/a>, il fait bon p\u00e9daler. C\u2019est ce que r\u00e9v\u00e8le le <strong>Barom\u00e8tre des villes cyclables 2025,<\/strong> d\u00e9voil\u00e9 le 18\u00a0septembre, qui place la capitale de la Bretagne<strong> en 3e position<\/strong> du classement dans la cat\u00e9gorie Grandes villes (plus de 100\u2009000\u00a0habitants).<\/p>\n<p class=\" wall-content\">En premi\u00e8re position se trouve <a href=\"https:\/\/actu.fr\/grenoble\/\" target=\"_blank\" rel=\"noopener\">Grenoble<\/a>, suivi par <a href=\"https:\/\/actu.fr\/strasbourg\/\" target=\"_blank\" rel=\"noopener\">Strasbourg<\/a>, et donc Rennes.<\/p>\n<p>Le Barom\u00e8tre v\u00e9lo, comment \u00e7a fonctionne ? <\/p>\n<p>L\u2019enqu\u00eate du Barom\u00e8tre v\u00e9lo 2025 \u00e9tait accessible en ligne du 28 f\u00e9vrier au 3 juin 2025 sur le site d\u00e9di\u00e9. Elle s\u2019adressait aussi bien aux personnes d\u00e9j\u00e0 cyclistes qu\u2019\u00e0 celles qui ne le sont pas mais souhaitent le devenir si les conditions s\u2019am\u00e9liorent dans leur commune.<\/p>\n<p>Les cyclistes r\u00e9pondants ont donn\u00e9 leur avis sur les 5 composantes essentielles d\u2019un climat v\u00e9lo la s\u00e9curit\u00e9 de son d\u00e9placement \u00e0 v\u00e9lo ; le confort de son trajet (entretien, signalisation, etc.) ; les efforts de la commune pour am\u00e9liorer la situation ; l\u2019\u00e9quipement de la commune en stationnement v\u00e9lo et services essentiels (r\u00e9paration, entretien, etc.) ; le ressenti g\u00e9n\u00e9ral.<\/p>\n<p>Une note par commune est calcul\u00e9e \u00e0 partir des moyennes de ces th\u00e9matiques, pour les communes ayant re\u00e7u un nombre suffisant de contributions de cyclistes. Celui-ci est fix\u00e9 \u00e0 50 contributions pour les communes de plus de 5 000 habitant\u00b7e\u00b7s., 30 pour celles ayant une population inf\u00e9rieure.<\/p>\n<p>Un programme de s\u00e9curisation<\/p>\n<p class=\" wall-content\">\u00ab\u2009La progression la plus marquante r\u00e9side dans la <strong>note g\u00e9n\u00e9rale<\/strong> attribu\u00e9e par les r\u00e9pondantes et r\u00e9pondants, qui passe de 3,74 (mention C) \u00e0<strong> 4,03 (mention B).<\/strong> Cette am\u00e9lioration significative traduit une perception plus positive des cyclistes quant aux am\u00e9nagements, aux conditions de circulation et \u00e0 la s\u00e9curit\u00e9\u2009\u00bb, r\u00e9agit la Ville de Rennes.<\/p>\n<p class=\" wall-content\">Face \u00e0 cette \u00e9volution positive, la municipalit\u00e9 met en avant son \u00ab\u2009large <strong>programme de s\u00e9curisation<\/strong> des carrefours et intersections\u2009\u00bb ainsi que <a href=\"https:\/\/actu.fr\/bretagne\/rennes_35238\/reseau-express-velo-a-rennes-de-nouvelles-lignes-attendues-en-2025-ou-en-sont-les-travaux_62228153.html\" target=\"_blank\" rel=\"noopener\">le d\u00e9veloppement du R\u00e9seau express v\u00e9lo (Rev)<\/a>.<\/p>\n<blockquote class=\"ac-article-quote wall-content\">\n<p>L&rsquo;offre de stationnement et les services propos\u00e9s \u00e0 l&rsquo;attention des cyclistes se sont am\u00e9lior\u00e9s (v\u00e9los libre-service, location longue dur\u00e9e, maison du v\u00e9lo, d\u00e9veloppement du stationnement ferm\u00e9, etc.), avec une note globale qui passe de B \u00e0 A.<\/p>\n<p>    <strong>Ville de Rennes<\/strong><br \/>\n        Communiqu\u00e9 de presse    <\/p><\/blockquote>\n<p class=\" wall-content\">Des services n\u00e9cessaires puisque selon la ville, le trafic v\u00e9lo a <strong>augment\u00e9 de 96\u2009% entre\u00a02019 et\u00a02024<\/strong> \u00ab\u2009sur la ligne \u00e9cran voie ferr\u00e9e\u2009\u00bb.<\/p>\n<p>Votre r\u00e9gion, votre actu !<\/p>\n<p>Recevez chaque jour les infos qui comptent pour vous.<\/p>\n<p>\t<a href=\"https:\/\/actu.fr\/newsletter\" class=\"ac-btn ac-btn--corner ac-btn--medium ac-btn--blue800\" target=\"_blank\" rel=\"noopener\">S&rsquo;incrire<\/a><br \/>\nD\u2019autres communes d\u2019Ille-et-Vilaine bien not\u00e9es<\/p>\n<p class=\" wall-content\"><strong>Dans le bassin rennais d\u2019autres villes se voient r\u00e9compens\u00e9es<\/strong> par une bonne note. C\u2019est notamment le cas du <a href=\"https:\/\/actu.fr\/bretagne\/le-rheu_35240\" target=\"_blank\" rel=\"noopener\">Rheu<\/a> (3,98\u2009; mention B\u2009; cat\u00e9gorie Petites villes), de <a href=\"https:\/\/actu.fr\/bretagne\/saint-jacques-de-la-lande_35281\" target=\"_blank\" rel=\"noopener\">Saint-Jacques-de-la-Lande<\/a> (4,15\u2009; mention B\u2009; cat\u00e9gorie Communes de banlieue), ou encore de <a href=\"https:\/\/actu.fr\/bretagne\/la-chapelle-des-fougeretz_35059\" target=\"_blank\" rel=\"noopener\">La Chapelle-des-Fougeretz<\/a> (4,02\u2009; mention B\u2009; cat\u00e9gorie Communes de banlieue) et <a href=\"https:\/\/actu.fr\/bretagne\/la-meziere_35177\" target=\"_blank\" rel=\"noopener\">La M\u00e9zi\u00e8re<\/a> (4,08\u2009; mention B\u2009; cat\u00e9gorie Petites villes).<\/p>\n<p class=\" wall-content\"><a href=\"https:\/\/actu.fr\/bretagne\/acigne_35001\" target=\"_blank\" rel=\"noopener\">Acign\u00e9<\/a> tire son \u00e9pingle du jeu avec une <strong>note de 4,37 (mention A)<\/strong> et se positionne <strong>en 4e position<\/strong> du classement Petites villes.<\/p>\n<p class=\" wall-content\">Pour d\u00e9couvrir les r\u00e9sultats de votre commune, <a href=\"https:\/\/www.barometre-velo.fr\/2025\/palmares\/#5.5\/47.201\/1.971\" target=\"_blank\" rel=\"noopener\">cliquez ici<\/a> pour acc\u00e9der \u00e0 la carte interactive.<\/p>\n<p class=\" wall-content\">Personnalisez votre actualit\u00e9 en ajoutant vos villes et m\u00e9dias en favori avec <a href=\"https:\/\/moncompte.actu.fr\" title=\"D\u00e9couvez Mon Actu\" rel=\"nofollow noopener\" data-trk=\"{&quot;cta&quot;:{&quot;action&quot;:&quot;https:\\\/\\\/moncompte.actu.fr&quot;,&quot;category&quot;:&quot;mon compte&quot;,&quot;from&quot;:&quot;article footer&quot;,&quot;name&quot;:&quot;Mon actu&quot;,&quot;type&quot;:&quot;cta&quot;}}\" target=\"_blank\">Mon Actu<\/a>.<\/p>\n","protected":false},"excerpt":{"rendered":"Par Cl\u00e9mence Pays Publi\u00e9 le 22 sept. 2025 \u00e0 6h12 \u00c0 Rennes, il fait bon p\u00e9daler. C\u2019est ce&hellip;\n","protected":false},"author":2,"featured_media":408697,"comment_status":"","ping_status":"","sticky":false,"template":"","format":"standard","meta":{"footnotes":""},"categories":[2821],"tags":[1111,11,829,1777,674,1011,27,12,584,25,104,1352,208],"class_list":{"0":"post-408696","1":"post","2":"type-post","3":"status-publish","4":"format-standard","5":"has-post-thumbnail","7":"category-rennes","8":"tag-actu","9":"tag-actualites","10":"tag-bretagne","11":"tag-eu","12":"tag-europe","13":"tag-fr","14":"tag-france","15":"tag-news","16":"tag-rennes","17":"tag-republique-francaise","18":"tag-societe","19":"tag-urbanisme","20":"tag-velo"},"share_on_mastodon":{"url":"https:\/\/pubeurope.com\/@fr\/115246167786375686","error":""},"_links":{"self":[{"href":"https:\/\/www.europesays.com\/fr\/wp-json\/wp\/v2\/posts\/408696","targetHints":{"allow":["GET"]}}],"collection":[{"href":"https:\/\/www.europesays.com\/fr\/wp-json\/wp\/v2\/posts"}],"about":[{"href":"https:\/\/www.europesays.com\/fr\/wp-json\/wp\/v2\/types\/post"}],"author":[{"embeddable":true,"href":"https:\/\/www.europesays.com\/fr\/wp-json\/wp\/v2\/users\/2"}],"replies":[{"embeddable":true,"href":"https:\/\/www.europesays.com\/fr\/wp-json\/wp\/v2\/comments?post=408696"}],"version-history":[{"count":0,"href":"https:\/\/www.europesays.com\/fr\/wp-json\/wp\/v2\/posts\/408696\/revisions"}],"wp:featuredmedia":[{"embeddable":true,"href":"https:\/\/www.europesays.com\/fr\/wp-json\/wp\/v2\/media\/408697"}],"wp:attachment":[{"href":"https:\/\/www.europesays.com\/fr\/wp-json\/wp\/v2\/media?parent=408696"}],"wp:term":[{"taxonomy":"category","embeddable":true,"href":"https:\/\/www.europesays.com\/fr\/wp-json\/wp\/v2\/categories?post=408696"},{"taxonomy":"post_tag","embeddable":true,"href":"https:\/\/www.europesays.com\/fr\/wp-json\/wp\/v2\/tags?post=408696"}],"curies":[{"name":"wp","href":"https:\/\/api.w.org\/{rel}","templated":true}]}}