{"id":408710,"date":"2025-09-22T05:01:13","date_gmt":"2025-09-22T05:01:13","guid":{"rendered":"https:\/\/www.europesays.com\/fr\/408710\/"},"modified":"2025-09-22T05:01:13","modified_gmt":"2025-09-22T05:01:13","slug":"a-merignac-les-locataires-de-la-residence-yser-bientot-renovee-veulent-etre-enfin-prioritaires","status":"publish","type":"post","link":"https:\/\/www.europesays.com\/fr\/408710\/","title":{"rendered":"A M\u00e9rignac, les locataires de la r\u00e9sidence Yser, bient\u00f4t r\u00e9nov\u00e9e, veulent \u00eatre enfin prioritaires"},"content":{"rendered":"<p class=\"wp-block-post-excerpt__excerpt\">La concertation sur le renouvellement urbain de ce quartier de M\u00e9rignac s\u2019est cl\u00f4tur\u00e9e ce jeudi 18 septembre. Domofrance, la mairie et Bordeaux M\u00e9tropole, ont pr\u00e9sent\u00e9 les axes intangibles du projet \u2013 r\u00e9novation des logements, cr\u00e9ation d\u2019une rue, d\u00e9molitions-reconstructions\u2026 -, sans emballer des habitants d\u2019abord pr\u00e9occup\u00e9s par l\u2019insalubrit\u00e9 de leurs domiciles. <\/p>\n<p><a href=\"https:\/\/rue89bordeaux.com\/category\/kiosque-abonne\/\" rel=\"tag noopener\" target=\"_blank\">\u00c9dition abonn\u00e9s<\/a>, <a href=\"https:\/\/rue89bordeaux.com\/category\/reportage\/\" rel=\"tag noopener\" target=\"_blank\">Reportage<\/a><\/p>\n<p>Simon Barth\u00e9l\u00e9my<\/p>\n<p>Publi\u00e9 le 22 septembre 2025\u00a0\u00a0\u00b7\u00a0\u00a0<\/p>\n<p>Imprim\u00e9 le 22 septembre 2025 \u00e0 07h01\u00a0\u00a0\u00b7\u00a0\u00a0<\/p>\n<p>\t\t\t\t\t4\u00a0minutes\n<\/p>\n<p>Il est presque 20h ce jeudi 18 septembre et la r\u00e9union publique sur <a href=\"https:\/\/rue89bordeaux.com\/2025\/09\/encore-des-demolitions-de-logements-sociaux-envisagees-dans-un-quartier-de-la-metropole-de-bordeaux\/\" target=\"_blank\" rel=\"noreferrer noopener\">le projet de renouvellement de la r\u00e9sidence Yser<\/a> est sur le point de s\u2019achever \u00e0 la Maison des associations de M\u00e9rignac, quand une jeune femme prend la parole.<\/p>\n<blockquote class=\"wp-block-quote is-layout-flow wp-block-quote-is-layout-flow\">\n<p>\u00ab\u00a0Nos logements restent insalubres, il y a des moisissures partout, les canalisations sont bouch\u00e9es, chez nous des volets sont cas\u00e9s mais la CGMI [NDLR : la soci\u00e9t\u00e9 assurant la maintenance pour le bailleur social du quartierl, Domofrance] nous dit qu\u2019ils ne peuvent pas \u00eatre r\u00e9par\u00e9s car ils sont trop anciens. Alors j\u2019aimerais savoir concr\u00e8tement ce qui va \u00eatre fait.\u00a0\u00bb<\/p>\n<\/blockquote>\n<p>Cette habitante de 21 ans, qui vit avec sa m\u00e8re, affirme \u00ab\u00a0\u00eatre n\u00e9e dans son salon\u00a0\u00bb, conna\u00eetre le quartier \u00ab\u00a0comme les 5 doigts de la main\u00a0\u00bb, et entendre depuis sont enfance que des projets vont \u00eatre lanc\u00e9s. Aussi, elle reste sceptique devant celui pr\u00e9sent\u00e9 pendant une heure par Domofrance, la mairie de M\u00e9rignac, Bordeaux M\u00e9tropole et leurs prestataires.<\/p>\n<p>\t\tDomofrance \u00ab\u00a0pas tr\u00e8s fier\u00a0\u00bb<\/p>\n<p>Et son incompr\u00e9hension est partag\u00e9e par plusieurs participants \u00e0 cette r\u00e9union : \u00ab\u00a0Tous les deux ans mon assurance est r\u00e9sili\u00e9e suite \u00e0 des inondations dans mon appartement, je voudrais savoir comment je fais\u00a0\u00bb, commente une autre habitante, en r\u00e9f\u00e9rence \u00e0 un probl\u00e8me d\u2019infiltrations commun \u00e0 plusieurs immeubles.<\/p>\n<blockquote class=\"wp-block-quote is-layout-flow wp-block-quote-is-layout-flow\">\n<p>\u00ab\u00a0C\u2019est un projet pas pour nous, s\u2019insurge ainsi une autre dame. On habite dans une merde et vous nous parlez d\u2019abord de faire une rue et d\u2019agrandir la MJC !\u00a0\u00bb<\/p>\n<\/blockquote>\n<p>\u00ab\u00a0La r\u00e9habilitation des logements c\u2019est le premier acte du projet\u00a0\u00bb, r\u00e9pondent ses promoteurs, assurant que celle-ci repr\u00e9sentera un investissement de 100000\u20ac par logement, pour 268 r\u00e9nov\u00e9s \u00e0 terme sur les 342 de la r\u00e9sidence. Mais la nature exacte des travaux (isolation ext\u00e9rieure, ventilation, r\u00e9novation des pi\u00e8ces d\u2019eau, remises aux normes\u2026) n\u2019est pas encore connue.<\/p>\n<p>Rue89 Bordeaux a besoin de vos dons<\/p>\n<p>Mille mercis \u00e0 nos 131 donateurs ! Gr\u00e2ce \u00e0 vous, nous avons atteint notre objectif initial de 10\u202f000\u202f\u20ac. Ce soutien va nous permettre de renflouer notre tr\u00e9sorerie, apr\u00e8s le d\u00e9sengagement en 2025 d\u2019un annonceur important \u2013 Bordeaux M\u00e9tropole \u2013 et de r\u00e9gler nos factures en attente.<br \/>Cependant, la cagnotte reste ouverte jusqu\u2019\u00e0 fin septembre afin de vous laisser l\u2019occasion de continuer \u00e0 soutenir votre m\u00e9dia ind\u00e9pendant. Chaque don est d\u00e9ductible des imp\u00f4ts \u00e0 hauteur de 66\u202f%. En recevoir davantage nous permettra de consolider nos finances, d\u2019envisager une rentr\u00e9e sereine, et surtout, d\u2019enrichir nos contenus et de renforcer notre r\u00e9daction.<\/p>\n<p><\/p>\n<p>Lisez la suite pour 1\u20ac<\/p>\n<p>En profitant de notre offre d\u2019essai, r\u00e9siliable en ligne \u00e0 tout moment.<\/p>\n<p><strong>Pour acc\u00e9der \u00e0 cet article, il faut \u00eatre abonn\u00e9. Pourquoi\u00a0?<\/strong><\/p>\n<p>Les informations exclusives, les enqu\u00eates et certains reportages constituent l\u2019\u00e9dition abonn\u00e9s de Rue89 Bordeaux. En tant que m\u00e9dia ind\u00e9pendant, nos ressources proviennent de nos lectrices et lecteurs abonn\u00e9s, aucun milliardaire ni groupe bancaire ne nous finance.<\/p>\n<p>Nous demandons \u00e0 nos lecteurs une faible contribution pour disposer \u00e0 Bordeaux d\u2019un m\u00e9dia critique des pouvoirs, capable d\u2019enqu\u00eater et de traiter les enjeux locaux en profondeur et dans la dur\u00e9e.<\/p>\n<p>Chaque abonnement compte. Toutes nos recettes sont investies dans un journalisme local ind\u00e9pendant, dont la force et la r\u00e9activit\u00e9 d\u00e9pend directement du nombre d\u2019abonn\u00e9s actifs.<\/p>\n<p class=\"has-text-align-right\"><strong><a href=\"https:\/\/rue89bordeaux.com\/?p=128375\" data-type=\"page\" data-id=\"0\" target=\"_blank\" rel=\"noopener\">Je m\u2019abonne\u00a0 <\/a><\/strong><\/p>\n<p>\t\t\t<a href=\"https:\/\/rue89bordeaux.com\/\" class=\"custom-logo-link\" rel=\"home noopener\" target=\"_blank\"><img loading=\"lazy\" decoding=\"async\" width=\"290\" height=\"49\" src=\"https:\/\/www.europesays.com\/fr\/wp-content\/uploads\/2025\/04\/logo.png\" class=\"custom-logo\" alt=\"Rue89Bordeaux Enqu\u00eates et informations de proximit\u00e9\"  \/><\/a><\/p>\n<p>\n\t\t\t\tAbonnez-vous maintenant pour suivre l\u2019actualit\u00e9 locale.\t\t\t<\/p>\n<p class=\"font-bold font-serif-heading mb-2 text-4xl\">\n\t\t\t\t\t\tL\u2019investigation locale \u00e0 port\u00e9e de main.\n\t\t\t\t\t<\/p>\n<p>\n\t\t\t\t\t\tAbonnez-vous et profitez d\u2019un acc\u00e8s illimit\u00e9 \u00e0 Rue89Bordeaux. Annulez quand vous voulez.\n\t\t\t\t\t<\/p>\n<p class=\"xl:text-sm\">\n\t\t\t\t\tD\u00e9j\u00e0 abonn\u00e9\u00a0?<br \/>\n\t\t\t\t\t<a class=\"border border-transparent text-center transition-colors duration-instant focus:border-info focus:rounded focus:shadow-focus cursor-pointer text-black hover:text-gray-700 active:bg-black-700 font-semibold inline-block\" href=\"https:\/\/rue89bordeaux.com\/user\/login\/?redirect=\/2025\/09\/a-merignac-les-locataires-de-la-residence-yser-bientot-renovee-veulent-etre-enfin-prioritaires\/\" target=\"_blank\" rel=\"noopener\">Connectez-vous<\/a>\t\t\t\t<\/p>\n<p>\n\t\t\t\tChoisissez votre formule\u00a0:\n\t\t\t<\/p>\n<p>\t\t\t\tFermer<\/p>\n","protected":false},"excerpt":{"rendered":"La concertation sur le renouvellement urbain de ce quartier de M\u00e9rignac s\u2019est cl\u00f4tur\u00e9e ce jeudi 18 septembre. Domofrance,&hellip;\n","protected":false},"author":2,"featured_media":408711,"comment_status":"","ping_status":"","sticky":false,"template":"","format":"standard","meta":{"footnotes":""},"categories":[2817],"tags":[1111,11,1997,54029,1777,674,1011,27,1908,12304,12,2219,25,1352],"class_list":{"0":"post-408710","1":"post","2":"type-post","3":"status-publish","4":"format-standard","5":"has-post-thumbnail","7":"category-bordeaux","8":"tag-actu","9":"tag-actualites","10":"tag-bordeaux","11":"tag-domofrance","12":"tag-eu","13":"tag-europe","14":"tag-fr","15":"tag-france","16":"tag-logement","17":"tag-merignac","18":"tag-news","19":"tag-nouvelle-aquitaine","20":"tag-republique-francaise","21":"tag-urbanisme"},"share_on_mastodon":{"url":"https:\/\/pubeurope.com\/@fr\/115246195297642768","error":""},"_links":{"self":[{"href":"https:\/\/www.europesays.com\/fr\/wp-json\/wp\/v2\/posts\/408710","targetHints":{"allow":["GET"]}}],"collection":[{"href":"https:\/\/www.europesays.com\/fr\/wp-json\/wp\/v2\/posts"}],"about":[{"href":"https:\/\/www.europesays.com\/fr\/wp-json\/wp\/v2\/types\/post"}],"author":[{"embeddable":true,"href":"https:\/\/www.europesays.com\/fr\/wp-json\/wp\/v2\/users\/2"}],"replies":[{"embeddable":true,"href":"https:\/\/www.europesays.com\/fr\/wp-json\/wp\/v2\/comments?post=408710"}],"version-history":[{"count":0,"href":"https:\/\/www.europesays.com\/fr\/wp-json\/wp\/v2\/posts\/408710\/revisions"}],"wp:featuredmedia":[{"embeddable":true,"href":"https:\/\/www.europesays.com\/fr\/wp-json\/wp\/v2\/media\/408711"}],"wp:attachment":[{"href":"https:\/\/www.europesays.com\/fr\/wp-json\/wp\/v2\/media?parent=408710"}],"wp:term":[{"taxonomy":"category","embeddable":true,"href":"https:\/\/www.europesays.com\/fr\/wp-json\/wp\/v2\/categories?post=408710"},{"taxonomy":"post_tag","embeddable":true,"href":"https:\/\/www.europesays.com\/fr\/wp-json\/wp\/v2\/tags?post=408710"}],"curies":[{"name":"wp","href":"https:\/\/api.w.org\/{rel}","templated":true}]}}