{"id":408717,"date":"2025-09-22T05:06:21","date_gmt":"2025-09-22T05:06:21","guid":{"rendered":"https:\/\/www.europesays.com\/fr\/408717\/"},"modified":"2025-09-22T05:06:21","modified_gmt":"2025-09-22T05:06:21","slug":"grisaille-fraicheur-pluie-lautomne-sinstalle-la-meteo-de-la-semaine-dans-le-nord","status":"publish","type":"post","link":"https:\/\/www.europesays.com\/fr\/408717\/","title":{"rendered":"Grisaille, fra\u00eecheur, pluie&#8230; L&rsquo;automne s&rsquo;installe : la m\u00e9t\u00e9o de la semaine dans le Nord"},"content":{"rendered":"<p>            Par<br \/>\n        <strong><br \/>\n            <a href=\"https:\/\/actu.fr\/auteur\/hervine-mahaud\" title=\"Consulter tous les articles de Hervine Mahaud\" rel=\"nofollow noopener\" target=\"_blank\">Hervine Mahaud<\/a><br \/>\n        <\/strong><\/p>\n<p>        Publi\u00e9 le<\/p>\n<p>            22 sept. 2025 \u00e0 6h10        <\/p>\n<p>Le calendrier ne trompe pas : depuis <a href=\"https:\/\/actu.fr\/lifestyle\/pourquoi-l-automne-commence-t-il-ce-lundi-22-septembre-et-pas-ce-dimanche-21_63188991.html\" rel=\"nofollow noopener\" target=\"_blank\">l\u2019\u00e9quinoxe du 22 septembre 2025<\/a>, <b>l\u2019automne est l\u00e0<\/b>. Et dans le <b>Nord \u2013 Pas-de-Calais<\/b> comme \u00e0 <a href=\"https:\/\/actu.fr\/lille\/\" rel=\"nofollow noopener\" target=\"_blank\">Lille<\/a>, la <a href=\"https:\/\/actu.fr\/lille\/meteo\" rel=\"nofollow noopener\" target=\"_blank\">m\u00e9t\u00e9o<\/a> suit le mouvement. Fini la douceur estivale persistante, place \u00e0 une atmosph\u00e8re plus fra\u00eeche, des matins qui piquent un peu et des apr\u00e8s-midis encore agr\u00e9ables sous un ciel changeant.<\/p>\n<p>L\u2019automne prend ses quartiers d\u00e8s cette semaine<\/p>\n<p class=\" wall-content\">Ce lundi, la semaine d\u00e9marre sous des nuages bas et quelques bruines \u00e9parses, comme pour rappeler aux habitants que l\u2019\u00e9t\u00e9 appartient d\u00e9sormais au pass\u00e9. Mais l\u2019\u00e9claircie ne va pas tarder, offrant aux Lillois un ciel plus d\u00e9gag\u00e9 et des temp\u00e9ratures qui vont s\u2019installer autour de 16 \u00e0 17 \u00b0C en journ\u00e9e. Les nuits, elles, s\u2019annoncent d\u00e9j\u00e0 bien fra\u00eeches, avec le mercure qui fr\u00f4le les 9 \u00b0C.<\/p>\n<p class=\" wall-content\">Dans les jours qui viennent, le ciel jouera \u00e0 cache-cache avec le soleil. Mardi et mercredi devraient alterner entre nuages et belles trou\u00e9es lumineuses, sans pluie notable. Les matin\u00e9es resteront fra\u00eeches, parfois en dessous des 10 \u00b0C, mais les apr\u00e8s-midis remonteront doucement jusqu\u2019\u00e0 18 ou 19 \u00b0C. Une m\u00e9t\u00e9o classique pour la r\u00e9gion \u00e0 cette p\u00e9riode de l\u2019ann\u00e9e, o\u00f9 l\u2019on enfile une veste le matin pour la quitter \u00e0 l\u2019heure du d\u00e9jeuner.<\/p>\n<p class=\" wall-content\">La fin de semaine s\u2019annonce m\u00eame plut\u00f4t cl\u00e9mente. Vendredi et samedi devraient offrir de beaux moments d\u2019ensoleillement, dans une ambiance douce pour la saison. Le thermom\u00e8tre pourrait flirter avec les 20 \u00b0C l\u2019apr\u00e8s-midi, mais les nuits, elles, rappelleront que l\u2019automne est bien l\u00e0, descendant r\u00e9guli\u00e8rement en dessous des 10 \u00b0C.<\/p>\n<p class=\" wall-content\">Pas de grandes temp\u00eates ni de v\u00e9ritables coups de froid donc, mais une m\u00e9t\u00e9o qui installe doucement la saison. Les grandes chaleurs sont derri\u00e8re nous, et les jours raccourcissent d\u00e9sormais sensiblement. Un temps de transition, id\u00e9al pour profiter encore des terrasses l\u2019apr\u00e8s-midi, tout en ressortant les pulls pour les soir\u00e9es.<\/p>\n<p class=\" wall-content\">Personnalisez votre actualit\u00e9 en ajoutant vos villes et m\u00e9dias en favori avec <a href=\"https:\/\/moncompte.actu.fr\" title=\"D\u00e9couvez Mon Actu\" rel=\"nofollow noopener\" data-trk=\"{&quot;cta&quot;:{&quot;action&quot;:&quot;https:\\\/\\\/moncompte.actu.fr&quot;,&quot;category&quot;:&quot;mon compte&quot;,&quot;from&quot;:&quot;article footer&quot;,&quot;name&quot;:&quot;Mon actu&quot;,&quot;type&quot;:&quot;cta&quot;}}\" target=\"_blank\">Mon Actu<\/a>.<\/p>\n","protected":false},"excerpt":{"rendered":"Par Hervine Mahaud Publi\u00e9 le 22 sept. 2025 \u00e0 6h10 Le calendrier ne trompe pas : depuis l\u2019\u00e9quinoxe&hellip;\n","protected":false},"author":2,"featured_media":408718,"comment_status":"","ping_status":"","sticky":false,"template":"","format":"standard","meta":{"footnotes":""},"categories":[2815],"tags":[1111,11,1777,674,1011,27,811,1307,2357,12,25,104],"class_list":{"0":"post-408717","1":"post","2":"type-post","3":"status-publish","4":"format-standard","5":"has-post-thumbnail","7":"category-lille","8":"tag-actu","9":"tag-actualites","10":"tag-eu","11":"tag-europe","12":"tag-fr","13":"tag-france","14":"tag-hauts-de-france","15":"tag-lille","16":"tag-meteo-france","17":"tag-news","18":"tag-republique-francaise","19":"tag-societe"},"share_on_mastodon":{"url":"https:\/\/pubeurope.com\/@fr\/115246214864691039","error":""},"_links":{"self":[{"href":"https:\/\/www.europesays.com\/fr\/wp-json\/wp\/v2\/posts\/408717","targetHints":{"allow":["GET"]}}],"collection":[{"href":"https:\/\/www.europesays.com\/fr\/wp-json\/wp\/v2\/posts"}],"about":[{"href":"https:\/\/www.europesays.com\/fr\/wp-json\/wp\/v2\/types\/post"}],"author":[{"embeddable":true,"href":"https:\/\/www.europesays.com\/fr\/wp-json\/wp\/v2\/users\/2"}],"replies":[{"embeddable":true,"href":"https:\/\/www.europesays.com\/fr\/wp-json\/wp\/v2\/comments?post=408717"}],"version-history":[{"count":0,"href":"https:\/\/www.europesays.com\/fr\/wp-json\/wp\/v2\/posts\/408717\/revisions"}],"wp:featuredmedia":[{"embeddable":true,"href":"https:\/\/www.europesays.com\/fr\/wp-json\/wp\/v2\/media\/408718"}],"wp:attachment":[{"href":"https:\/\/www.europesays.com\/fr\/wp-json\/wp\/v2\/media?parent=408717"}],"wp:term":[{"taxonomy":"category","embeddable":true,"href":"https:\/\/www.europesays.com\/fr\/wp-json\/wp\/v2\/categories?post=408717"},{"taxonomy":"post_tag","embeddable":true,"href":"https:\/\/www.europesays.com\/fr\/wp-json\/wp\/v2\/tags?post=408717"}],"curies":[{"name":"wp","href":"https:\/\/api.w.org\/{rel}","templated":true}]}}