{"id":408720,"date":"2025-09-22T05:09:10","date_gmt":"2025-09-22T05:09:10","guid":{"rendered":"https:\/\/www.europesays.com\/fr\/408720\/"},"modified":"2025-09-22T05:09:10","modified_gmt":"2025-09-22T05:09:10","slug":"plongee-au-coeur-de-la-prison-surpeuplee-des-baumettes-a-marseille","status":"publish","type":"post","link":"https:\/\/www.europesays.com\/fr\/408720\/","title":{"rendered":"plong\u00e9e au c\u0153ur de la prison surpeupl\u00e9e des Baumettes \u00e0 Marseille"},"content":{"rendered":"<p><strong>REPORTAGE &#8211; <\/strong>Pr\u00e8s d\u2019un an apr\u00e8s le meurtre de Robin Cotta, ce d\u00e9tenu en d\u00e9tention provisoire tu\u00e9 par un cod\u00e9tenu condamn\u00e9 et d\u00e9j\u00e0 caract\u00e9ris\u00e9 comme potentiellement dangereux, le d\u00e9put\u00e9 de Marseille Hendrik Davi a r\u00e9alis\u00e9 une visite inopin\u00e9e des Baumettes, et en dresse un amer constat.<\/p>\n<p class=\"fig-paragraph\">C\u2019\u00e9tait le 4 octobre dernier, il y a presque un an. Derri\u00e8re les murs des\u00a0<a href=\"http:\/\/www.lefigaro.fr\/marseille\/surpopulation-manque-d-effectif-pas-encore-ouverte-l-extension-des-baumettes-inquiete-deja-a-marseille-20250703\" data-fig-type=\"NewsFlash\" data-gtm-custom-categorie=\"navigation\" data-gtm-custom-action=\"crossclick\" data-gtm-custom-label=\"Contextuel\" data-gtm-event=\"customEventSPE\" data-fig-domain=\"LEFIGARO\" target=\"_blank\" rel=\"noopener\">Baumettes<\/a>, un jeune d\u00e9tenu,\u00a0<a href=\"http:\/\/www.lefigaro.fr\/marseille\/mon-fils-a-ete-massacre-et-je-l-ai-appris-par-la-presse-le-combat-de-la-mere-de-robin-cotta-egorge-a-la-prison-des-baumettes-20250123\" data-fig-type=\"NewsFlash\" data-gtm-custom-categorie=\"navigation\" data-gtm-custom-action=\"crossclick\" data-gtm-custom-label=\"Contextuel\" data-gtm-event=\"customEventSPE\" data-fig-domain=\"LEFIGARO\" target=\"_blank\" rel=\"noopener\">Robin Cotta<\/a>, perdait la vie, \u00e9gorg\u00e9 par son cod\u00e9tenu. Robin Cotta se trouvait dans le quartier des arrivants dans le cadre d\u2019une d\u00e9tention provisoire. Mais, fait totalement anormal en France, il partageait sa cellule avec un cod\u00e9tenu qui lui, avait fait l\u2019objet d\u2019une condamnation, et donc ne devait pas \u00eatre dans ce b\u00e2timent.<\/p>\n<p class=\"fig-paragraph\">Un r\u00e9cent rapport r\u00e9v\u00e9l\u00e9 par\u00a0<a href=\"https:\/\/www.radiofrance.fr\/franceinter\/podcasts\/l-info-de-france-inter\/l-info-de-france-inter-4693168\" target=\"_blank\" rel=\"sponsored noopener\" data-gtm-custom-categorie=\"navigation\" data-gtm-custom-action=\"crossclick\" data-gtm-custom-label=\"Contextuel\" data-gtm-event=\"customEventSPE\">Radio France<\/a>\u00a0pointe de graves dysfonctionnements derri\u00e8re ce d\u00e9c\u00e8s dans le fonctionnement du quartier des arrivants, affirmant notamment que Robin Cotta, se sentant en danger, avait alert\u00e9 \u00e0 plusieurs reprises l\u2019administration p\u00e9nitentiaire. Pr\u00e8s d\u2019un an apr\u00e8s, jeudi 18 septembre, le d\u00e9put\u00e9 de Marseille ex-LFI\u00a0<a href=\"http:\/\/www.lefigaro.fr\/marseille\/a-marseille-la-candidature-du-dissident-hendrik-davi-fracture-lfi-20240627\" data-fig-type=\"NewsFlash\" data-gtm-custom-categorie=\"navigation\" data-gtm-custom-action=\"crossclick\" data-gtm-custom-label=\"Contextuel\" data-gtm-event=\"customEventSPE\" data-fig-domain=\"LEFIGARO\" target=\"_blank\" rel=\"noopener\">Hendrik Davi<\/a>\u00a0a convi\u00e9 la presse \u00e0 une visite inopin\u00e9e pour faire la lumi\u00e8re sur ces faits, quelques semaines apr\u00e8s avoir rencontr\u00e9 la m\u00e8re de Robin Cotta qui se bat pour conna\u00eetre la v\u00e9rit\u00e9 sur la mort de son fils.<\/p>\n<p class=\"fig-paragraph\">\u00c0 l\u2019entr\u00e9e du b\u00e2timent\u2026<\/p>\n<p class=\"fig-premium-paywall__infos\">\n        Cet article est r\u00e9serv\u00e9 aux abonn\u00e9s.        Il vous reste 82% \u00e0 d\u00e9couvrir.\n    <\/p>\n<p>                <img  data- alt=\"Le Figaro\" class=\"fig-img--complete fig-img\"\/><\/p>\n<p class=\"fig-premium-paywall__title\">Vous avez envie de lire la suite ?<\/p>\n<p class=\"fig-premium-paywall__subtitle\">D\u00e9bloquez tous les articles imm\u00e9diatement.<\/p>\n<p class=\"fig-premium-paywall__connect\">\n                D\u00e9j\u00e0 abonn\u00e9\u00a0?                <a class=\"fig-premium-paywall__connect-link\" href=\"https:\/\/connect.lefigaro.fr\/login?client=horizon_web&amp;type=main&amp;redirect_uri=https%3A%2F%2Fwww.lefigaro.fr%2Fmarseille%2Fla-violence-ici-est-permanente-plongee-au-coeur-de-la-prison-surpeuplee-des-baumettes-a-marseille-20250922\" data-js-gtm=\"{&quot;customCategorie&quot;: &quot;conversion&quot;, &quot;customAction&quot;: &quot;before_Landing_Connexion_paywall_auto&quot;, &quot;customLabel&quot;: &quot;bGVmaWdhcm8uZnJfXzFmMDk1MzE0LTExZDktNmFiYy04Mzg5LTAxNDA2YmI3ZjViOV9fTmV3c0ZsYXNo_\u00abLa violence ici est permanente\u00bb\u00a0: plong\u00e9e au c\u0153ur de la prison surpeupl\u00e9e des Baumettes \u00e0 Marseille_17&quot;, &quot;customIDSPE&quot;: &quot;bGVmaWdhcm8uZnJfXzFmMDk1MzE0LTExZDktNmFiYy04Mzg5LTAxNDA2YmI3ZjViOV9fTmV3c0ZsYXNo&quot;, &quot;event&quot;: &quot;customEventSPE&quot;}\" target=\"_blank\" rel=\"noopener\"><br \/>\n                    Connectez-vous<br \/>\n                <\/a>\n            <\/p>\n","protected":false},"excerpt":{"rendered":"REPORTAGE &#8211; Pr\u00e8s d\u2019un an apr\u00e8s le meurtre de Robin Cotta, ce d\u00e9tenu en d\u00e9tention provisoire tu\u00e9 par&hellip;\n","protected":false},"author":2,"featured_media":408721,"comment_status":"","ping_status":"","sticky":false,"template":"","format":"standard","meta":{"footnotes":""},"categories":[2814],"tags":[1111,11,1777,674,1011,27,884,777,12,806,882,25,809],"class_list":{"0":"post-408720","1":"post","2":"type-post","3":"status-publish","4":"format-standard","5":"has-post-thumbnail","7":"category-marseille","8":"tag-actu","9":"tag-actualites","10":"tag-eu","11":"tag-europe","12":"tag-fr","13":"tag-france","14":"tag-marseille","15":"tag-meurtre","16":"tag-news","17":"tag-prison","18":"tag-provence-alpes-cote-dazur","19":"tag-republique-francaise","20":"tag-violence"},"share_on_mastodon":{"url":"https:\/\/pubeurope.com\/@fr\/115246226738514706","error":""},"_links":{"self":[{"href":"https:\/\/www.europesays.com\/fr\/wp-json\/wp\/v2\/posts\/408720","targetHints":{"allow":["GET"]}}],"collection":[{"href":"https:\/\/www.europesays.com\/fr\/wp-json\/wp\/v2\/posts"}],"about":[{"href":"https:\/\/www.europesays.com\/fr\/wp-json\/wp\/v2\/types\/post"}],"author":[{"embeddable":true,"href":"https:\/\/www.europesays.com\/fr\/wp-json\/wp\/v2\/users\/2"}],"replies":[{"embeddable":true,"href":"https:\/\/www.europesays.com\/fr\/wp-json\/wp\/v2\/comments?post=408720"}],"version-history":[{"count":0,"href":"https:\/\/www.europesays.com\/fr\/wp-json\/wp\/v2\/posts\/408720\/revisions"}],"wp:featuredmedia":[{"embeddable":true,"href":"https:\/\/www.europesays.com\/fr\/wp-json\/wp\/v2\/media\/408721"}],"wp:attachment":[{"href":"https:\/\/www.europesays.com\/fr\/wp-json\/wp\/v2\/media?parent=408720"}],"wp:term":[{"taxonomy":"category","embeddable":true,"href":"https:\/\/www.europesays.com\/fr\/wp-json\/wp\/v2\/categories?post=408720"},{"taxonomy":"post_tag","embeddable":true,"href":"https:\/\/www.europesays.com\/fr\/wp-json\/wp\/v2\/tags?post=408720"}],"curies":[{"name":"wp","href":"https:\/\/api.w.org\/{rel}","templated":true}]}}