{"id":408726,"date":"2025-09-22T05:12:13","date_gmt":"2025-09-22T05:12:13","guid":{"rendered":"https:\/\/www.europesays.com\/fr\/408726\/"},"modified":"2025-09-22T05:12:13","modified_gmt":"2025-09-22T05:12:13","slug":"lile-de-france-est-la-region-la-moins-affectee-par-le-decrochage-scolaire","status":"publish","type":"post","link":"https:\/\/www.europesays.com\/fr\/408726\/","title":{"rendered":"L&rsquo;\u00cele-de-France est la r\u00e9gion la moins affect\u00e9e par le d\u00e9crochage scolaire"},"content":{"rendered":"<p><img decoding=\"async\" class=\"\" style=\"width:100%\" src=\"https:\/\/www.europesays.com\/fr\/wp-content\/uploads\/2025\/09\/homeschooling_6816335_960_7201758291938245.jpg\" alt=\"Jeune fille qui fait ses devoirs\"\/><\/p>\n<p>Jeune fille qui fait ses devoirs<\/p>\n<p>Cr\u00e9dit : Droits r\u00e9serv\u00e9s<\/p>\n<p lang=\"fr-FR\" style=\"margin-bottom: 0cm;\">C&rsquo;est ce que l&rsquo;on constate dans une r\u00e9cente analyse de l&rsquo;institut national de la statistique (Insee). Selon les toutes derni\u00e8res donn\u00e9es (2022), 89.100 jeunes \u00e2g\u00e9s de 16 \u00e0 25 ans sont en sortie pr\u00e9coce du syst\u00e8me scolaire. Pour la r\u00e9gion, c&rsquo;est 5,5% de cette tranche d&rsquo;\u00e2ge, soit la plus petite proportion parmi tous les autres territoires. C&rsquo;est presque 2 points sous la moyenne nationale. Enfin, on remarque que deux sortants pr\u00e9coces sur trois sont des jeunes hommes, et que celles et ceux vivant avec un seul parent sont plus souvent concern\u00e9s.<\/p>\n<p lang=\"fr-FR\" style=\"margin-bottom: 0cm;\">\u00a0<\/p>\n<p lang=\"fr-FR\" style=\"margin-bottom: 0cm;\">Nicolas Chacun<\/p>\n<p>!function(f,b,e,v,n,t,s){if(f.fbq)return;n=f.fbq=function(){n.callMethod?<br \/>\nn.callMethod.apply(n,arguments):n.queue.push(arguments)};if(!f._fbq)f._fbq=n;<br \/>\nn.push=n;n.loaded=!0;n.version=&rsquo;2.0&prime;;n.queue=[];t=b.createElement(e);t.async=!0;<br \/>\nt.src=v;s=b.getElementsByTagName(e)[0];s.parentNode.insertBefore(t,s)}(window,<br \/>\ndocument,&rsquo;script&rsquo;,&rsquo;https:\/\/connect.facebook.net\/en_US\/fbevents.js&rsquo;);<br \/>\nfbq(&lsquo;init&rsquo;, &lsquo;278974969201861&rsquo;); \/\/ Insert your pixel ID here.<br \/>\nfbq(&lsquo;track&rsquo;, &lsquo;PageView&rsquo;);<\/p>\n","protected":false},"excerpt":{"rendered":"Jeune fille qui fait ses devoirs Cr\u00e9dit : Droits r\u00e9serv\u00e9s C&rsquo;est ce que l&rsquo;on constate dans une r\u00e9cente&hellip;\n","protected":false},"author":2,"featured_media":408727,"comment_status":"","ping_status":"","sticky":false,"template":"","format":"standard","meta":{"footnotes":""},"categories":[1592],"tags":[1111,11,1933,1936,1777,1939,674,1011,27,662,1934,12,1940,626,1935,25,1937,1941,1938],"class_list":{"0":"post-408726","1":"post","2":"type-post","3":"status-publish","4":"format-standard","5":"has-post-thumbnail","7":"category-ile-de-france","8":"tag-actu","9":"tag-actualites","10":"tag-actualites-locales","11":"tag-essonne","12":"tag-eu","13":"tag-eure-et-loir","14":"tag-europe","15":"tag-fr","16":"tag-france","17":"tag-ile-de-france","18":"tag-infos-locales","19":"tag-news","20":"tag-oise","21":"tag-paris","22":"tag-pres-de-chez-vous","23":"tag-republique-francaise","24":"tag-seine-et-marne","25":"tag-somme","26":"tag-yvelines"},"share_on_mastodon":{"url":"https:\/\/pubeurope.com\/@fr\/115246238510035058","error":""},"_links":{"self":[{"href":"https:\/\/www.europesays.com\/fr\/wp-json\/wp\/v2\/posts\/408726","targetHints":{"allow":["GET"]}}],"collection":[{"href":"https:\/\/www.europesays.com\/fr\/wp-json\/wp\/v2\/posts"}],"about":[{"href":"https:\/\/www.europesays.com\/fr\/wp-json\/wp\/v2\/types\/post"}],"author":[{"embeddable":true,"href":"https:\/\/www.europesays.com\/fr\/wp-json\/wp\/v2\/users\/2"}],"replies":[{"embeddable":true,"href":"https:\/\/www.europesays.com\/fr\/wp-json\/wp\/v2\/comments?post=408726"}],"version-history":[{"count":0,"href":"https:\/\/www.europesays.com\/fr\/wp-json\/wp\/v2\/posts\/408726\/revisions"}],"wp:featuredmedia":[{"embeddable":true,"href":"https:\/\/www.europesays.com\/fr\/wp-json\/wp\/v2\/media\/408727"}],"wp:attachment":[{"href":"https:\/\/www.europesays.com\/fr\/wp-json\/wp\/v2\/media?parent=408726"}],"wp:term":[{"taxonomy":"category","embeddable":true,"href":"https:\/\/www.europesays.com\/fr\/wp-json\/wp\/v2\/categories?post=408726"},{"taxonomy":"post_tag","embeddable":true,"href":"https:\/\/www.europesays.com\/fr\/wp-json\/wp\/v2\/tags?post=408726"}],"curies":[{"name":"wp","href":"https:\/\/api.w.org\/{rel}","templated":true}]}}