{"id":408738,"date":"2025-09-22T05:20:14","date_gmt":"2025-09-22T05:20:14","guid":{"rendered":"https:\/\/www.europesays.com\/fr\/408738\/"},"modified":"2025-09-22T05:20:14","modified_gmt":"2025-09-22T05:20:14","slug":"en-direct-incursion-davions-russes-en-estonie-reunion-durgence-lundi-du-conseil-de-securite-de-lonu","status":"publish","type":"post","link":"https:\/\/www.europesays.com\/fr\/408738\/","title":{"rendered":"EN DIRECT &#8211; Incursion d&rsquo;avions russes en Estonie : r\u00e9union d&rsquo;urgence lundi du Conseil de s\u00e9curit\u00e9 de l&rsquo;ONU"},"content":{"rendered":"<ul class=\"jsx-862013697 ArticleChapo__List\">\n<li class=\"jsx-862013697 ArticleChapo__List_Item flex\">Une r\u00e9union extraordinaire du Conseil de s\u00e9curit\u00e9 de l&rsquo;ONU se tiendra lundi \u00e0 la demande de l&rsquo;Estonie.<\/li>\n<li class=\"jsx-862013697 ArticleChapo__List_Item flex\">Ce rendez-vous fait suite \u00e0 l&rsquo;incursion vendredi de trois avions de chasse russes dans le ciel estonien.<\/li>\n<li class=\"jsx-862013697 ArticleChapo__List_Item flex\">Suivez les derni\u00e8res informations.<\/li>\n<\/ul>\n<p><a href=\"https:\/\/www.tf1info.fr\/actualite\/guerre-ukraine-russie-une-rencontre-donald-trump-vladimir-poutine-historique-le-vendredi-15-aout-2025-en-alaska-sans-volodymyr-zelensky-14326\/\" rel=\"noopener\" class=\"jsx-484472199 Link jsx-1428418400 jsx-554215408\" target=\"_blank\"><\/p>\n<p style=\"font-weight:400\" class=\"jsx-1837267516\">Suivez la couverture compl\u00e8te<\/p>\n<p style=\"font-weight:800\" class=\"jsx-1837267516\">Ukraine-Russie : des n\u00e9gociations dans l\u2019impasse<\/p>\n<p><\/a>Minute par minuteDES MORTS \u00c0 ZAPORIJIA06:02<\/p>\n<p>Au moins deux personnes ont \u00e9t\u00e9 tu\u00e9es dans un bombardement a\u00e9rien russe sur la ville de Zaporijia, dans le sud de l&rsquo;Ukraine, ont annonc\u00e9 ce lundi les autorit\u00e9s. Ce bombardement a \u00e9galement fait deux bless\u00e9s, dont un se trouve dans un \u00e9tat grave, a \u00e9crit sur Telegram le chef de l&rsquo;administration r\u00e9gionale de Zaporijjia, Ivan Fedorov.<\/p>\n<p>D&rsquo;autres attaques russes dans la nuit de dimanche \u00e0 lundi ont fait un bless\u00e9 \u00e0 Kiev, et un autre \u00e0 Soumy, selon des responsables locaux.<\/p>\n<p>LA CRIM\u00c9E BOMBARD\u00c9E, DES MORTS05:52<\/p>\n<p>Trois personnes ont \u00e9t\u00e9 tu\u00e9es et 16 bless\u00e9es dimanche en Crim\u00e9e, p\u00e9ninsule du sud de l&rsquo;Ukraine annex\u00e9e par Moscou, lors d&rsquo;une attaque de drones ukrainienne dimanche soir, a indiqu\u00e9 le dirigeant local. \u00ab\u00a0Selon les donn\u00e9es actualis\u00e9es, trois personnes ont \u00e9t\u00e9 tu\u00e9es et seize bless\u00e9es \u00e0 la suite d&rsquo;une attaque de drones dans la r\u00e9gion de la ville de Foros\u00a0\u00bb, a \u00e9crit sur Telegram Sergue\u00ef Axionov, pr\u00e9cisant que le sanatorium et une \u00e9cole de cette station baln\u00e9aire ont \u00e9t\u00e9 endommag\u00e9s lors de l&rsquo;attaque.<\/p>\n<p>De son c\u00f4t\u00e9, le minist\u00e8re russe de la D\u00e9fense avait plus t\u00f4t fait \u00e9tat de deux morts et 15 bless\u00e9s dans ce qu&rsquo;il a qualifi\u00e9 \u00ab\u00a0d&rsquo;attaque terroriste d\u00e9lib\u00e9r\u00e9e contre des cibles civiles\u00a0\u00bb.<\/p>\n<p>R\u00c9UNION D&rsquo;URGENCE \u00c0 L&rsquo;ONU05:52<\/p>\n<p>Le Conseil de s\u00e9curit\u00e9 de l&rsquo;ONU se r\u00e9unit ce lundi \u00e0 l&rsquo;appel de l&rsquo;Estonie, apr\u00e8s l&rsquo;incursion d&rsquo;avions russes dans l&rsquo;espace a\u00e9rien de ce pays. Vendredi, trois avions de combat russes sont entr\u00e9s dans l&rsquo;espace a\u00e9rien estonien et y sont rest\u00e9s pendant 12 minutes, d\u00e9clenchant des protestations de l&rsquo;Otan et de l&rsquo;Union europ\u00e9enne contre une nouvelle \u00ab\u00a0provocation\u00a0\u00bb russe tandis que Moscou a d\u00e9menti toute violation.<\/p>\n<p>Le Conseil de s\u00e9curit\u00e9 se r\u00e9unira donc en urgence ce lundi \u00ab\u00a0en r\u00e9ponse \u00e0 la violation flagrante de l&rsquo;espace a\u00e9rien estonien par la Russie\u00a0\u00bb, a annonc\u00e9 le minist\u00e8re estonien des Affaires \u00e9trang\u00e8res dans un communiqu\u00e9. Cette incursion intervient apr\u00e8s que la Pologne, \u00e9galement membre de l&rsquo;Otan, a signal\u00e9 d\u00e9but septembre que des drones russes avaient viol\u00e9 \u00e0 plusieurs reprises son espace a\u00e9rien lors d&rsquo;une attaque contre l&rsquo;Ukraine. Varsovie a condamn\u00e9 une \u00ab\u00a0agression\u00a0\u00bb.<\/p>\n<p data-module=\"article-paragraph\" class=\"jsx-3046738180 Paragraph\">Le minist\u00e8re estonien des Affaires \u00e9trang\u00e8res a annonc\u00e9 dimanche qu&rsquo;une r\u00e9union extraordinaire du Conseil de s\u00e9curit\u00e9 de l&rsquo;ONU se tiendrait \u00e0 sa demande lundi, suite \u00e0 l&rsquo;<a href=\"https:\/\/www.tf1info.fr\/international\/avions-mig-31-russes-dans-le-ciel-estonien-ce-que-l-on-sait-de-cette-incursion-denoncee-par-l-otan-mais-dementie-par-moscou-2395756.html\" target=\"_blank\" rel=\"noopener\">incursion de trois avions russes dans son espace a\u00e9rien<\/a>. Trois avions de chasse MiG-31 de la F\u00e9d\u00e9ration de Russie sont entr\u00e9s dans l&rsquo;espace a\u00e9rien estonien au-dessus du golfe de Finlande et y sont rest\u00e9s pendant environ 12 minutes, ont alert\u00e9 vendredi l&rsquo;Estonie et l&rsquo;Otan.<\/p>\n<p data-module=\"article-paragraph\" class=\"jsx-3046738180 Paragraph Paragraph__End\">L&rsquo;Italie, qui assume au sein de l&rsquo;Otan une mission de police du ciel balte, mais aussi la Su\u00e8de et la Finlande ont fait d\u00e9coller des appareils pour intercepter les trois intrus. \u00ab\u00a0Le 22 septembre (&#8230;), le Conseil de s\u00e9curit\u00e9 des Nations Unies tiendra une r\u00e9union d&rsquo;urgence en r\u00e9ponse \u00e0 la violation flagrante de l&rsquo;espace a\u00e9rien estonien par la Russie vendredi dernier\u00a0\u00bb, selon un communiqu\u00e9 de la diplomatie estonienne publi\u00e9 dimanche.<\/p>\n<p data-module=\"article-paragraph\" class=\"jsx-3046738180 Paragraph\">Il s&rsquo;agit de la premi\u00e8re fois en 34 ans d&rsquo;adh\u00e9sion de l&rsquo;Estonie \u00e0 l&rsquo;ONU que ce pays membre de l&rsquo;UE et de l&rsquo;Otan, et ferme soutien de l&rsquo;Ukraine, demande officiellement une r\u00e9union d&rsquo;urgence du Conseil de s\u00e9curit\u00e9. \u00ab\u00a0Cela montre l&rsquo;ampleur sans pr\u00e9c\u00e9dent des menaces pos\u00e9es par l&rsquo;agressive Russie \u00e0 la stabilit\u00e9 de l&rsquo;Europe\u00a0\u00bb, a comment\u00e9 sur X le ministre ukrainien des Affaires \u00e9trang\u00e8res, Andri\u00ef Sybiga. M. Sybiga a indiqu\u00e9 \u00e0 l&rsquo;occasion que son pays avait demand\u00e9 \u00e0 la Cor\u00e9e du Sud de repr\u00e9senter son \u00ab\u00a0point de vue\u00a0\u00bb lors du Conseil de s\u00e9curit\u00e9.<\/p>\n<p data-module=\"article-paragraph\" class=\"jsx-3046738180 Paragraph Paragraph__End\">Le Premier ministre estonien avait annonc\u00e9 vendredi que son pays allait demander \u00e0 l&rsquo;Otan d&rsquo;activer <a href=\"https:\/\/www.tf1info.fr\/international\/incursion-de-drones-russes-en-pologne-c-est-quoi-l-article-4-que-varsovie-demande-a-l-otan-d-activer-2393758.html\" target=\"_blank\" rel=\"noopener\">l&rsquo;Article 4 du trait\u00e9 Atlantique<\/a> qui pr\u00e9voit des consultations entre alli\u00e9s en cas de menace sur l&rsquo;un de ses membres.<\/p>\n<p><a href=\"https:\/\/www.tf1info.fr\/international\/video-lci-incursions-russes-quand-la-turquie-choisissait-d-abattre-un-avion-violant-son-espace-aerien-2395809.html\" rel=\"noopener\" class=\"jsx-3308031228 Link flex\" target=\"_blank\"><img decoding=\"async\" src=\"https:\/\/www.europesays.com\/fr\/wp-content\/uploads\/2025\/09\/avion-de-chasse-russe-sukhoi-su-24-6ca731-1@1x.jpeg\" alt=\"Un bombardier russe, mod\u00e8le Soukho\u00ef SU-24, en 2016.\" loading=\"lazy\" importance=\"low\" fetchpriority=\"low\" class=\"\" aria-hidden=\"true\"\/><\/p>\n<p class=\"jsx-3657663356 ReadMoreArticle__Title\">Lire aussi<\/p>\n<p class=\"jsx-3657663356\">Incursions russes : quand la Turquie choisissait d&rsquo;abattre un avion violant son espace a\u00e9rien<\/p>\n<p><\/a><\/p>\n<p data-module=\"article-paragraph\" class=\"jsx-3046738180 Paragraph\">Selon le chef de la diplomatie estonienne, Margus Tsahkna, cette violation \u00ab\u00a0fait partie d&rsquo;un sch\u00e9ma comportemental plus large de la Russie, visant \u00e0 tester la d\u00e9termination de l&rsquo;Europe et de l&rsquo;Otan\u00a0\u00bb.\u00a0<\/p>\n<p data-module=\"article-paragraph\" class=\"jsx-3046738180 Paragraph Paragraph__End\">Il y a dix jours, une vingtaine de drones russes ont p\u00e9n\u00e9tr\u00e9 dans l&rsquo;espace a\u00e9rien polonais, et peu apr\u00e8s un drone de combat russe est rest\u00e9 dans l&rsquo;espace a\u00e9rien roumain pendant une heure.<\/p>\n<p>La r\u00e9daction de TF1info<\/p>\n","protected":false},"excerpt":{"rendered":"Une r\u00e9union extraordinaire du Conseil de s\u00e9curit\u00e9 de l&rsquo;ONU se tiendra lundi \u00e0 la demande de l&rsquo;Estonie. Ce&hellip;\n","protected":false},"author":2,"featured_media":408739,"comment_status":"","ping_status":"","sticky":false,"template":"","format":"standard","meta":{"footnotes":""},"categories":[1590],"tags":[1111,11,1921,75,1909,54031,1777,674,1922,1916,12,136,2437,132,220,1917,50704,133,1920,134],"class_list":{"0":"post-408738","1":"post","2":"type-post","3":"status-publish","4":"format-standard","5":"has-post-thumbnail","7":"category-ukraine","8":"tag-actu","9":"tag-actualites","10":"tag-article-video","11":"tag-donald-trump","12":"tag-estonie","13":"tag-estonie-les-provocations-russes-se-multiplient","14":"tag-eu","15":"tag-europe","16":"tag-info","17":"tag-moscou","18":"tag-news","19":"tag-otan","20":"tag-pologne","21":"tag-russie","22":"tag-ukraine","23":"tag-ukraine-4-annee-de-guerre","24":"tag-ukraine-russie-des-negociations-dans-limpasse","25":"tag-video","26":"tag-video-international","27":"tag-volodymyr-zelensky"},"share_on_mastodon":{"url":"https:\/\/pubeurope.com\/@fr\/115246270152088576","error":""},"_links":{"self":[{"href":"https:\/\/www.europesays.com\/fr\/wp-json\/wp\/v2\/posts\/408738","targetHints":{"allow":["GET"]}}],"collection":[{"href":"https:\/\/www.europesays.com\/fr\/wp-json\/wp\/v2\/posts"}],"about":[{"href":"https:\/\/www.europesays.com\/fr\/wp-json\/wp\/v2\/types\/post"}],"author":[{"embeddable":true,"href":"https:\/\/www.europesays.com\/fr\/wp-json\/wp\/v2\/users\/2"}],"replies":[{"embeddable":true,"href":"https:\/\/www.europesays.com\/fr\/wp-json\/wp\/v2\/comments?post=408738"}],"version-history":[{"count":0,"href":"https:\/\/www.europesays.com\/fr\/wp-json\/wp\/v2\/posts\/408738\/revisions"}],"wp:featuredmedia":[{"embeddable":true,"href":"https:\/\/www.europesays.com\/fr\/wp-json\/wp\/v2\/media\/408739"}],"wp:attachment":[{"href":"https:\/\/www.europesays.com\/fr\/wp-json\/wp\/v2\/media?parent=408738"}],"wp:term":[{"taxonomy":"category","embeddable":true,"href":"https:\/\/www.europesays.com\/fr\/wp-json\/wp\/v2\/categories?post=408738"},{"taxonomy":"post_tag","embeddable":true,"href":"https:\/\/www.europesays.com\/fr\/wp-json\/wp\/v2\/tags?post=408738"}],"curies":[{"name":"wp","href":"https:\/\/api.w.org\/{rel}","templated":true}]}}